{"id":90602,"date":"2026-09-04T11:35:58","date_gmt":"2026-09-04T15:35:58","guid":{"rendered":"https:\/\/lafase.cl\/?p=90602"},"modified":"2026-09-04T11:40:33","modified_gmt":"2026-09-04T15:40:33","slug":"camina-al-colegio-cada-paso-nos-acerca","status":"publish","type":"post","link":"https:\/\/lafase.cl\/fr\/dernieres-nouvelles-fr\/camina-al-colegio-cada-paso-nos-acerca\/","title":{"rendered":"\u00ab\u00a0Camina al Colegio\u00a0\u00bb : chaque pas nous rapproche"},"content":{"rendered":"\n<p>Le projet \u00abCamina al colegio\u00bb a \u00e9t\u00e9 lanc\u00e9 lundi 17 ao\u00fbt, pour les \u00e9l\u00e8ves de l\u2019\u00e9cole \u00e9l\u00e9mentaire de Vitacura, une initiative men\u00e9e conjointement par la direction de l\u2019\u00e9tablissement, l\u2019Association des parents d\u2019\u00e9l\u00e8ves (CPA) et la Municipalit\u00e9 de Vitacura. Son objectif est de promouvoir la mobilit\u00e9 active de nos \u00e9l\u00e8ves gr\u00e2ce \u00e0 des trajets \u00e0 pied encadr\u00e9s et conviviaux.<\/p>\n\n\n\n<p>Depuis deux points de rendez-vous, les \u00e9l\u00e8ves de CP, CE1 et CE2 ont commenc\u00e9 leur journ\u00e9e en marchant ensemble jusqu\u2019\u00e0 l\u2019\u00e9cole, accompagn\u00e9s de moniteurs et de parents volontaires.<\/p>\n\n\n\n<p>Plus qu\u2019une simple marche, cette initiative vise \u00e0 d\u00e9velopper l\u2019autonomie des \u00e9l\u00e8ves, \u00e0 favoriser la vie en communaut\u00e9 et \u00e0 promouvoir de saines habitudes de vie, tout en contribuant \u00e0 r\u00e9duire la circulation, le bruit et les \u00e9missions aux abords de l\u2019\u00e9cole.<\/p>\n\n\n\n<figure class=\"wp-block-gallery has-nested-images columns-default is-cropped wp-block-gallery-1 is-layout-flex\">\n<figure class=\"wp-block-image size-large\"><img decoding=\"async\" loading=\"lazy\" width=\"768\" height=\"1024\" data-id=\"90615\"  src=\"https:\/\/lafase.cl\/wp-content\/uploads\/2026\/09\/IMG_20260818_081409-768x1024.jpg\" alt=\"\" class=\"wp-image-90615\" srcset=\"https:\/\/lafase.cl\/wp-content\/uploads\/2026\/09\/IMG_20260818_081409-768x1024.jpg 768w, https:\/\/lafase.cl\/wp-content\/uploads\/2026\/09\/IMG_20260818_081409-225x300.jpg 225w, https:\/\/lafase.cl\/wp-content\/uploads\/2026\/09\/IMG_20260818_081409-1152x1536.jpg 1152w, https:\/\/lafase.cl\/wp-content\/uploads\/2026\/09\/IMG_20260818_081409-1536x2048.jpg 1536w, https:\/\/lafase.cl\/wp-content\/uploads\/2026\/09\/IMG_20260818_081409-113x150.jpg 113w, https:\/\/lafase.cl\/wp-content\/uploads\/2026\/09\/IMG_20260818_081409-scaled.jpg 1920w\" sizes=\"(max-width: 768px) 100vw, 768px\" \/><\/figure>\n\n\n\n<figure class=\"wp-block-image size-large\"><img decoding=\"async\" loading=\"lazy\" width=\"768\" height=\"1024\" data-id=\"90627\"  src=\"https:\/\/lafase.cl\/wp-content\/uploads\/2026\/09\/Captura-de-pantalla-2026-09-04-a-las-11.27.25-768x1024.png\" alt=\"\" class=\"wp-image-90627\" srcset=\"https:\/\/lafase.cl\/wp-content\/uploads\/2026\/09\/Captura-de-pantalla-2026-09-04-a-las-11.27.25-768x1024.png 768w, https:\/\/lafase.cl\/wp-content\/uploads\/2026\/09\/Captura-de-pantalla-2026-09-04-a-las-11.27.25-225x300.png 225w, https:\/\/lafase.cl\/wp-content\/uploads\/2026\/09\/Captura-de-pantalla-2026-09-04-a-las-11.27.25-1152x1536.png 1152w, https:\/\/lafase.cl\/wp-content\/uploads\/2026\/09\/Captura-de-pantalla-2026-09-04-a-las-11.27.25-1536x2048.png 1536w, https:\/\/lafase.cl\/wp-content\/uploads\/2026\/09\/Captura-de-pantalla-2026-09-04-a-las-11.27.25-113x150.png 113w, https:\/\/lafase.cl\/wp-content\/uploads\/2026\/09\/Captura-de-pantalla-2026-09-04-a-las-11.27.25.png 1838w\" sizes=\"(max-width: 768px) 100vw, 768px\" \/><\/figure>\n\n\n\n<figure class=\"wp-block-image size-large\"><img decoding=\"async\" loading=\"lazy\" width=\"761\" height=\"1024\" data-id=\"90625\"  src=\"https:\/\/lafase.cl\/wp-content\/uploads\/2026\/09\/Captura-de-pantalla-2026-09-04-a-las-11.25.31-761x1024.png\" alt=\"\" class=\"wp-image-90625\" srcset=\"https:\/\/lafase.cl\/wp-content\/uploads\/2026\/09\/Captura-de-pantalla-2026-09-04-a-las-11.25.31-761x1024.png 761w, https:\/\/lafase.cl\/wp-content\/uploads\/2026\/09\/Captura-de-pantalla-2026-09-04-a-las-11.25.31-223x300.png 223w, https:\/\/lafase.cl\/wp-content\/uploads\/2026\/09\/Captura-de-pantalla-2026-09-04-a-las-11.25.31-768x1034.png 768w, https:\/\/lafase.cl\/wp-content\/uploads\/2026\/09\/Captura-de-pantalla-2026-09-04-a-las-11.25.31-1141x1536.png 1141w, https:\/\/lafase.cl\/wp-content\/uploads\/2026\/09\/Captura-de-pantalla-2026-09-04-a-las-11.25.31-1522x2048.png 1522w, https:\/\/lafase.cl\/wp-content\/uploads\/2026\/09\/Captura-de-pantalla-2026-09-04-a-las-11.25.31-111x150.png 111w, https:\/\/lafase.cl\/wp-content\/uploads\/2026\/09\/Captura-de-pantalla-2026-09-04-a-las-11.25.31.png 1822w\" sizes=\"(max-width: 761px) 100vw, 761px\" \/><\/figure>\n\n\n\n<figure class=\"wp-block-image size-large\"><img decoding=\"async\" loading=\"lazy\" width=\"768\" height=\"1024\" data-id=\"90623\"  src=\"https:\/\/lafase.cl\/wp-content\/uploads\/2026\/09\/Captura-de-pantalla-2026-09-04-a-las-11.25.16-768x1024.png\" alt=\"\" class=\"wp-image-90623\" srcset=\"https:\/\/lafase.cl\/wp-content\/uploads\/2026\/09\/Captura-de-pantalla-2026-09-04-a-las-11.25.16-768x1024.png 768w, https:\/\/lafase.cl\/wp-content\/uploads\/2026\/09\/Captura-de-pantalla-2026-09-04-a-las-11.25.16-225x300.png 225w, https:\/\/lafase.cl\/wp-content\/uploads\/2026\/09\/Captura-de-pantalla-2026-09-04-a-las-11.25.16-1152x1536.png 1152w, https:\/\/lafase.cl\/wp-content\/uploads\/2026\/09\/Captura-de-pantalla-2026-09-04-a-las-11.25.16-1536x2048.png 1536w, https:\/\/lafase.cl\/wp-content\/uploads\/2026\/09\/Captura-de-pantalla-2026-09-04-a-las-11.25.16-113x150.png 113w, https:\/\/lafase.cl\/wp-content\/uploads\/2026\/09\/Captura-de-pantalla-2026-09-04-a-las-11.25.16.png 1820w\" sizes=\"(max-width: 768px) 100vw, 768px\" \/><\/figure>\n\n\n\n<figure class=\"wp-block-image size-large\"><img decoding=\"async\" loading=\"lazy\" width=\"765\" height=\"1024\" data-id=\"90621\"  src=\"https:\/\/lafase.cl\/wp-content\/uploads\/2026\/09\/Captura-de-pantalla-2026-09-04-a-las-11.25.07-1-765x1024.png\" alt=\"\" class=\"wp-image-90621\" srcset=\"https:\/\/lafase.cl\/wp-content\/uploads\/2026\/09\/Captura-de-pantalla-2026-09-04-a-las-11.25.07-1-765x1024.png 765w, https:\/\/lafase.cl\/wp-content\/uploads\/2026\/09\/Captura-de-pantalla-2026-09-04-a-las-11.25.07-1-224x300.png 224w, https:\/\/lafase.cl\/wp-content\/uploads\/2026\/09\/Captura-de-pantalla-2026-09-04-a-las-11.25.07-1-768x1028.png 768w, https:\/\/lafase.cl\/wp-content\/uploads\/2026\/09\/Captura-de-pantalla-2026-09-04-a-las-11.25.07-1-1148x1536.png 1148w, https:\/\/lafase.cl\/wp-content\/uploads\/2026\/09\/Captura-de-pantalla-2026-09-04-a-las-11.25.07-1-1531x2048.png 1531w, https:\/\/lafase.cl\/wp-content\/uploads\/2026\/09\/Captura-de-pantalla-2026-09-04-a-las-11.25.07-1-112x150.png 112w, https:\/\/lafase.cl\/wp-content\/uploads\/2026\/09\/Captura-de-pantalla-2026-09-04-a-las-11.25.07-1.png 1828w\" sizes=\"(max-width: 765px) 100vw, 765px\" \/><\/figure>\n\n\n\n<figure class=\"wp-block-image size-large\"><img decoding=\"async\" loading=\"lazy\" width=\"768\" height=\"1024\" data-id=\"90617\"  src=\"https:\/\/lafase.cl\/wp-content\/uploads\/2026\/09\/IMG_20260818_082057-768x1024.jpg\" alt=\"\" class=\"wp-image-90617\" srcset=\"https:\/\/lafase.cl\/wp-content\/uploads\/2026\/09\/IMG_20260818_082057-768x1024.jpg 768w, https:\/\/lafase.cl\/wp-content\/uploads\/2026\/09\/IMG_20260818_082057-225x300.jpg 225w, https:\/\/lafase.cl\/wp-content\/uploads\/2026\/09\/IMG_20260818_082057-1152x1536.jpg 1152w, https:\/\/lafase.cl\/wp-content\/uploads\/2026\/09\/IMG_20260818_082057-1536x2048.jpg 1536w, https:\/\/lafase.cl\/wp-content\/uploads\/2026\/09\/IMG_20260818_082057-113x150.jpg 113w, https:\/\/lafase.cl\/wp-content\/uploads\/2026\/09\/IMG_20260818_082057-scaled.jpg 1920w\" sizes=\"(max-width: 768px) 100vw, 768px\" \/><\/figure>\n\n\n\n<figure class=\"wp-block-image size-large\"><img decoding=\"async\" loading=\"lazy\" width=\"768\" height=\"1024\" data-id=\"90613\"  src=\"https:\/\/lafase.cl\/wp-content\/uploads\/2026\/09\/IMG_20260818_081256-768x1024.jpg\" alt=\"\" class=\"wp-image-90613\" srcset=\"https:\/\/lafase.cl\/wp-content\/uploads\/2026\/09\/IMG_20260818_081256-768x1024.jpg 768w, https:\/\/lafase.cl\/wp-content\/uploads\/2026\/09\/IMG_20260818_081256-225x300.jpg 225w, https:\/\/lafase.cl\/wp-content\/uploads\/2026\/09\/IMG_20260818_081256-1152x1536.jpg 1152w, https:\/\/lafase.cl\/wp-content\/uploads\/2026\/09\/IMG_20260818_081256-1536x2048.jpg 1536w, https:\/\/lafase.cl\/wp-content\/uploads\/2026\/09\/IMG_20260818_081256-113x150.jpg 113w, https:\/\/lafase.cl\/wp-content\/uploads\/2026\/09\/IMG_20260818_081256-scaled.jpg 1920w\" sizes=\"(max-width: 768px) 100vw, 768px\" \/><\/figure>\n\n\n\n<figure class=\"wp-block-image size-large\"><img decoding=\"async\" loading=\"lazy\" width=\"768\" height=\"1024\" data-id=\"90603\"  src=\"https:\/\/lafase.cl\/wp-content\/uploads\/2026\/09\/IMG_20260818_080528-768x1024.jpg\" alt=\"\" class=\"wp-image-90603\" srcset=\"https:\/\/lafase.cl\/wp-content\/uploads\/2026\/09\/IMG_20260818_080528-768x1024.jpg 768w, https:\/\/lafase.cl\/wp-content\/uploads\/2026\/09\/IMG_20260818_080528-225x300.jpg 225w, https:\/\/lafase.cl\/wp-content\/uploads\/2026\/09\/IMG_20260818_080528-1152x1536.jpg 1152w, https:\/\/lafase.cl\/wp-content\/uploads\/2026\/09\/IMG_20260818_080528-1536x2048.jpg 1536w, https:\/\/lafase.cl\/wp-content\/uploads\/2026\/09\/IMG_20260818_080528-113x150.jpg 113w, https:\/\/lafase.cl\/wp-content\/uploads\/2026\/09\/IMG_20260818_080528-scaled.jpg 1920w\" sizes=\"(max-width: 768px) 100vw, 768px\" \/><\/figure>\n<\/figure>\n\n\n\n<p>Merci \u00e0 tous ceux qui nous ont d\u00e9j\u00e0 rejoints pour ces premiers jours ! Continuons \u00e0 marcher ensemble vers une communaut\u00e9 plus active, plus saine et plus \u00e9cologique.<\/p>\n","protected":false},"excerpt":{"rendered":"<p>Le projet \u00abCamina al colegio\u00bb a \u00e9t\u00e9 lanc\u00e9 lundi 17 ao\u00fbt, pour les \u00e9l\u00e8ves de l\u2019\u00e9cole \u00e9l\u00e9mentaire de Vitacura, une&nbsp;<a href=\"https:\/\/lafase.cl\/fr\/dernieres-nouvelles-fr\/camina-al-colegio-cada-paso-nos-acerca\/\">&hellip;<\/a><\/p>\n","protected":false},"author":3,"featured_media":90629,"comment_status":"closed","ping_status":"closed","sticky":false,"template":"","format":"standard","meta":{"om_disable_all_campaigns":false,"_monsterinsights_skip_tracking":false},"categories":[39],"tags":[],"aioseo_notices":[],"_links":{"self":[{"href":"https:\/\/lafase.cl\/fr\/wp-json\/wp\/v2\/posts\/90602"}],"collection":[{"href":"https:\/\/lafase.cl\/fr\/wp-json\/wp\/v2\/posts"}],"about":[{"href":"https:\/\/lafase.cl\/fr\/wp-json\/wp\/v2\/types\/post"}],"author":[{"embeddable":true,"href":"https:\/\/lafase.cl\/fr\/wp-json\/wp\/v2\/users\/3"}],"replies":[{"embeddable":true,"href":"https:\/\/lafase.cl\/fr\/wp-json\/wp\/v2\/comments?post=90602"}],"version-history":[{"count":2,"href":"https:\/\/lafase.cl\/fr\/wp-json\/wp\/v2\/posts\/90602\/revisions"}],"predecessor-version":[{"id":90635,"href":"https:\/\/lafase.cl\/fr\/wp-json\/wp\/v2\/posts\/90602\/revisions\/90635"}],"wp:featuredmedia":[{"embeddable":true,"href":"https:\/\/lafase.cl\/fr\/wp-json\/wp\/v2\/media\/90629"}],"wp:attachment":[{"href":"https:\/\/lafase.cl\/fr\/wp-json\/wp\/v2\/media?parent=90602"}],"wp:term":[{"taxonomy":"category","embeddable":true,"href":"https:\/\/lafase.cl\/fr\/wp-json\/wp\/v2\/categories?post=90602"},{"taxonomy":"post_tag","embeddable":true,"href":"https:\/\/lafase.cl\/fr\/wp-json\/wp\/v2\/tags?post=90602"}],"curies":[{"name":"wp","href":"https:\/\/api.w.org\/{rel}","templated":true}]}}