{"id":80999,"date":"2025-06-05T16:37:07","date_gmt":"2025-06-05T20:37:07","guid":{"rendered":"https:\/\/lafase.cl\/dernieres-nouvelles-fr\/5ta-version-de-este-emblematico-proyecto-de-la-aefe\/"},"modified":"2025-06-10T11:43:49","modified_gmt":"2025-06-10T15:43:49","slug":"5ta-version-de-este-emblematico-proyecto-de-la-aefe","status":"publish","type":"post","link":"https:\/\/lafase.cl\/fr\/dernieres-nouvelles-fr\/5ta-version-de-este-emblematico-proyecto-de-la-aefe\/","title":{"rendered":"5\u00e8me version de ce grand \u00e9v\u00e8nement de l&rsquo;AEFE"},"content":{"rendered":"<section class=\"wpb-content-wrapper\"><p>[vc_row][vc_column][vc_column_text]<\/p>\n<h3 style=\"text-align: justify;\">Le \u00ab Mai des langues \u00bb est un \u00e9v\u00e9nement cr\u00e9\u00e9 pour mettre en valeur le multilinguisme du r\u00e9seau \u00e9ducatif fran\u00e7ais \u00e0 l\u2019\u00e9tranger. Il vise \u00e9galement \u00e0 valoriser la diversit\u00e9 linguistique et culturelle pr\u00e9sente dans les lyc\u00e9es fran\u00e7ais du monde entier.<\/h3>\n<p>[\/vc_column_text][vc_column_text]Une nouvelle \u00e9dition, un nouveau th\u00e8me. En 2024, le th\u00e8me \u00e9tait le sport, mais cette ann\u00e9e, il s\u2019agit de la polyphonie des voix. Les \u00e9l\u00e8ves sont invit\u00e9s \u00e0 faire preuve de cr\u00e9ativit\u00e9 en abordant l\u2019un des sous-th\u00e8mes propos\u00e9s :<br data-start=\"525\" data-end=\"528\" \/>\u00ab Voix qui chantent \u00bb, \u00ab Voix qui s\u2019engagent \u00bb, \u00ab Voix qui racontent \u00bb, \u00ab Voix qui jouent \u00bb, \u00ab R\u00e9v\u00e9ler et mettre en lumi\u00e8re les sans-voix \u00bb.[\/vc_column_text][vc_row_inner][vc_column_inner width=\u00a0\u00bb1\/2&Prime;][vc_video link=\u00a0\u00bbhttps:\/\/vimeo.com\/1090994759?share=copy\u00a0\u00bb][\/vc_column_inner][vc_column_inner width=\u00a0\u00bb1\/2&Prime;][vc_video link=\u00a0\u00bbhttps:\/\/vimeo.com\/1090998159?share=copy\u00a0\u00bb][\/vc_column_inner][\/vc_row_inner][\/vc_column][\/vc_row][vc_row][vc_column][vc_video link=\u00a0\u00bbhttps:\/\/vimeo.com\/1091004189?share=copy\u00a0\u00bb][\/vc_column][\/vc_row][vc_row][vc_column][vc_images_carousel images=\u00a0\u00bb80984,80986,80988,80990&Prime; img_size=\u00a0\u00bblarge\u00a0\u00bb][vc_column_text]<\/p>\n<p style=\"text-align: justify;\" data-start=\"51\" data-end=\"150\">Le collage <strong data-start=\"62\" data-end=\"87\">\u00ab La voix des r\u00eaves \u00bb<\/strong> est une activit\u00e9 de cl\u00f4ture de l\u2019unit\u00e9 <strong data-start=\"127\" data-end=\"149\">\u00ab Le Surr\u00e9alisme \u00bb<\/strong>.<\/p>\n<p style=\"text-align: justify;\" data-start=\"152\" data-end=\"597\">Dans le cadre de la visite de Monsieur Laurent Doucet, les \u00e9l\u00e8ves des classes 4V1 et 4V2 ont men\u00e9 un projet de recherche sur le surr\u00e9alisme ainsi que sur les principaux artistes surr\u00e9alistes europ\u00e9ens et latino-am\u00e9ricains.<br data-start=\"374\" data-end=\"377\" \/>Ils ont \u00e9galement pr\u00e9sent\u00e9 les r\u00e9sultats de leurs recherches devant leur classe. Ensuite, comme activit\u00e9 de cl\u00f4ture, ils ont cr\u00e9\u00e9 un <em data-start=\"510\" data-end=\"526\">cadavre exquis<\/em> autour du th\u00e8me des r\u00eaves, \u00e0 partir duquel ils ont r\u00e9alis\u00e9 un collage.<\/p>\n<p>[\/vc_column_text][\/vc_column][\/vc_row]<\/p>\n<\/section>","protected":false},"excerpt":{"rendered":"<p>[vc_row][vc_column][vc_column_text] Le \u00ab Mai des langues \u00bb est un \u00e9v\u00e9nement cr\u00e9\u00e9 pour mettre en valeur le multilinguisme du r\u00e9seau \u00e9ducatif&nbsp;<a href=\"https:\/\/lafase.cl\/fr\/dernieres-nouvelles-fr\/5ta-version-de-este-emblematico-proyecto-de-la-aefe\/\">&hellip;<\/a><\/p>\n","protected":false},"author":3,"featured_media":80975,"comment_status":"closed","ping_status":"closed","sticky":false,"template":"","format":"standard","meta":{"om_disable_all_campaigns":false,"_monsterinsights_skip_tracking":false,"_monsterinsights_sitenote_active":false,"_monsterinsights_sitenote_note":"","_monsterinsights_sitenote_category":0},"categories":[39],"tags":[],"aioseo_notices":[],"_links":{"self":[{"href":"https:\/\/lafase.cl\/fr\/wp-json\/wp\/v2\/posts\/80999"}],"collection":[{"href":"https:\/\/lafase.cl\/fr\/wp-json\/wp\/v2\/posts"}],"about":[{"href":"https:\/\/lafase.cl\/fr\/wp-json\/wp\/v2\/types\/post"}],"author":[{"embeddable":true,"href":"https:\/\/lafase.cl\/fr\/wp-json\/wp\/v2\/users\/3"}],"replies":[{"embeddable":true,"href":"https:\/\/lafase.cl\/fr\/wp-json\/wp\/v2\/comments?post=80999"}],"version-history":[{"count":4,"href":"https:\/\/lafase.cl\/fr\/wp-json\/wp\/v2\/posts\/80999\/revisions"}],"predecessor-version":[{"id":81216,"href":"https:\/\/lafase.cl\/fr\/wp-json\/wp\/v2\/posts\/80999\/revisions\/81216"}],"wp:featuredmedia":[{"embeddable":true,"href":"https:\/\/lafase.cl\/fr\/wp-json\/wp\/v2\/media\/80975"}],"wp:attachment":[{"href":"https:\/\/lafase.cl\/fr\/wp-json\/wp\/v2\/media?parent=80999"}],"wp:term":[{"taxonomy":"category","embeddable":true,"href":"https:\/\/lafase.cl\/fr\/wp-json\/wp\/v2\/categories?post=80999"},{"taxonomy":"post_tag","embeddable":true,"href":"https:\/\/lafase.cl\/fr\/wp-json\/wp\/v2\/tags?post=80999"}],"curies":[{"name":"wp","href":"https:\/\/api.w.org\/{rel}","templated":true}]}}