{"id":77742,"date":"2025-03-13T15:59:15","date_gmt":"2025-03-13T18:59:15","guid":{"rendered":"https:\/\/lafase.cl\/?p=77742"},"modified":"2025-03-13T16:03:34","modified_gmt":"2025-03-13T19:03:34","slug":"nuevos-espacios-y-renovaciones-de-infraestructuras","status":"publish","type":"post","link":"https:\/\/lafase.cl\/fr\/dernieres-nouvelles-fr\/nuevos-espacios-y-renovaciones-de-infraestructuras\/","title":{"rendered":"Nouveaux espaces et r\u00e9novations pour 2025"},"content":{"rendered":"<section class=\"wpb-content-wrapper\"><p>[vc_row][vc_column][vc_column_text]<\/p>\n<p style=\"text-align: justify;\">Notre \u00e9cole se renouvelle pour vous !<\/p>\n<p>\u00c0 peine l&rsquo;ann\u00e9e scolaire 2024 termin\u00e9e, nos \u00e9quipes des services de maintenance et d&rsquo;informatique ont travaill\u00e9 sans rel\u00e2che pour am\u00e9liorer nos espaces sur nos deux sites et offrir un environnement optimal pour l\u2019apprentissage.<\/p>\n<p>En un temps record, elles ont donn\u00e9 le meilleur d&rsquo;elles-m\u00eames afin que tout soit pr\u00eat et en parfaites conditions pour le premier jour de classe.<br \/>\nR\u00e9novations des infrastructures<br \/>\nEntretien des salles et des espaces communs<br \/>\nInvestissements dans de nouvelles am\u00e9liorations et en informatique<br \/>\nTout a \u00e9t\u00e9 pens\u00e9 pour que les \u00e9l\u00e8ves, les enseignants et toute la communaut\u00e9 \u00e9ducative puissent profiter d&rsquo;une \u00e9cole toujours plus s\u00fbre et accueillante. Nous sommes pr\u00eats pour une grande ann\u00e9e !<\/p>\n<p>Nous vous invitons \u00e0 regarder cette vid\u00e9o et \u00e0 d\u00e9couvrir tout ce que nous avons r\u00e9alis\u00e9. Notre \u00e9cole continue de grandir !<\/p>\n<p>[\/vc_column_text][vc_raw_html]JTNDaWZyYW1lJTIwdGl0bGUlM0QlMjJ2aW1lby1wbGF5ZXIlMjIlMjBzcmMlM0QlMjJodHRwcyUzQSUyRiUyRnBsYXllci52aW1lby5jb20lMkZ2aWRlbyUyRjEwNjU1Nzk0OTclM0ZoJTNEOTkxZmM0ZjRmMyUyMiUyMHdpZHRoJTNEJTIyNjQwJTIyJTIwaGVpZ2h0JTNEJTIyMzYwJTIyJTIwZnJhbWVib3JkZXIlM0QlMjIwJTIyJTIwJTIwJTIwJTIwYWxsb3dmdWxsc2NyZWVuJTNFJTNDJTJGaWZyYW1lJTNFJTBB[\/vc_raw_html][\/vc_column][\/vc_row]<\/p>\n<\/section>","protected":false},"excerpt":{"rendered":"<p>[vc_row][vc_column][vc_column_text] Notre \u00e9cole se renouvelle pour vous ! \u00c0 peine l&rsquo;ann\u00e9e scolaire 2024 termin\u00e9e, nos \u00e9quipes des services de maintenance&nbsp;<a href=\"https:\/\/lafase.cl\/fr\/dernieres-nouvelles-fr\/nuevos-espacios-y-renovaciones-de-infraestructuras\/\">&hellip;<\/a><\/p>\n","protected":false},"author":3,"featured_media":77740,"comment_status":"open","ping_status":"open","sticky":false,"template":"","format":"standard","meta":{"om_disable_all_campaigns":false,"_monsterinsights_skip_tracking":false,"_monsterinsights_sitenote_active":false,"_monsterinsights_sitenote_note":"","_monsterinsights_sitenote_category":0},"categories":[39],"tags":[],"aioseo_notices":[],"_links":{"self":[{"href":"https:\/\/lafase.cl\/fr\/wp-json\/wp\/v2\/posts\/77742"}],"collection":[{"href":"https:\/\/lafase.cl\/fr\/wp-json\/wp\/v2\/posts"}],"about":[{"href":"https:\/\/lafase.cl\/fr\/wp-json\/wp\/v2\/types\/post"}],"author":[{"embeddable":true,"href":"https:\/\/lafase.cl\/fr\/wp-json\/wp\/v2\/users\/3"}],"replies":[{"embeddable":true,"href":"https:\/\/lafase.cl\/fr\/wp-json\/wp\/v2\/comments?post=77742"}],"version-history":[{"count":3,"href":"https:\/\/lafase.cl\/fr\/wp-json\/wp\/v2\/posts\/77742\/revisions"}],"predecessor-version":[{"id":77747,"href":"https:\/\/lafase.cl\/fr\/wp-json\/wp\/v2\/posts\/77742\/revisions\/77747"}],"wp:featuredmedia":[{"embeddable":true,"href":"https:\/\/lafase.cl\/fr\/wp-json\/wp\/v2\/media\/77740"}],"wp:attachment":[{"href":"https:\/\/lafase.cl\/fr\/wp-json\/wp\/v2\/media?parent=77742"}],"wp:term":[{"taxonomy":"category","embeddable":true,"href":"https:\/\/lafase.cl\/fr\/wp-json\/wp\/v2\/categories?post=77742"},{"taxonomy":"post_tag","embeddable":true,"href":"https:\/\/lafase.cl\/fr\/wp-json\/wp\/v2\/tags?post=77742"}],"curies":[{"name":"wp","href":"https:\/\/api.w.org\/{rel}","templated":true}]}}