{"id":7423,"date":"2019-05-22T11:49:33","date_gmt":"2019-05-22T15:49:33","guid":{"rendered":"http:\/\/lafase.cl\/?p=7423"},"modified":"2019-05-27T11:13:27","modified_gmt":"2019-05-27T15:13:27","slug":"urgente-campana-de-ayuda-a-sebastian","status":"publish","type":"post","link":"https:\/\/lafase.cl\/fr\/non-classifiee\/urgente-campana-de-ayuda-a-sebastian\/","title":{"rendered":"Solidaridad: todos con Sebasti\u00e1n"},"content":{"rendered":"<table class=\"m_6930519733156895339m_3920543044291549808mcnTextBlock\" border=\"0\" width=\"100%\" cellspacing=\"0\" cellpadding=\"0\">\n<tbody class=\"m_6930519733156895339m_3920543044291549808mcnTextBlockOuter\">\n<tr>\n<td class=\"m_6930519733156895339m_3920543044291549808mcnTextBlockInner\" valign=\"top\">\n<table class=\"m_6930519733156895339m_3920543044291549808mcnTextContentContainer\" border=\"0\" width=\"100%\" cellspacing=\"0\" cellpadding=\"0\" align=\"left\">\n<tbody>\n<tr>\n<td class=\"m_6930519733156895339m_3920543044291549808mcnTextContent\" valign=\"top\"><strong>Estimados miembros de la comunidad escolar LAFASE,<\/strong><\/p>\n<p>El colegio y el CPA se unen a la situaci\u00f3n de un alumno de la comunidad y a la de sus padres moviliz\u00e1ndose para ayudar de la forma m\u00e1s r\u00e1pida y eficiente.<\/p>\n<p>Sebasti\u00e1n es alumno de nuestro colegio desde el 2018, actualmente est\u00e1 en la Moyenne Section.\u00a0\u00a0Hace dos a\u00f1os le encontraron un tumor cerebral maligno que se llama ETMR. Es un tumor muy agresivo, pero hay ni\u00f1os que logran vencerlo. Por eso lo han operado 4 veces, ha recibido quimioterapia intravenosa, oral, intratecal, radiocirug\u00eda y radioterapia.\u00a0Todo eso ha logrado que este tumor no se disemine, pero no se ha erradicado\u00a0y por ello lo han operado tantas veces.<\/p>\n<div>\n<p>Afortunadamente hoy Sebasti\u00e1n est\u00e1 muy bien, y no tiene secuelas de todo esto, por lo que puede hacer una vida normal.\u00a0Hace poco m\u00e1s de un mes fue sometido a su \u00faltima cirug\u00eda y esta vez, solo necesita eliminar cualquier c\u00e9lula loca que haya quedado dando vueltas. Hay un tratamiento intratecal, una radioinmunoterapia que podr\u00eda lograr erradicar este tumor finalmente. Esta terapia solo est\u00e1\u00a0disponible en el Memorial Sloan Kettering Cancer y para poder acceder a ella la familia necesita pagar por adelantado 350.000 USD (240 millones de pesos).<\/p>\n<p>Como este tumor es tan agresivo, el tiempo es crucial, porque la radioinmunoterapia solo es efectiva para erradicar esas c\u00e9lulas locas que queden, pero no necesariamente si vuelve a tener una reca\u00edda.<\/p>\n<\/div>\n<h4 style=\"text-align: center;\"><span style=\"color: #ff0000;\"><strong>As\u00ed que necesitamos vuestra ayuda urgente. \u00bfPero c\u00f3mo?<\/strong><\/span><\/h4>\n<\/td>\n<\/tr>\n<\/tbody>\n<\/table>\n<\/td>\n<\/tr>\n<\/tbody>\n<\/table>\n<table class=\"m_6930519733156895339m_3920543044291549808mcnTextBlock\" border=\"0\" width=\"100%\" cellspacing=\"0\" cellpadding=\"0\">\n<tbody class=\"m_6930519733156895339m_3920543044291549808mcnTextBlockOuter\">\n<tr>\n<td class=\"m_6930519733156895339m_3920543044291549808mcnTextBlockInner\" valign=\"top\">\n<table class=\"m_6930519733156895339m_3920543044291549808mcnTextContentContainer\" border=\"0\" width=\"100%\" cellspacing=\"0\" cellpadding=\"0\" align=\"left\">\n<tbody>\n<tr>\n<td class=\"m_6930519733156895339m_3920543044291549808mcnTextContent\" valign=\"top\">Realizando una donaci\u00f3n v\u00eda el siguiente enlace:<\/p>\n<p><a href=\"https:\/\/lafase.us13.list-manage.com\/track\/click?u=c0ea0ee8c6ca53b58188f90f8&amp;id=b1586dc444&amp;e=08dec08461\" target=\"_blank\" rel=\"noopener\">https:\/\/www.gofundme.com\/go-seba?utm_source=facebook&amp;utm_medium=social&amp;utm_campaign=fb_co_shareflow_w<\/a><\/td>\n<\/tr>\n<\/tbody>\n<\/table>\n<table class=\"m_6930519733156895339m_3920543044291549808mcnTextContentContainer\" border=\"0\" width=\"100%\" cellspacing=\"0\" cellpadding=\"0\" align=\"left\">\n<tbody>\n<tr>\n<td class=\"m_6930519733156895339m_3920543044291549808mcnTextContent\" valign=\"top\">En forma m\u00e1s directa<em>\u00a0v\u00eda transferencia a la cuenta personal de los padres de Sebasti\u00e1n:<\/em><\/p>\n<p><strong>Victoria Mery Canales<br \/>\nBanco Santander 068954860<br \/>\nCuenta corriente<br \/>\nRUT 13834223-9<\/strong><br \/>\n<a href=\"mailto:kikimery@gmail.com\" target=\"_blank\" rel=\"noopener\">kikimery@gmail.com<\/a><\/td>\n<\/tr>\n<\/tbody>\n<\/table>\n<\/td>\n<\/tr>\n<\/tbody>\n<\/table>\n<div><\/div>\n\n\t\t<style type=\"text\/css\">\n\t\t\t#gallery-1 {\n\t\t\t\tmargin: auto;\n\t\t\t}\n\t\t\t#gallery-1 .gallery-item {\n\t\t\t\tfloat: left;\n\t\t\t\tmargin-top: 10px;\n\t\t\t\ttext-align: center;\n\t\t\t\twidth: 33%;\n\t\t\t}\n\t\t\t#gallery-1 img {\n\t\t\t\tborder: 2px solid #cfcfcf;\n\t\t\t}\n\t\t\t#gallery-1 .gallery-caption {\n\t\t\t\tmargin-left: 0;\n\t\t\t}\n\t\t\t\/* see gallery_shortcode() in wp-includes\/media.php *\/\n\t\t<\/style>\n\t\t<div id='gallery-1' class='gallery galleryid-7423 gallery-columns-3 gallery-size-large'><dl class='gallery-item'>\n\t\t\t<dt class='gallery-icon portrait'>\n\t\t\t\t<a href='https:\/\/lafase.cl\/fr\/non-classifiee\/urgente-campana-de-ayuda-a-sebastian\/attachment\/dsc_6406-2\/'><img width=\"687\" height=\"1024\" src=\"https:\/\/lafase.cl\/wp-content\/uploads\/2019\/05\/DSC_6406-687x1024.jpg\" class=\"attachment-large size-large\" alt=\"\" decoding=\"async\" loading=\"lazy\" aria-describedby=\"gallery-1-8041\" srcset=\"https:\/\/lafase.cl\/wp-content\/uploads\/2019\/05\/DSC_6406-687x1024.jpg 687w, https:\/\/lafase.cl\/wp-content\/uploads\/2019\/05\/DSC_6406-201x300.jpg 201w, https:\/\/lafase.cl\/wp-content\/uploads\/2019\/05\/DSC_6406.jpg 1944w\" sizes=\"(max-width: 687px) 100vw, 687px\" \/><\/a>\n\t\t\t<\/dt>\n\t\t\t\t<dd class='wp-caption-text gallery-caption' id='gallery-1-8041'>\n\t\t\t\t#GoSeba\n\t\t\t\t<\/dd><\/dl><dl class='gallery-item'>\n\t\t\t<dt class='gallery-icon landscape'>\n\t\t\t\t<a href='https:\/\/lafase.cl\/fr\/non-classifiee\/urgente-campana-de-ayuda-a-sebastian\/attachment\/dsc_6412-2\/'><img width=\"1024\" height=\"687\" src=\"https:\/\/lafase.cl\/wp-content\/uploads\/2019\/05\/DSC_6412-1024x687.jpg\" class=\"attachment-large size-large\" alt=\"\" decoding=\"async\" loading=\"lazy\" aria-describedby=\"gallery-1-8045\" srcset=\"https:\/\/lafase.cl\/wp-content\/uploads\/2019\/05\/DSC_6412-1024x687.jpg 1024w, https:\/\/lafase.cl\/wp-content\/uploads\/2019\/05\/DSC_6412-300x201.jpg 300w\" sizes=\"(max-width: 1024px) 100vw, 1024px\" \/><\/a>\n\t\t\t<\/dt>\n\t\t\t\t<dd class='wp-caption-text gallery-caption' id='gallery-1-8045'>\n\t\t\t\t#GoSeba\n\t\t\t\t<\/dd><\/dl><dl class='gallery-item'>\n\t\t\t<dt class='gallery-icon landscape'>\n\t\t\t\t<a href='https:\/\/lafase.cl\/fr\/non-classifiee\/urgente-campana-de-ayuda-a-sebastian\/attachment\/dsc_6426-2\/'><img width=\"1024\" height=\"687\" src=\"https:\/\/lafase.cl\/wp-content\/uploads\/2019\/05\/DSC_6426-1024x687.jpg\" class=\"attachment-large size-large\" alt=\"\" decoding=\"async\" loading=\"lazy\" aria-describedby=\"gallery-1-8047\" srcset=\"https:\/\/lafase.cl\/wp-content\/uploads\/2019\/05\/DSC_6426-1024x687.jpg 1024w, https:\/\/lafase.cl\/wp-content\/uploads\/2019\/05\/DSC_6426-300x201.jpg 300w\" sizes=\"(max-width: 1024px) 100vw, 1024px\" \/><\/a>\n\t\t\t<\/dt>\n\t\t\t\t<dd class='wp-caption-text gallery-caption' id='gallery-1-8047'>\n\t\t\t\t#GoSeba\n\t\t\t\t<\/dd><\/dl><br style=\"clear: both\" \/><dl class='gallery-item'>\n\t\t\t<dt class='gallery-icon landscape'>\n\t\t\t\t<a href='https:\/\/lafase.cl\/fr\/non-classifiee\/urgente-campana-de-ayuda-a-sebastian\/attachment\/dsc_6400-2\/'><img width=\"1024\" height=\"687\" src=\"https:\/\/lafase.cl\/wp-content\/uploads\/2019\/05\/DSC_6400-1024x687.jpg\" class=\"attachment-large size-large\" alt=\"\" decoding=\"async\" loading=\"lazy\" aria-describedby=\"gallery-1-8039\" srcset=\"https:\/\/lafase.cl\/wp-content\/uploads\/2019\/05\/DSC_6400-1024x687.jpg 1024w, https:\/\/lafase.cl\/wp-content\/uploads\/2019\/05\/DSC_6400-300x201.jpg 300w\" sizes=\"(max-width: 1024px) 100vw, 1024px\" \/><\/a>\n\t\t\t<\/dt>\n\t\t\t\t<dd class='wp-caption-text gallery-caption' id='gallery-1-8039'>\n\t\t\t\t#GoSeba\n\t\t\t\t<\/dd><\/dl><dl class='gallery-item'>\n\t\t\t<dt class='gallery-icon landscape'>\n\t\t\t\t<a href='https:\/\/lafase.cl\/fr\/non-classifiee\/urgente-campana-de-ayuda-a-sebastian\/attachment\/dsc_6394-2\/'><img width=\"1024\" height=\"687\" src=\"https:\/\/lafase.cl\/wp-content\/uploads\/2019\/05\/DSC_6394-1024x687.jpg\" class=\"attachment-large size-large\" alt=\"\" decoding=\"async\" loading=\"lazy\" aria-describedby=\"gallery-1-8037\" srcset=\"https:\/\/lafase.cl\/wp-content\/uploads\/2019\/05\/DSC_6394-1024x687.jpg 1024w, https:\/\/lafase.cl\/wp-content\/uploads\/2019\/05\/DSC_6394-300x201.jpg 300w\" sizes=\"(max-width: 1024px) 100vw, 1024px\" \/><\/a>\n\t\t\t<\/dt>\n\t\t\t\t<dd class='wp-caption-text gallery-caption' id='gallery-1-8037'>\n\t\t\t\t#GoSeba\n\t\t\t\t<\/dd><\/dl><dl class='gallery-item'>\n\t\t\t<dt class='gallery-icon portrait'>\n\t\t\t\t<a href='https:\/\/lafase.cl\/fr\/non-classifiee\/urgente-campana-de-ayuda-a-sebastian\/attachment\/dsc_6409-2\/'><img width=\"687\" height=\"1024\" src=\"https:\/\/lafase.cl\/wp-content\/uploads\/2019\/05\/DSC_6409-687x1024.jpg\" class=\"attachment-large size-large\" alt=\"\" decoding=\"async\" loading=\"lazy\" aria-describedby=\"gallery-1-8043\" srcset=\"https:\/\/lafase.cl\/wp-content\/uploads\/2019\/05\/DSC_6409-687x1024.jpg 687w, https:\/\/lafase.cl\/wp-content\/uploads\/2019\/05\/DSC_6409-201x300.jpg 201w, https:\/\/lafase.cl\/wp-content\/uploads\/2019\/05\/DSC_6409.jpg 1944w\" sizes=\"(max-width: 687px) 100vw, 687px\" \/><\/a>\n\t\t\t<\/dt>\n\t\t\t\t<dd class='wp-caption-text gallery-caption' id='gallery-1-8043'>\n\t\t\t\t#GoSeba\n\t\t\t\t<\/dd><\/dl><br style=\"clear: both\" \/><dl class='gallery-item'>\n\t\t\t<dt class='gallery-icon landscape'>\n\t\t\t\t<a href='https:\/\/lafase.cl\/fr\/non-classifiee\/urgente-campana-de-ayuda-a-sebastian\/attachment\/dsc_6445-2\/'><img width=\"1024\" height=\"687\" src=\"https:\/\/lafase.cl\/wp-content\/uploads\/2019\/05\/DSC_6445-1024x687.jpg\" class=\"attachment-large size-large\" alt=\"\" decoding=\"async\" loading=\"lazy\" aria-describedby=\"gallery-1-8049\" srcset=\"https:\/\/lafase.cl\/wp-content\/uploads\/2019\/05\/DSC_6445-1024x687.jpg 1024w, https:\/\/lafase.cl\/wp-content\/uploads\/2019\/05\/DSC_6445-300x201.jpg 300w\" sizes=\"(max-width: 1024px) 100vw, 1024px\" \/><\/a>\n\t\t\t<\/dt>\n\t\t\t\t<dd class='wp-caption-text gallery-caption' id='gallery-1-8049'>\n\t\t\t\t#GoSeba\n\t\t\t\t<\/dd><\/dl><dl class='gallery-item'>\n\t\t\t<dt class='gallery-icon landscape'>\n\t\t\t\t<a href='https:\/\/lafase.cl\/fr\/non-classifiee\/urgente-campana-de-ayuda-a-sebastian\/attachment\/dsc_6471-2\/'><img width=\"1024\" height=\"687\" src=\"https:\/\/lafase.cl\/wp-content\/uploads\/2019\/05\/DSC_6471-1024x687.jpg\" class=\"attachment-large size-large\" alt=\"\" decoding=\"async\" loading=\"lazy\" aria-describedby=\"gallery-1-8051\" srcset=\"https:\/\/lafase.cl\/wp-content\/uploads\/2019\/05\/DSC_6471-1024x687.jpg 1024w, https:\/\/lafase.cl\/wp-content\/uploads\/2019\/05\/DSC_6471-300x201.jpg 300w\" sizes=\"(max-width: 1024px) 100vw, 1024px\" \/><\/a>\n\t\t\t<\/dt>\n\t\t\t\t<dd class='wp-caption-text gallery-caption' id='gallery-1-8051'>\n\t\t\t\t#GoSeba\n\t\t\t\t<\/dd><\/dl><dl class='gallery-item'>\n\t\t\t<dt class='gallery-icon landscape'>\n\t\t\t\t<a href='https:\/\/lafase.cl\/fr\/non-classifiee\/urgente-campana-de-ayuda-a-sebastian\/attachment\/dsc_6475-2\/'><img width=\"1024\" height=\"687\" src=\"https:\/\/lafase.cl\/wp-content\/uploads\/2019\/05\/DSC_6475-1024x687.jpg\" class=\"attachment-large size-large\" alt=\"\" decoding=\"async\" loading=\"lazy\" aria-describedby=\"gallery-1-8053\" srcset=\"https:\/\/lafase.cl\/wp-content\/uploads\/2019\/05\/DSC_6475-1024x687.jpg 1024w, https:\/\/lafase.cl\/wp-content\/uploads\/2019\/05\/DSC_6475-300x201.jpg 300w\" sizes=\"(max-width: 1024px) 100vw, 1024px\" \/><\/a>\n\t\t\t<\/dt>\n\t\t\t\t<dd class='wp-caption-text gallery-caption' id='gallery-1-8053'>\n\t\t\t\t#GoSeba\n\t\t\t\t<\/dd><\/dl><br style=\"clear: both\" \/><dl class='gallery-item'>\n\t\t\t<dt class='gallery-icon landscape'>\n\t\t\t\t<a href='https:\/\/lafase.cl\/fr\/non-classifiee\/urgente-campana-de-ayuda-a-sebastian\/attachment\/dsc_6482-2\/'><img width=\"1024\" height=\"687\" src=\"https:\/\/lafase.cl\/wp-content\/uploads\/2019\/05\/DSC_6482-1024x687.jpg\" class=\"attachment-large size-large\" alt=\"\" decoding=\"async\" loading=\"lazy\" aria-describedby=\"gallery-1-8055\" srcset=\"https:\/\/lafase.cl\/wp-content\/uploads\/2019\/05\/DSC_6482-1024x687.jpg 1024w, https:\/\/lafase.cl\/wp-content\/uploads\/2019\/05\/DSC_6482-300x201.jpg 300w\" sizes=\"(max-width: 1024px) 100vw, 1024px\" \/><\/a>\n\t\t\t<\/dt>\n\t\t\t\t<dd class='wp-caption-text gallery-caption' id='gallery-1-8055'>\n\t\t\t\t#GoSeba\n\t\t\t\t<\/dd><\/dl><dl class='gallery-item'>\n\t\t\t<dt class='gallery-icon portrait'>\n\t\t\t\t<a href='https:\/\/lafase.cl\/fr\/non-classifiee\/urgente-campana-de-ayuda-a-sebastian\/attachment\/dsc_6541-2\/'><img width=\"687\" height=\"1024\" src=\"https:\/\/lafase.cl\/wp-content\/uploads\/2019\/05\/DSC_6541-687x1024.jpg\" class=\"attachment-large size-large\" alt=\"\" decoding=\"async\" loading=\"lazy\" srcset=\"https:\/\/lafase.cl\/wp-content\/uploads\/2019\/05\/DSC_6541-687x1024.jpg 687w, https:\/\/lafase.cl\/wp-content\/uploads\/2019\/05\/DSC_6541-201x300.jpg 201w, https:\/\/lafase.cl\/wp-content\/uploads\/2019\/05\/DSC_6541.jpg 1944w\" sizes=\"(max-width: 687px) 100vw, 687px\" \/><\/a>\n\t\t\t<\/dt><\/dl><dl class='gallery-item'>\n\t\t\t<dt class='gallery-icon landscape'>\n\t\t\t\t<a href='https:\/\/lafase.cl\/fr\/non-classifiee\/urgente-campana-de-ayuda-a-sebastian\/attachment\/dsc_6510-2\/'><img width=\"1024\" height=\"687\" src=\"https:\/\/lafase.cl\/wp-content\/uploads\/2019\/05\/DSC_6510-1024x687.jpg\" class=\"attachment-large size-large\" alt=\"\" decoding=\"async\" loading=\"lazy\" aria-describedby=\"gallery-1-8063\" srcset=\"https:\/\/lafase.cl\/wp-content\/uploads\/2019\/05\/DSC_6510-1024x687.jpg 1024w, https:\/\/lafase.cl\/wp-content\/uploads\/2019\/05\/DSC_6510-300x201.jpg 300w\" sizes=\"(max-width: 1024px) 100vw, 1024px\" \/><\/a>\n\t\t\t<\/dt>\n\t\t\t\t<dd class='wp-caption-text gallery-caption' id='gallery-1-8063'>\n\t\t\t\t#GoSeba\n\t\t\t\t<\/dd><\/dl><br style=\"clear: both\" \/><dl class='gallery-item'>\n\t\t\t<dt class='gallery-icon landscape'>\n\t\t\t\t<a href='https:\/\/lafase.cl\/fr\/non-classifiee\/urgente-campana-de-ayuda-a-sebastian\/attachment\/dsc_6501-2\/'><img width=\"1024\" height=\"687\" src=\"https:\/\/lafase.cl\/wp-content\/uploads\/2019\/05\/DSC_6501-1024x687.jpg\" class=\"attachment-large size-large\" alt=\"\" decoding=\"async\" loading=\"lazy\" aria-describedby=\"gallery-1-8057\" srcset=\"https:\/\/lafase.cl\/wp-content\/uploads\/2019\/05\/DSC_6501-1024x687.jpg 1024w, https:\/\/lafase.cl\/wp-content\/uploads\/2019\/05\/DSC_6501-300x201.jpg 300w\" sizes=\"(max-width: 1024px) 100vw, 1024px\" \/><\/a>\n\t\t\t<\/dt>\n\t\t\t\t<dd class='wp-caption-text gallery-caption' id='gallery-1-8057'>\n\t\t\t\t#GoSeba\n\t\t\t\t<\/dd><\/dl><dl class='gallery-item'>\n\t\t\t<dt class='gallery-icon portrait'>\n\t\t\t\t<a href='https:\/\/lafase.cl\/fr\/non-classifiee\/urgente-campana-de-ayuda-a-sebastian\/attachment\/dsc_6504-2\/'><img width=\"687\" height=\"1024\" src=\"https:\/\/lafase.cl\/wp-content\/uploads\/2019\/05\/DSC_6504-687x1024.jpg\" class=\"attachment-large size-large\" alt=\"\" decoding=\"async\" loading=\"lazy\" aria-describedby=\"gallery-1-8059\" srcset=\"https:\/\/lafase.cl\/wp-content\/uploads\/2019\/05\/DSC_6504-687x1024.jpg 687w, https:\/\/lafase.cl\/wp-content\/uploads\/2019\/05\/DSC_6504-201x300.jpg 201w, https:\/\/lafase.cl\/wp-content\/uploads\/2019\/05\/DSC_6504.jpg 1944w\" sizes=\"(max-width: 687px) 100vw, 687px\" \/><\/a>\n\t\t\t<\/dt>\n\t\t\t\t<dd class='wp-caption-text gallery-caption' id='gallery-1-8059'>\n\t\t\t\t#GoSeba\n\t\t\t\t<\/dd><\/dl><dl class='gallery-item'>\n\t\t\t<dt class='gallery-icon portrait'>\n\t\t\t\t<a href='https:\/\/lafase.cl\/fr\/non-classifiee\/urgente-campana-de-ayuda-a-sebastian\/attachment\/dsc_6506-2\/'><img width=\"687\" height=\"1024\" src=\"https:\/\/lafase.cl\/wp-content\/uploads\/2019\/05\/DSC_6506-687x1024.jpg\" class=\"attachment-large size-large\" alt=\"\" decoding=\"async\" loading=\"lazy\" aria-describedby=\"gallery-1-8061\" srcset=\"https:\/\/lafase.cl\/wp-content\/uploads\/2019\/05\/DSC_6506-687x1024.jpg 687w, https:\/\/lafase.cl\/wp-content\/uploads\/2019\/05\/DSC_6506-201x300.jpg 201w, https:\/\/lafase.cl\/wp-content\/uploads\/2019\/05\/DSC_6506.jpg 1944w\" sizes=\"(max-width: 687px) 100vw, 687px\" \/><\/a>\n\t\t\t<\/dt>\n\t\t\t\t<dd class='wp-caption-text gallery-caption' id='gallery-1-8061'>\n\t\t\t\t#GoSeba\n\t\t\t\t<\/dd><\/dl><br style=\"clear: both\" \/><dl class='gallery-item'>\n\t\t\t<dt class='gallery-icon landscape'>\n\t\t\t\t<a href='https:\/\/lafase.cl\/fr\/non-classifiee\/urgente-campana-de-ayuda-a-sebastian\/attachment\/dsc_6513-2\/'><img width=\"1024\" height=\"687\" src=\"https:\/\/lafase.cl\/wp-content\/uploads\/2019\/05\/DSC_6513-1024x687.jpg\" class=\"attachment-large size-large\" alt=\"\" decoding=\"async\" loading=\"lazy\" aria-describedby=\"gallery-1-8065\" srcset=\"https:\/\/lafase.cl\/wp-content\/uploads\/2019\/05\/DSC_6513-1024x687.jpg 1024w, https:\/\/lafase.cl\/wp-content\/uploads\/2019\/05\/DSC_6513-300x201.jpg 300w\" sizes=\"(max-width: 1024px) 100vw, 1024px\" \/><\/a>\n\t\t\t<\/dt>\n\t\t\t\t<dd class='wp-caption-text gallery-caption' id='gallery-1-8065'>\n\t\t\t\t#GoSeba\n\t\t\t\t<\/dd><\/dl><dl class='gallery-item'>\n\t\t\t<dt class='gallery-icon landscape'>\n\t\t\t\t<a href='https:\/\/lafase.cl\/fr\/non-classifiee\/urgente-campana-de-ayuda-a-sebastian\/attachment\/dsc_6515-2\/'><img width=\"1024\" height=\"687\" src=\"https:\/\/lafase.cl\/wp-content\/uploads\/2019\/05\/DSC_6515-1024x687.jpg\" class=\"attachment-large size-large\" alt=\"\" decoding=\"async\" loading=\"lazy\" aria-describedby=\"gallery-1-8067\" srcset=\"https:\/\/lafase.cl\/wp-content\/uploads\/2019\/05\/DSC_6515-1024x687.jpg 1024w, https:\/\/lafase.cl\/wp-content\/uploads\/2019\/05\/DSC_6515-300x201.jpg 300w\" sizes=\"(max-width: 1024px) 100vw, 1024px\" \/><\/a>\n\t\t\t<\/dt>\n\t\t\t\t<dd class='wp-caption-text gallery-caption' id='gallery-1-8067'>\n\t\t\t\t#GoSeba\n\t\t\t\t<\/dd><\/dl><dl class='gallery-item'>\n\t\t\t<dt class='gallery-icon landscape'>\n\t\t\t\t<a href='https:\/\/lafase.cl\/fr\/non-classifiee\/urgente-campana-de-ayuda-a-sebastian\/attachment\/dsc_6522-2\/'><img width=\"1024\" height=\"687\" src=\"https:\/\/lafase.cl\/wp-content\/uploads\/2019\/05\/DSC_6522-1024x687.jpg\" class=\"attachment-large size-large\" alt=\"\" decoding=\"async\" loading=\"lazy\" aria-describedby=\"gallery-1-8069\" srcset=\"https:\/\/lafase.cl\/wp-content\/uploads\/2019\/05\/DSC_6522-1024x687.jpg 1024w, https:\/\/lafase.cl\/wp-content\/uploads\/2019\/05\/DSC_6522-300x201.jpg 300w\" sizes=\"(max-width: 1024px) 100vw, 1024px\" \/><\/a>\n\t\t\t<\/dt>\n\t\t\t\t<dd class='wp-caption-text gallery-caption' id='gallery-1-8069'>\n\t\t\t\t#GoSeba\n\t\t\t\t<\/dd><\/dl><br style=\"clear: both\" \/>\n\t\t<\/div>\n\n<p><a href=\"http:\/\/lafase.cl\/wp-content\/uploads\/2019\/05\/CONCIERTOPROGRAMA-1.pdf\"><img decoding=\"async\" loading=\"lazy\" class=\"alignnone wp-image-7824 size-full\" src=\"http:\/\/lafase.cl\/wp-content\/uploads\/2019\/05\/programmation-seba.jpg\" alt=\"\" width=\"542\" height=\"842\" srcset=\"https:\/\/lafase.cl\/wp-content\/uploads\/2019\/05\/programmation-seba.jpg 542w, https:\/\/lafase.cl\/wp-content\/uploads\/2019\/05\/programmation-seba-193x300.jpg 193w\" sizes=\"(max-width: 542px) 100vw, 542px\" \/><\/a><\/p>\n<p>&nbsp;<\/p>\n","protected":false},"excerpt":{"rendered":"<p>Estimados miembros de la comunidad escolar LAFASE, El colegio y el CPA se unen a la situaci\u00f3n de un alumno&nbsp;<a href=\"https:\/\/lafase.cl\/fr\/non-classifiee\/urgente-campana-de-ayuda-a-sebastian\/\">&hellip;<\/a><\/p>\n","protected":false},"author":8,"featured_media":7440,"comment_status":"open","ping_status":"open","sticky":false,"template":"","format":"standard","meta":{"om_disable_all_campaigns":false,"_monsterinsights_skip_tracking":false,"_monsterinsights_sitenote_active":false,"_monsterinsights_sitenote_note":"","_monsterinsights_sitenote_category":0},"categories":[39,8,300],"tags":[301,302,303,304],"aioseo_notices":[],"_links":{"self":[{"href":"https:\/\/lafase.cl\/fr\/wp-json\/wp\/v2\/posts\/7423"}],"collection":[{"href":"https:\/\/lafase.cl\/fr\/wp-json\/wp\/v2\/posts"}],"about":[{"href":"https:\/\/lafase.cl\/fr\/wp-json\/wp\/v2\/types\/post"}],"author":[{"embeddable":true,"href":"https:\/\/lafase.cl\/fr\/wp-json\/wp\/v2\/users\/8"}],"replies":[{"embeddable":true,"href":"https:\/\/lafase.cl\/fr\/wp-json\/wp\/v2\/comments?post=7423"}],"version-history":[{"count":12,"href":"https:\/\/lafase.cl\/fr\/wp-json\/wp\/v2\/posts\/7423\/revisions"}],"predecessor-version":[{"id":8073,"href":"https:\/\/lafase.cl\/fr\/wp-json\/wp\/v2\/posts\/7423\/revisions\/8073"}],"wp:featuredmedia":[{"embeddable":true,"href":"https:\/\/lafase.cl\/fr\/wp-json\/wp\/v2\/media\/7440"}],"wp:attachment":[{"href":"https:\/\/lafase.cl\/fr\/wp-json\/wp\/v2\/media?parent=7423"}],"wp:term":[{"taxonomy":"category","embeddable":true,"href":"https:\/\/lafase.cl\/fr\/wp-json\/wp\/v2\/categories?post=7423"},{"taxonomy":"post_tag","embeddable":true,"href":"https:\/\/lafase.cl\/fr\/wp-json\/wp\/v2\/tags?post=7423"}],"curies":[{"name":"wp","href":"https:\/\/api.w.org\/{rel}","templated":true}]}}