{"id":6936,"date":"2019-04-29T09:50:28","date_gmt":"2019-04-29T13:50:28","guid":{"rendered":"http:\/\/lafase.cl\/?p=6936"},"modified":"2019-05-24T09:01:26","modified_gmt":"2019-05-24T13:01:26","slug":"semaine-du-livre-chamisero-2019","status":"publish","type":"post","link":"https:\/\/lafase.cl\/fr\/non-classifiee\/semaine-du-livre-chamisero-2019\/","title":{"rendered":"Semaine du livre \u00e0 Chamisero"},"content":{"rendered":"<div>\n<p>La semaine du livre a \u00e9t\u00e9 riche en rencontres et d\u00e9couvertes litt\u00e9raires. Diverses activit\u00e9s ont \u00e9t\u00e9 propos\u00e9es aux \u00e9l\u00e8ves.<\/p>\n<p>Les auteurs Maga Villal\u00f3n, Esteban Cabezas et Ana Maria Deik nous ont rendu visite pour nous parler de leurs ouvrages et du m\u00e9tier d\u2019auteur jeunesse.\u00a0Lesconteurs d\u2019histoires\u00a0\u00ab\u00a0Maceratta\u00a0\u00bb\u00a0ont \u00e9galement particip\u00e9 avec leurs parapluies color\u00e9s et leurs histoires chuchot\u00e9es.\u00a0Les parents ont pu aussi intervenir et lire des livres dans la classe de leurs enfants. Nous avons pass\u00e9 une belle semaine d\u00e9di\u00e9e \u00e0 la lecture !<\/p>\n<p>Nous vous souhaitons de bonnes vacances et de bonnes lectures !<\/p>\n<\/div>\n<p>&nbsp;<\/p>\n<div style=\"width: 1200px;\" class=\"wp-video\"><!--[if lt IE 9]><script>document.createElement('video');<\/script><![endif]-->\n<video class=\"wp-video-shortcode\" id=\"video-6936-1\" width=\"1200\" height=\"675\" preload=\"metadata\" controls=\"controls\"><source type=\"video\/mp4\" src=\"http:\/\/lafase.cl\/wp-content\/uploads\/2019\/04\/Video-semaine-livre-Maternelle-El\u00e9mentaire.mp4?_=1\" \/><a href=\"http:\/\/lafase.cl\/wp-content\/uploads\/2019\/04\/Video-semaine-livre-Maternelle-El\u00e9mentaire.mp4\">http:\/\/lafase.cl\/wp-content\/uploads\/2019\/04\/Video-semaine-livre-Maternelle-El\u00e9mentaire.mp4<\/a><\/video><\/div>\n<p>&nbsp;<\/p>\n<hr \/>\n<p>&nbsp;<\/p>\n<p><strong>Pendant ce temps-l\u00e0, en maternelle&#8230;<\/strong><\/p>\n<p><span style=\"font-weight: 400;\">Les plus petits se sont \u00e9galement amus\u00e9s durant cette semaine d\u2019activit\u00e9s autour de la lecture! <\/span><\/p>\n<p><span style=\"font-weight: 400;\">4 auteurs leur ont rendu visite : Daniela Angelini, Manuel Pe\u00f1a &amp; Gustavo Morales ainsi que Vicky Silva. <\/span><\/p>\n<p><span style=\"font-weight: 400;\">Les enfants attendent la prochaine \u00e9dition avec impatience!<\/span><\/p>\n<p><img decoding=\"async\" loading=\"lazy\" class=\"alignnone size-medium wp-image-7269\" src=\"http:\/\/lafase.cl\/wp-content\/uploads\/2019\/05\/unnamed-2-225x300.jpg\" alt=\"\" width=\"225\" height=\"300\" srcset=\"https:\/\/lafase.cl\/wp-content\/uploads\/2019\/05\/unnamed-2-225x300.jpg 225w, https:\/\/lafase.cl\/wp-content\/uploads\/2019\/05\/unnamed-2.jpg 480w\" sizes=\"(max-width: 225px) 100vw, 225px\" \/> <img decoding=\"async\" loading=\"lazy\" class=\"alignnone size-medium wp-image-7267\" src=\"http:\/\/lafase.cl\/wp-content\/uploads\/2019\/05\/unnamed4-225x300.jpg\" alt=\"\" width=\"225\" height=\"300\" srcset=\"https:\/\/lafase.cl\/wp-content\/uploads\/2019\/05\/unnamed4-225x300.jpg 225w, https:\/\/lafase.cl\/wp-content\/uploads\/2019\/05\/unnamed4.jpg 480w\" sizes=\"(max-width: 225px) 100vw, 225px\" \/><\/p>\n<p><em>(Daniela Angelini)<\/em><\/p>\n<p>&nbsp;<\/p>\n<p><img decoding=\"async\" loading=\"lazy\" class=\"alignnone size-medium wp-image-7282\" src=\"http:\/\/lafase.cl\/wp-content\/uploads\/2019\/04\/web1-300x300.jpg\" alt=\"\" width=\"300\" height=\"300\" srcset=\"https:\/\/lafase.cl\/wp-content\/uploads\/2019\/04\/web1-300x300.jpg 300w, https:\/\/lafase.cl\/wp-content\/uploads\/2019\/04\/web1-150x150.jpg 150w, https:\/\/lafase.cl\/wp-content\/uploads\/2019\/04\/web1.jpg 500w\" sizes=\"(max-width: 300px) 100vw, 300px\" \/><\/p>\n<p><em>(Vicky Silva)<\/em><\/p>\n<p>&nbsp;<\/p>\n<p><img decoding=\"async\" loading=\"lazy\" class=\"alignnone size-medium wp-image-7284\" src=\"http:\/\/lafase.cl\/wp-content\/uploads\/2019\/04\/unnamed-4-300x225.jpg\" alt=\"\" width=\"300\" height=\"225\" srcset=\"https:\/\/lafase.cl\/wp-content\/uploads\/2019\/04\/unnamed-4-300x225.jpg 300w, https:\/\/lafase.cl\/wp-content\/uploads\/2019\/04\/unnamed-4.jpg 640w\" sizes=\"(max-width: 300px) 100vw, 300px\" \/> <img decoding=\"async\" loading=\"lazy\" class=\"alignnone size-medium wp-image-7286\" src=\"http:\/\/lafase.cl\/wp-content\/uploads\/2019\/04\/IMG_9073-300x225.jpg\" alt=\"\" width=\"300\" height=\"225\" srcset=\"https:\/\/lafase.cl\/wp-content\/uploads\/2019\/04\/IMG_9073-300x225.jpg 300w, https:\/\/lafase.cl\/wp-content\/uploads\/2019\/04\/IMG_9073.jpg 640w\" sizes=\"(max-width: 300px) 100vw, 300px\" \/><\/p>\n<p><em><span style=\"font-weight: 400;\">(Manuel Pe\u00f1a &amp; Gustavo Morales)<\/span><\/em><\/p>\n","protected":false},"excerpt":{"rendered":"<p>La semaine du livre a \u00e9t\u00e9 riche en rencontres et d\u00e9couvertes litt\u00e9raires. Diverses activit\u00e9s ont \u00e9t\u00e9 propos\u00e9es aux \u00e9l\u00e8ves. Les&nbsp;<a href=\"https:\/\/lafase.cl\/fr\/non-classifiee\/semaine-du-livre-chamisero-2019\/\">&hellip;<\/a><\/p>\n","protected":false},"author":2,"featured_media":7442,"comment_status":"open","ping_status":"open","sticky":false,"template":"","format":"standard","meta":{"om_disable_all_campaigns":false,"_monsterinsights_skip_tracking":false,"_monsterinsights_sitenote_active":false,"_monsterinsights_sitenote_note":"","_monsterinsights_sitenote_category":0},"categories":[249,39,148,8],"tags":[253,211,257],"aioseo_notices":[],"_links":{"self":[{"href":"https:\/\/lafase.cl\/fr\/wp-json\/wp\/v2\/posts\/6936"}],"collection":[{"href":"https:\/\/lafase.cl\/fr\/wp-json\/wp\/v2\/posts"}],"about":[{"href":"https:\/\/lafase.cl\/fr\/wp-json\/wp\/v2\/types\/post"}],"author":[{"embeddable":true,"href":"https:\/\/lafase.cl\/fr\/wp-json\/wp\/v2\/users\/2"}],"replies":[{"embeddable":true,"href":"https:\/\/lafase.cl\/fr\/wp-json\/wp\/v2\/comments?post=6936"}],"version-history":[{"count":9,"href":"https:\/\/lafase.cl\/fr\/wp-json\/wp\/v2\/posts\/6936\/revisions"}],"predecessor-version":[{"id":7426,"href":"https:\/\/lafase.cl\/fr\/wp-json\/wp\/v2\/posts\/6936\/revisions\/7426"}],"wp:featuredmedia":[{"embeddable":true,"href":"https:\/\/lafase.cl\/fr\/wp-json\/wp\/v2\/media\/7442"}],"wp:attachment":[{"href":"https:\/\/lafase.cl\/fr\/wp-json\/wp\/v2\/media?parent=6936"}],"wp:term":[{"taxonomy":"category","embeddable":true,"href":"https:\/\/lafase.cl\/fr\/wp-json\/wp\/v2\/categories?post=6936"},{"taxonomy":"post_tag","embeddable":true,"href":"https:\/\/lafase.cl\/fr\/wp-json\/wp\/v2\/tags?post=6936"}],"curies":[{"name":"wp","href":"https:\/\/api.w.org\/{rel}","templated":true}]}}