{"id":6816,"date":"2019-04-22T10:01:32","date_gmt":"2019-04-22T14:01:32","guid":{"rendered":"http:\/\/lafase.cl\/non-classifiee\/homenaje-a-notre-dame\/"},"modified":"2019-04-22T12:04:50","modified_gmt":"2019-04-22T16:04:50","slug":"homenaje-a-notre-dame","status":"publish","type":"post","link":"https:\/\/lafase.cl\/fr\/non-classifiee\/homenaje-a-notre-dame\/","title":{"rendered":"Hommage \u00e0 Notre-Dame"},"content":{"rendered":"<div style=\"text-align: justify;\">Suite \u00e0 l&rsquo;incendie qui a partiellement d\u00e9truit la cath\u00e9drale Notre-Dame de Paris, la BCD a d\u00e9cid\u00e9 de rendre hommage \u00e0 ce monument historique et embl\u00e9matique de la capitale fran\u00e7aise. Une s\u00e9lection d&rsquo;ouvrages a \u00e9t\u00e9 ressortie pour l&rsquo;occasion : albums et documentaires relatant l&rsquo;histoire de Paris et de ses monuments. Des \u00e9l\u00e8ves ont m\u00eame pu construire une maquette de la cath\u00e9drale, portant encore sa fl\u00e8che ! Enfin, lors du Club de lecture du jeudi, ils ont lu une bande-dessin\u00e9e racontant la construction du c\u00e9l\u00e8bre \u00e9difice.<\/div>\n<div>Retour en image sur cette semaine un peu particuli\u00e8re.<\/div>\n<div><\/div>\n<div><a href=\"http:\/\/lafase.cl\/wp-content\/uploads\/2019\/04\/7.jpg\"><img decoding=\"async\" loading=\"lazy\" class=\"alignnone wp-image-6798 size-medium\" src=\"http:\/\/lafase.cl\/wp-content\/uploads\/2019\/04\/7-225x300.jpg\" alt=\"\" width=\"225\" height=\"300\" srcset=\"https:\/\/lafase.cl\/wp-content\/uploads\/2019\/04\/7-225x300.jpg 225w, https:\/\/lafase.cl\/wp-content\/uploads\/2019\/04\/7-768x1024.jpg 768w\" sizes=\"(max-width: 225px) 100vw, 225px\" \/><\/a> \u00a0<a href=\"http:\/\/lafase.cl\/wp-content\/uploads\/2019\/04\/1-1.jpg\"><img decoding=\"async\" loading=\"lazy\" class=\"alignnone wp-image-6804 size-medium\" src=\"http:\/\/lafase.cl\/wp-content\/uploads\/2019\/04\/1-1-225x300.jpg\" alt=\"\" width=\"225\" height=\"300\" srcset=\"https:\/\/lafase.cl\/wp-content\/uploads\/2019\/04\/1-1-225x300.jpg 225w, https:\/\/lafase.cl\/wp-content\/uploads\/2019\/04\/1-1-768x1024.jpg 768w\" sizes=\"(max-width: 225px) 100vw, 225px\" \/><\/a> \u00a0<a href=\"http:\/\/lafase.cl\/wp-content\/uploads\/2019\/04\/3-1.jpg\"><img decoding=\"async\" loading=\"lazy\" class=\"alignnone wp-image-6808 size-medium\" src=\"http:\/\/lafase.cl\/wp-content\/uploads\/2019\/04\/3-1-300x225.jpg\" alt=\"\" width=\"300\" height=\"225\" srcset=\"https:\/\/lafase.cl\/wp-content\/uploads\/2019\/04\/3-1-300x225.jpg 300w, https:\/\/lafase.cl\/wp-content\/uploads\/2019\/04\/3-1-1024x768.jpg 1024w\" sizes=\"(max-width: 300px) 100vw, 300px\" \/><\/a> <a href=\"http:\/\/lafase.cl\/wp-content\/uploads\/2019\/04\/2-1.jpg\"><img decoding=\"async\" loading=\"lazy\" class=\"alignnone wp-image-6806 size-medium\" src=\"http:\/\/lafase.cl\/wp-content\/uploads\/2019\/04\/2-1-300x225.jpg\" alt=\"\" width=\"300\" height=\"225\" srcset=\"https:\/\/lafase.cl\/wp-content\/uploads\/2019\/04\/2-1-300x225.jpg 300w, https:\/\/lafase.cl\/wp-content\/uploads\/2019\/04\/2-1.jpg 1024w\" sizes=\"(max-width: 300px) 100vw, 300px\" \/><\/a><img decoding=\"async\" loading=\"lazy\" class=\"alignnone size-medium wp-image-6810\" src=\"http:\/\/lafase.cl\/wp-content\/uploads\/2019\/04\/4-1-225x300.jpg\" alt=\"\" width=\"225\" height=\"300\" srcset=\"https:\/\/lafase.cl\/wp-content\/uploads\/2019\/04\/4-1-225x300.jpg 225w, https:\/\/lafase.cl\/wp-content\/uploads\/2019\/04\/4-1-768x1024.jpg 768w\" sizes=\"(max-width: 225px) 100vw, 225px\" \/><\/div>\n<div><\/div>\n<div>&#8212;&#8212;&#8212;&#8212;&#8212;&#8212;&#8212;&#8212;&#8212;&#8212;&#8212;&#8212;&#8212;<\/div>\n<div><\/div>\n<div><img decoding=\"async\" loading=\"lazy\" class=\"alignnone size-medium wp-image-6821\" src=\"http:\/\/lafase.cl\/wp-content\/uploads\/2019\/04\/ND2-300x225.jpg\" alt=\"\" width=\"300\" height=\"225\" srcset=\"https:\/\/lafase.cl\/wp-content\/uploads\/2019\/04\/ND2-300x225.jpg 300w, https:\/\/lafase.cl\/wp-content\/uploads\/2019\/04\/ND2.jpg 600w\" sizes=\"(max-width: 300px) 100vw, 300px\" \/> <img decoding=\"async\" loading=\"lazy\" class=\"alignnone size-medium wp-image-6823\" src=\"http:\/\/lafase.cl\/wp-content\/uploads\/2019\/04\/ND1-300x225.jpg\" alt=\"\" width=\"300\" height=\"225\" srcset=\"https:\/\/lafase.cl\/wp-content\/uploads\/2019\/04\/ND1-300x225.jpg 300w, https:\/\/lafase.cl\/wp-content\/uploads\/2019\/04\/ND1.jpg 600w\" sizes=\"(max-width: 300px) 100vw, 300px\" \/><\/div>\n<div>\n<div dir=\"ltr\">R\u00e9alisation des \u00e9l\u00e8ves de CE1 G de Chamisero pour l&rsquo;hommage a la Cathedrale Notre-Dame de Paris.<\/div>\n<div>Chaque \u00e9l\u00e8ve a coll\u00e9 sa photo devant sa cath\u00e9drale color\u00e9e.<\/div>\n<\/div>\n<div>\n<div>\n<div>\n<div><\/div>\n<\/div>\n<div><strong>&#8212;&#8212;&#8212;&#8212;&#8212;&#8212;&#8212;&#8212;&#8212;&#8212;&#8212;&#8212;&#8212;-<\/strong><\/div>\n<div><\/div>\n<div><strong>Vos photos \u00ab\u00a0souvenirs de passage \u00e0 Notre Dame\u00a0\u00bb:<\/strong><\/div>\n<div><\/div>\n<\/div>\n<div><a href=\"http:\/\/lafase.cl\/wp-content\/uploads\/2019\/04\/vos-photos.jpg\"><img decoding=\"async\" loading=\"lazy\" class=\"alignnone wp-image-6828 size-large\" src=\"http:\/\/lafase.cl\/wp-content\/uploads\/2019\/04\/vos-photos-1024x347.jpg\" alt=\"\" width=\"1024\" height=\"347\" srcset=\"https:\/\/lafase.cl\/wp-content\/uploads\/2019\/04\/vos-photos-1024x347.jpg 1024w, https:\/\/lafase.cl\/wp-content\/uploads\/2019\/04\/vos-photos-300x102.jpg 300w, https:\/\/lafase.cl\/wp-content\/uploads\/2019\/04\/vos-photos.jpg 1786w\" sizes=\"(max-width: 1024px) 100vw, 1024px\" \/><\/a><\/div>\n<\/div>\n<div><\/div>\n<div><\/div>\n","protected":false},"excerpt":{"rendered":"<p>Suite \u00e0 l&rsquo;incendie qui a partiellement d\u00e9truit la cath\u00e9drale Notre-Dame de Paris, la BCD a d\u00e9cid\u00e9 de rendre hommage \u00e0&nbsp;<a href=\"https:\/\/lafase.cl\/fr\/non-classifiee\/homenaje-a-notre-dame\/\">&hellip;<\/a><\/p>\n","protected":false},"author":3,"featured_media":6814,"comment_status":"open","ping_status":"open","sticky":false,"template":"","format":"standard","meta":{"om_disable_all_campaigns":false,"_monsterinsights_skip_tracking":false,"_monsterinsights_sitenote_active":false,"_monsterinsights_sitenote_note":"","_monsterinsights_sitenote_category":0},"categories":[249,39,149,8],"tags":[256,250,251,259,252,258,257],"aioseo_notices":[],"_links":{"self":[{"href":"https:\/\/lafase.cl\/fr\/wp-json\/wp\/v2\/posts\/6816"}],"collection":[{"href":"https:\/\/lafase.cl\/fr\/wp-json\/wp\/v2\/posts"}],"about":[{"href":"https:\/\/lafase.cl\/fr\/wp-json\/wp\/v2\/types\/post"}],"author":[{"embeddable":true,"href":"https:\/\/lafase.cl\/fr\/wp-json\/wp\/v2\/users\/3"}],"replies":[{"embeddable":true,"href":"https:\/\/lafase.cl\/fr\/wp-json\/wp\/v2\/comments?post=6816"}],"version-history":[{"count":6,"href":"https:\/\/lafase.cl\/fr\/wp-json\/wp\/v2\/posts\/6816\/revisions"}],"predecessor-version":[{"id":6831,"href":"https:\/\/lafase.cl\/fr\/wp-json\/wp\/v2\/posts\/6816\/revisions\/6831"}],"wp:featuredmedia":[{"embeddable":true,"href":"https:\/\/lafase.cl\/fr\/wp-json\/wp\/v2\/media\/6814"}],"wp:attachment":[{"href":"https:\/\/lafase.cl\/fr\/wp-json\/wp\/v2\/media?parent=6816"}],"wp:term":[{"taxonomy":"category","embeddable":true,"href":"https:\/\/lafase.cl\/fr\/wp-json\/wp\/v2\/categories?post=6816"},{"taxonomy":"post_tag","embeddable":true,"href":"https:\/\/lafase.cl\/fr\/wp-json\/wp\/v2\/tags?post=6816"}],"curies":[{"name":"wp","href":"https:\/\/api.w.org\/{rel}","templated":true}]}}