{"id":67398,"date":"2024-04-10T11:41:06","date_gmt":"2024-04-10T15:41:06","guid":{"rendered":"https:\/\/lafase.cl\/dernieres-nouvelles-fr\/sop2024\/"},"modified":"2024-05-14T12:56:53","modified_gmt":"2024-05-14T16:56:53","slug":"sop2024","status":"publish","type":"post","link":"https:\/\/lafase.cl\/fr\/dernieres-nouvelles-fr\/sop2024\/","title":{"rendered":"Semaine olympique et paralympique"},"content":{"rendered":"<section class=\"wpb-content-wrapper\"><p>[vc_row][vc_column][vc_column_text]<\/p>\n<p style=\"text-align: justify;\"><a href=\"https:\/\/lafase.cl\/wp-content\/uploads\/2024\/05\/SOP24_POST_RS_INSTA_1080X1080-3-scaled.jpg\"><img decoding=\"async\" loading=\"lazy\" class=\" wp-image-67357 alignleft\" src=\"https:\/\/lafase.cl\/wp-content\/uploads\/2024\/05\/SOP24_POST_RS_INSTA_1080X1080-3-150x150.jpg\" alt=\"\" width=\"169\" height=\"169\" srcset=\"https:\/\/lafase.cl\/wp-content\/uploads\/2024\/05\/SOP24_POST_RS_INSTA_1080X1080-3-150x150.jpg 150w, https:\/\/lafase.cl\/wp-content\/uploads\/2024\/05\/SOP24_POST_RS_INSTA_1080X1080-3-300x300.jpg 300w, https:\/\/lafase.cl\/wp-content\/uploads\/2024\/05\/SOP24_POST_RS_INSTA_1080X1080-3-1024x1024.jpg 1024w, https:\/\/lafase.cl\/wp-content\/uploads\/2024\/05\/SOP24_POST_RS_INSTA_1080X1080-3-768x768.jpg 768w, https:\/\/lafase.cl\/wp-content\/uploads\/2024\/05\/SOP24_POST_RS_INSTA_1080X1080-3-1536x1536.jpg 1536w, https:\/\/lafase.cl\/wp-content\/uploads\/2024\/05\/SOP24_POST_RS_INSTA_1080X1080-3-2048x2048.jpg 2048w, https:\/\/lafase.cl\/wp-content\/uploads\/2024\/05\/SOP24_POST_RS_INSTA_1080X1080-3-420x420.jpg 420w\" sizes=\"(max-width: 169px) 100vw, 169px\" \/><\/a>La SOP, Semaine olympique et paralympique, est un \u00e9v\u00e9nement annuel qui a pour but de promouvoir le sport aupr\u00e8s des jeunes et mobiliser la communaut\u00e9 \u00e9ducative autour des valeurs civiques et sportives de l&rsquo;olympisme et du paralympisme. En 2024, elle s&rsquo;est d\u00e9roul\u00e9e du 2 au 6 avril, rendant hommage aux Jeux olympiques et aux athl\u00e8tes du monde entier. L&rsquo;objectif de cet \u00e9v\u00e9nement est de sensibiliser aux valeurs olympiques et paralympiques et d&rsquo;utiliser le sport comme outil p\u00e9dagogique, en explorant diff\u00e9rentes disciplines sportives \u00e0 travers des ateliers collaboratifs.<\/p>\n<p>Tout au long de la semaine, nos sites ont \u00e9t\u00e9 remplis d&rsquo;\u00e9nergie et d&rsquo;esprit sportif en l&rsquo;honneur des prochains Jeux olympiques de Paris 2024. \u00c0 Vitacura, l&rsquo;\u00e9cole primaire a \u00e9t\u00e9 le th\u00e9\u00e2tre d&rsquo;activit\u00e9s sportives passionnantes, du basket-ball au football, en passant par des disciplines paralympiques telles que la course \u00e0 pied pour les aveugles et le football pour les non-voyants.<\/p>\n<p>Le point culminant a eu lieu le vendredi lorsque nous avons form\u00e9 les anneaux olympiques sur notre piste d&rsquo;athl\u00e9tisme.<\/p>\n<p>[\/vc_column_text][\/vc_column][\/vc_row][vc_row][vc_column width=\u00a0\u00bb1\/2&Prime;][vc_video link=\u00a0\u00bbhttps:\/\/vimeo.com\/946248489&Prime; el_aspect=\u00a0\u00bb916&Prime; align=\u00a0\u00bbcenter\u00a0\u00bb][\/vc_column][vc_column width=\u00a0\u00bb1\/2&Prime;][vc_video link=\u00a0\u00bbhttps:\/\/vimeo.com\/946253799&Prime; el_aspect=\u00a0\u00bb916&Prime; align=\u00a0\u00bbcenter\u00a0\u00bb][\/vc_column][\/vc_row][vc_row][vc_column width=\u00a0\u00bb1\/2&Prime;][vc_gallery interval=\u00a0\u00bb3&Prime; images=\u00a0\u00bb67380,67382,67384,67386,67388,67390,67392,67394,67396&Prime; img_size=\u00a0\u00bbfull\u00a0\u00bb][\/vc_column][vc_column width=\u00a0\u00bb1\/2&Prime;][vc_gallery interval=\u00a0\u00bb3&Prime; images=\u00a0\u00bb67362,67364,67366,67368,67370,67372,67374,67376,67378&Prime; img_size=\u00a0\u00bbfull\u00a0\u00bb][\/vc_column][\/vc_row]<\/p>\n<\/section>","protected":false},"excerpt":{"rendered":"<p>[vc_row][vc_column][vc_column_text] La SOP, Semaine olympique et paralympique, est un \u00e9v\u00e9nement annuel qui a pour but de promouvoir le sport aupr\u00e8s&nbsp;<a href=\"https:\/\/lafase.cl\/fr\/dernieres-nouvelles-fr\/sop2024\/\">&hellip;<\/a><\/p>\n","protected":false},"author":3,"featured_media":67406,"comment_status":"closed","ping_status":"closed","sticky":false,"template":"","format":"standard","meta":{"om_disable_all_campaigns":false,"_monsterinsights_skip_tracking":false,"_monsterinsights_sitenote_active":false,"_monsterinsights_sitenote_note":"","_monsterinsights_sitenote_category":0},"categories":[39],"tags":[],"aioseo_notices":[],"_links":{"self":[{"href":"https:\/\/lafase.cl\/fr\/wp-json\/wp\/v2\/posts\/67398"}],"collection":[{"href":"https:\/\/lafase.cl\/fr\/wp-json\/wp\/v2\/posts"}],"about":[{"href":"https:\/\/lafase.cl\/fr\/wp-json\/wp\/v2\/types\/post"}],"author":[{"embeddable":true,"href":"https:\/\/lafase.cl\/fr\/wp-json\/wp\/v2\/users\/3"}],"replies":[{"embeddable":true,"href":"https:\/\/lafase.cl\/fr\/wp-json\/wp\/v2\/comments?post=67398"}],"version-history":[{"count":4,"href":"https:\/\/lafase.cl\/fr\/wp-json\/wp\/v2\/posts\/67398\/revisions"}],"predecessor-version":[{"id":67408,"href":"https:\/\/lafase.cl\/fr\/wp-json\/wp\/v2\/posts\/67398\/revisions\/67408"}],"wp:featuredmedia":[{"embeddable":true,"href":"https:\/\/lafase.cl\/fr\/wp-json\/wp\/v2\/media\/67406"}],"wp:attachment":[{"href":"https:\/\/lafase.cl\/fr\/wp-json\/wp\/v2\/media?parent=67398"}],"wp:term":[{"taxonomy":"category","embeddable":true,"href":"https:\/\/lafase.cl\/fr\/wp-json\/wp\/v2\/categories?post=67398"},{"taxonomy":"post_tag","embeddable":true,"href":"https:\/\/lafase.cl\/fr\/wp-json\/wp\/v2\/tags?post=67398"}],"curies":[{"name":"wp","href":"https:\/\/api.w.org\/{rel}","templated":true}]}}