{"id":66102,"date":"2024-03-21T15:26:37","date_gmt":"2024-03-21T18:26:37","guid":{"rendered":"https:\/\/lafase.cl\/dernieres-nouvelles-fr\/seminario-amlasud-2024\/"},"modified":"2024-03-21T15:40:34","modified_gmt":"2024-03-21T18:40:34","slug":"seminario-amlasud-2024","status":"publish","type":"post","link":"https:\/\/lafase.cl\/fr\/dernieres-nouvelles-fr\/seminario-amlasud-2024\/","title":{"rendered":"S\u00e9minaire AMLASUD 2024"},"content":{"rendered":"\n<p class=\"has-text-align-left\" style=\"text-align: justify;\">Le s\u00e9minaire <a href=\"https:\/\/www.linkedin.com\/feed\/hashtag\/?keywords=amlasud&amp;highlightedUpdateUrns=urn%3Ali%3Aactivity%3A7176589036411645954\" data-attribute-index=\"0\">#AMLASUD<\/a> a eu lieu cette ann\u00e9e sur le site de Chamisero les 19 et 20 mars. Le directeur g\u00e9n\u00e9ral adjoint de l&rsquo;AEFE, Jean-Paul N\u00e9grel, a anim\u00e9 cet \u00e9v\u00e8nement auquel ont particip\u00e9 les proviseurs, les directeurs de cycle et les DAF des \u00e9tablissements appartenant au r\u00e9seau, du Chili et de la zone : Argentine, Br\u00e9sil, P\u00e9rou, Bolivie, Uruguay et Costa Rica, soit au total plus de 60 personnes. Les responsables de l&rsquo;AEFE ont ainsi pr\u00e9sent\u00e9 les principales orientations strat\u00e9giques du r\u00e9seau et les participants ont pr\u00e9par\u00e9 ensemble l&rsquo;ann\u00e9e scolaire \u00e0 travers diff\u00e9rents ateliers. Parmi les th\u00e8mes abord\u00e9s : les perspectives de d\u00e9veloppement du r\u00e9seau, le projet de zone, les innovations p\u00e9dagogiques, le d\u00e9veloppement des personnels, le recrutement, la formation, les situations g\u00e9opolitiques, la s\u00e9curit\u00e9, le budget, la communication et les \u00e9v\u00e9nements de la vie du r\u00e9seau. Nous esp\u00e9rons qu\u2019ils ont pass\u00e9 un excellent s\u00e9jour dans notre pays et que leurs journ\u00e9es de travail ont \u00e9t\u00e9 productives. Nous remercions tous les participants pour leur \u00e9nergie et leur enthousiasme, ainsi que les \u00e9quipes qui ont travaill\u00e9 de mani\u00e8re tr\u00e8s professionnelle pour faire de cette activit\u00e9 un succ\u00e8s.<\/p>\r\n<p class=\"has-text-align-left\">\n\n\n\n<\/p>\r\n<figure class=\"wp-block-gallery has-nested-images columns-default is-cropped wp-block-gallery-1 is-layout-flex\">\n\n<figure class=\"wp-block-image size-large\"><img decoding=\"async\" loading=\"lazy\" width=\"1024\" height=\"768\" data-id=\"66091\"  class=\"wp-image-66091\" src=\"https:\/\/lafase.cl\/wp-content\/uploads\/2024\/03\/1-1024x768.jpg\" alt=\"\" srcset=\"https:\/\/lafase.cl\/wp-content\/uploads\/2024\/03\/1-1024x768.jpg 1024w, https:\/\/lafase.cl\/wp-content\/uploads\/2024\/03\/1-300x225.jpg 300w, https:\/\/lafase.cl\/wp-content\/uploads\/2024\/03\/1-768x576.jpg 768w, https:\/\/lafase.cl\/wp-content\/uploads\/2024\/03\/1-150x113.jpg 150w, https:\/\/lafase.cl\/wp-content\/uploads\/2024\/03\/1.jpg 1076w\" sizes=\"(max-width: 1024px) 100vw, 1024px\" \/><\/figure>\n\n\r\n\r\n\n<figure class=\"wp-block-image size-large\"><img decoding=\"async\" loading=\"lazy\" width=\"637\" height=\"766\" data-id=\"66085\"  class=\"wp-image-66085\" src=\"https:\/\/lafase.cl\/wp-content\/uploads\/2024\/03\/sin-titulo.jpg\" alt=\"\" srcset=\"https:\/\/lafase.cl\/wp-content\/uploads\/2024\/03\/sin-titulo.jpg 637w, https:\/\/lafase.cl\/wp-content\/uploads\/2024\/03\/sin-titulo-249x300.jpg 249w, https:\/\/lafase.cl\/wp-content\/uploads\/2024\/03\/sin-titulo-125x150.jpg 125w\" sizes=\"(max-width: 637px) 100vw, 637px\" \/><\/figure>\n\n\r\n\r\n\n<figure class=\"wp-block-image size-large\"><img decoding=\"async\" loading=\"lazy\" width=\"768\" height=\"1024\" data-id=\"66095\"  class=\"wp-image-66095\" src=\"https:\/\/lafase.cl\/wp-content\/uploads\/2024\/03\/2-768x1024.jpg\" alt=\"\" srcset=\"https:\/\/lafase.cl\/wp-content\/uploads\/2024\/03\/2-768x1023.jpg 768w, https:\/\/lafase.cl\/wp-content\/uploads\/2024\/03\/2-225x300.jpg 225w, https:\/\/lafase.cl\/wp-content\/uploads\/2024\/03\/2-113x150.jpg 113w, https:\/\/lafase.cl\/wp-content\/uploads\/2024\/03\/2.jpg 788w\" sizes=\"(max-width: 768px) 100vw, 768px\" \/><\/figure>\n\n\r\n\r\n\n<figure class=\"wp-block-image size-large\"><img decoding=\"async\" loading=\"lazy\" width=\"1024\" height=\"576\" data-id=\"66077\"  class=\"wp-image-66077\" src=\"https:\/\/lafase.cl\/wp-content\/uploads\/2024\/03\/sin-titulo-10-1024x576.jpg\" alt=\"\" srcset=\"https:\/\/lafase.cl\/wp-content\/uploads\/2024\/03\/sin-titulo-10-1024x576.jpg 1024w, https:\/\/lafase.cl\/wp-content\/uploads\/2024\/03\/sin-titulo-10-300x169.jpg 300w, https:\/\/lafase.cl\/wp-content\/uploads\/2024\/03\/sin-titulo-10-768x432.jpg 768w, https:\/\/lafase.cl\/wp-content\/uploads\/2024\/03\/sin-titulo-10-150x84.jpg 150w, https:\/\/lafase.cl\/wp-content\/uploads\/2024\/03\/sin-titulo-10.jpg 1280w\" sizes=\"(max-width: 1024px) 100vw, 1024px\" \/><\/figure>\n\n\r\n\r\n\n<figure class=\"wp-block-image size-large\"><img decoding=\"async\" loading=\"lazy\" width=\"1024\" height=\"576\" data-id=\"66075\"  class=\"wp-image-66075\" src=\"https:\/\/lafase.cl\/wp-content\/uploads\/2024\/03\/sin-titulo-9-1024x576.jpg\" alt=\"\" srcset=\"https:\/\/lafase.cl\/wp-content\/uploads\/2024\/03\/sin-titulo-9-1024x576.jpg 1024w, https:\/\/lafase.cl\/wp-content\/uploads\/2024\/03\/sin-titulo-9-300x169.jpg 300w, https:\/\/lafase.cl\/wp-content\/uploads\/2024\/03\/sin-titulo-9-768x432.jpg 768w, https:\/\/lafase.cl\/wp-content\/uploads\/2024\/03\/sin-titulo-9-150x84.jpg 150w, https:\/\/lafase.cl\/wp-content\/uploads\/2024\/03\/sin-titulo-9.jpg 1280w\" sizes=\"(max-width: 1024px) 100vw, 1024px\" \/><\/figure>\n\n\r\n\r\n\n<figure class=\"wp-block-image size-large\"><img decoding=\"async\" loading=\"lazy\" width=\"900\" height=\"885\" data-id=\"66065\"  class=\"wp-image-66065\" src=\"https:\/\/lafase.cl\/wp-content\/uploads\/2024\/03\/sin-titulo-2.jpg\" alt=\"\" srcset=\"https:\/\/lafase.cl\/wp-content\/uploads\/2024\/03\/sin-titulo-2.jpg 900w, https:\/\/lafase.cl\/wp-content\/uploads\/2024\/03\/sin-titulo-2-300x295.jpg 300w, https:\/\/lafase.cl\/wp-content\/uploads\/2024\/03\/sin-titulo-2-768x755.jpg 768w, https:\/\/lafase.cl\/wp-content\/uploads\/2024\/03\/sin-titulo-2-150x148.jpg 150w\" sizes=\"(max-width: 900px) 100vw, 900px\" \/><\/figure>\n\n\r\n\r\n\n<figure class=\"wp-block-image size-large\"><img decoding=\"async\" loading=\"lazy\" width=\"1024\" height=\"594\" data-id=\"66063\"  class=\"wp-image-66063\" src=\"https:\/\/lafase.cl\/wp-content\/uploads\/2024\/03\/sin-titulo-3-1024x594.jpg\" alt=\"\" srcset=\"https:\/\/lafase.cl\/wp-content\/uploads\/2024\/03\/sin-titulo-3-1024x594.jpg 1024w, https:\/\/lafase.cl\/wp-content\/uploads\/2024\/03\/sin-titulo-3-300x174.jpg 300w, https:\/\/lafase.cl\/wp-content\/uploads\/2024\/03\/sin-titulo-3-768x446.jpg 768w, https:\/\/lafase.cl\/wp-content\/uploads\/2024\/03\/sin-titulo-3-150x87.jpg 150w, https:\/\/lafase.cl\/wp-content\/uploads\/2024\/03\/sin-titulo-3.jpg 1301w\" sizes=\"(max-width: 1024px) 100vw, 1024px\" \/><\/figure>\n\n\r\n\r\n\n<figure class=\"wp-block-image size-large\"><img decoding=\"async\" loading=\"lazy\" width=\"1024\" height=\"576\" data-id=\"66073\"  class=\"wp-image-66073\" src=\"https:\/\/lafase.cl\/wp-content\/uploads\/2024\/03\/sin-titulo-4-1024x576.jpg\" alt=\"\" srcset=\"https:\/\/lafase.cl\/wp-content\/uploads\/2024\/03\/sin-titulo-4-1024x576.jpg 1024w, https:\/\/lafase.cl\/wp-content\/uploads\/2024\/03\/sin-titulo-4-300x169.jpg 300w, https:\/\/lafase.cl\/wp-content\/uploads\/2024\/03\/sin-titulo-4-768x432.jpg 768w, https:\/\/lafase.cl\/wp-content\/uploads\/2024\/03\/sin-titulo-4-1536x864.jpg 1536w, https:\/\/lafase.cl\/wp-content\/uploads\/2024\/03\/sin-titulo-4-150x84.jpg 150w, https:\/\/lafase.cl\/wp-content\/uploads\/2024\/03\/sin-titulo-4.jpg 1600w\" sizes=\"(max-width: 1024px) 100vw, 1024px\" \/><\/figure>\n\n\r\n\r\n\n<figure class=\"wp-block-image size-large\"><img decoding=\"async\" loading=\"lazy\" width=\"900\" height=\"782\" data-id=\"66067\"  class=\"wp-image-66067\" src=\"https:\/\/lafase.cl\/wp-content\/uploads\/2024\/03\/sin-titulo-5.jpg\" alt=\"\" srcset=\"https:\/\/lafase.cl\/wp-content\/uploads\/2024\/03\/sin-titulo-5.jpg 900w, https:\/\/lafase.cl\/wp-content\/uploads\/2024\/03\/sin-titulo-5-300x261.jpg 300w, https:\/\/lafase.cl\/wp-content\/uploads\/2024\/03\/sin-titulo-5-768x667.jpg 768w, https:\/\/lafase.cl\/wp-content\/uploads\/2024\/03\/sin-titulo-5-150x130.jpg 150w\" sizes=\"(max-width: 900px) 100vw, 900px\" \/><\/figure>\n\n\r\n\r\n\n<figure class=\"wp-block-image size-large\"><img decoding=\"async\" loading=\"lazy\" width=\"1024\" height=\"576\" data-id=\"66071\"  class=\"wp-image-66071\" src=\"https:\/\/lafase.cl\/wp-content\/uploads\/2024\/03\/sin-titulo-6-1024x576.jpg\" alt=\"\" srcset=\"https:\/\/lafase.cl\/wp-content\/uploads\/2024\/03\/sin-titulo-6-1024x576.jpg 1024w, https:\/\/lafase.cl\/wp-content\/uploads\/2024\/03\/sin-titulo-6-300x169.jpg 300w, https:\/\/lafase.cl\/wp-content\/uploads\/2024\/03\/sin-titulo-6-768x432.jpg 768w, https:\/\/lafase.cl\/wp-content\/uploads\/2024\/03\/sin-titulo-6-150x84.jpg 150w, https:\/\/lafase.cl\/wp-content\/uploads\/2024\/03\/sin-titulo-6.jpg 1280w\" sizes=\"(max-width: 1024px) 100vw, 1024px\" \/><\/figure>\n\n\r\n\r\n\n<figure class=\"wp-block-image size-large\"><img decoding=\"async\" loading=\"lazy\" width=\"1024\" height=\"768\" data-id=\"66083\"  class=\"wp-image-66083\" src=\"https:\/\/lafase.cl\/wp-content\/uploads\/2024\/03\/sin-titulo-12-1024x768.jpg\" alt=\"\" srcset=\"https:\/\/lafase.cl\/wp-content\/uploads\/2024\/03\/sin-titulo-12-1024x768.jpg 1024w, https:\/\/lafase.cl\/wp-content\/uploads\/2024\/03\/sin-titulo-12-300x225.jpg 300w, https:\/\/lafase.cl\/wp-content\/uploads\/2024\/03\/sin-titulo-12-768x576.jpg 768w, https:\/\/lafase.cl\/wp-content\/uploads\/2024\/03\/sin-titulo-12-1536x1153.jpg 1536w, https:\/\/lafase.cl\/wp-content\/uploads\/2024\/03\/sin-titulo-12-150x113.jpg 150w, https:\/\/lafase.cl\/wp-content\/uploads\/2024\/03\/sin-titulo-12.jpg 1599w\" sizes=\"(max-width: 1024px) 100vw, 1024px\" \/><\/figure>\n\n\r\n\r\n\n<figure class=\"wp-block-image size-large\"><img decoding=\"async\" loading=\"lazy\" width=\"1024\" height=\"759\" data-id=\"66079\"  class=\"wp-image-66079\" src=\"https:\/\/lafase.cl\/wp-content\/uploads\/2024\/03\/sin-titulo-13-1024x759.jpg\" alt=\"\" srcset=\"https:\/\/lafase.cl\/wp-content\/uploads\/2024\/03\/sin-titulo-13-1024x759.jpg 1024w, https:\/\/lafase.cl\/wp-content\/uploads\/2024\/03\/sin-titulo-13-300x222.jpg 300w, https:\/\/lafase.cl\/wp-content\/uploads\/2024\/03\/sin-titulo-13-768x569.jpg 768w, https:\/\/lafase.cl\/wp-content\/uploads\/2024\/03\/sin-titulo-13-150x111.jpg 150w, https:\/\/lafase.cl\/wp-content\/uploads\/2024\/03\/sin-titulo-13.jpg 1360w\" sizes=\"(max-width: 1024px) 100vw, 1024px\" \/><\/figure>\n\n\r\n\r\n\n<figure class=\"wp-block-image size-large\"><img decoding=\"async\" loading=\"lazy\" width=\"1024\" height=\"768\" data-id=\"66093\"  class=\"wp-image-66093\" src=\"https:\/\/lafase.cl\/wp-content\/uploads\/2024\/03\/WhatsApp-Image-2024-03-20-at-15.06.35-2-1024x768.jpeg\" alt=\"\" srcset=\"https:\/\/lafase.cl\/wp-content\/uploads\/2024\/03\/WhatsApp-Image-2024-03-20-at-15.06.35-2-1024x768.jpeg 1024w, https:\/\/lafase.cl\/wp-content\/uploads\/2024\/03\/WhatsApp-Image-2024-03-20-at-15.06.35-2-300x225.jpeg 300w, https:\/\/lafase.cl\/wp-content\/uploads\/2024\/03\/WhatsApp-Image-2024-03-20-at-15.06.35-2-768x576.jpeg 768w, https:\/\/lafase.cl\/wp-content\/uploads\/2024\/03\/WhatsApp-Image-2024-03-20-at-15.06.35-2-150x113.jpeg 150w, https:\/\/lafase.cl\/wp-content\/uploads\/2024\/03\/WhatsApp-Image-2024-03-20-at-15.06.35-2.jpeg 1280w\" sizes=\"(max-width: 1024px) 100vw, 1024px\" \/><\/figure>\n\n\r\n\r\n\n<figure class=\"wp-block-image size-large\"><img decoding=\"async\" loading=\"lazy\" width=\"1024\" height=\"768\" data-id=\"66087\"  class=\"wp-image-66087\" src=\"https:\/\/lafase.cl\/wp-content\/uploads\/2024\/03\/sin-titulo-14-1024x768.jpg\" alt=\"\" srcset=\"https:\/\/lafase.cl\/wp-content\/uploads\/2024\/03\/sin-titulo-14-1024x768.jpg 1024w, https:\/\/lafase.cl\/wp-content\/uploads\/2024\/03\/sin-titulo-14-300x225.jpg 300w, https:\/\/lafase.cl\/wp-content\/uploads\/2024\/03\/sin-titulo-14-768x576.jpg 768w, https:\/\/lafase.cl\/wp-content\/uploads\/2024\/03\/sin-titulo-14-150x113.jpg 150w, https:\/\/lafase.cl\/wp-content\/uploads\/2024\/03\/sin-titulo-14.jpg 1280w\" sizes=\"(max-width: 1024px) 100vw, 1024px\" \/><\/figure>\n\n<\/figure>\r\n<p class=\"has-text-align-left\">\n\n\n<p><\/p>","protected":false},"excerpt":{"rendered":"<p>Le s\u00e9minaire #AMLASUD a eu lieu cette ann\u00e9e sur le site de Chamisero les 19 et 20 mars. Le directeur&nbsp;<a href=\"https:\/\/lafase.cl\/fr\/dernieres-nouvelles-fr\/seminario-amlasud-2024\/\">&hellip;<\/a><\/p>\n","protected":false},"author":3,"featured_media":66098,"comment_status":"open","ping_status":"open","sticky":false,"template":"","format":"standard","meta":{"om_disable_all_campaigns":false,"_monsterinsights_skip_tracking":false,"_monsterinsights_sitenote_active":false,"_monsterinsights_sitenote_note":"","_monsterinsights_sitenote_category":0},"categories":[39],"tags":[],"aioseo_notices":[],"_links":{"self":[{"href":"https:\/\/lafase.cl\/fr\/wp-json\/wp\/v2\/posts\/66102"}],"collection":[{"href":"https:\/\/lafase.cl\/fr\/wp-json\/wp\/v2\/posts"}],"about":[{"href":"https:\/\/lafase.cl\/fr\/wp-json\/wp\/v2\/types\/post"}],"author":[{"embeddable":true,"href":"https:\/\/lafase.cl\/fr\/wp-json\/wp\/v2\/users\/3"}],"replies":[{"embeddable":true,"href":"https:\/\/lafase.cl\/fr\/wp-json\/wp\/v2\/comments?post=66102"}],"version-history":[{"count":7,"href":"https:\/\/lafase.cl\/fr\/wp-json\/wp\/v2\/posts\/66102\/revisions"}],"predecessor-version":[{"id":66113,"href":"https:\/\/lafase.cl\/fr\/wp-json\/wp\/v2\/posts\/66102\/revisions\/66113"}],"wp:featuredmedia":[{"embeddable":true,"href":"https:\/\/lafase.cl\/fr\/wp-json\/wp\/v2\/media\/66098"}],"wp:attachment":[{"href":"https:\/\/lafase.cl\/fr\/wp-json\/wp\/v2\/media?parent=66102"}],"wp:term":[{"taxonomy":"category","embeddable":true,"href":"https:\/\/lafase.cl\/fr\/wp-json\/wp\/v2\/categories?post=66102"},{"taxonomy":"post_tag","embeddable":true,"href":"https:\/\/lafase.cl\/fr\/wp-json\/wp\/v2\/tags?post=66102"}],"curies":[{"name":"wp","href":"https:\/\/api.w.org\/{rel}","templated":true}]}}