{"id":60280,"date":"2023-11-23T11:20:19","date_gmt":"2023-11-23T14:20:19","guid":{"rendered":"https:\/\/lafase.cl\/?p=60280"},"modified":"2023-11-23T11:29:46","modified_gmt":"2023-11-23T14:29:46","slug":"fiesta-de-la-primavera-2023-y-cierre-de-las-ape","status":"publish","type":"post","link":"https:\/\/lafase.cl\/fr\/dernieres-nouvelles-fr\/fiesta-de-la-primavera-2023-y-cierre-de-las-ape\/","title":{"rendered":"Festival de printemps 2023 et cl\u00f4ture des APE"},"content":{"rendered":"<section class=\"wpb-content-wrapper\"><p>[vc_row][vc_column][vc_column_text]Le samedi 18 novembre, \u00e9l\u00e8ves et parents se sont rencontr\u00e9s sur le site de Chamisero pour profiter des pr\u00e9sentations de l&rsquo;APE, des ateliers, des jeux pour tous les \u00e2ges, des stands d&rsquo;entrepreneurs, vide grenier, de la musique live et d\u2019autres surprises.<\/p>\n<p>Nous remercions le CPA, l&rsquo;\u00e9quipe de l&rsquo;APE et tous ceux qui ont particip\u00e9 \u00e0 cette journ\u00e9e exceptionnelle.<\/p>\n<p>Nous vous donnons rendez-vous l&rsquo;ann\u00e9e prochaine ![\/vc_column_text][vc_video link=\u00a0\u00bbhttps:\/\/vimeo.com\/887640472?share=copy#t=0&Prime; align=\u00a0\u00bbcenter\u00a0\u00bb][\/vc_column][\/vc_row]<\/p>\n<\/section>","protected":false},"excerpt":{"rendered":"<p>[vc_row][vc_column][vc_column_text]Le samedi 18 novembre, \u00e9l\u00e8ves et parents se sont rencontr\u00e9s sur le site de Chamisero pour profiter des pr\u00e9sentations de&nbsp;<a href=\"https:\/\/lafase.cl\/fr\/dernieres-nouvelles-fr\/fiesta-de-la-primavera-2023-y-cierre-de-las-ape\/\">&hellip;<\/a><\/p>\n","protected":false},"author":50,"featured_media":60285,"comment_status":"open","ping_status":"open","sticky":false,"template":"","format":"standard","meta":{"om_disable_all_campaigns":false,"_monsterinsights_skip_tracking":false,"_monsterinsights_sitenote_active":false,"_monsterinsights_sitenote_note":"","_monsterinsights_sitenote_category":0},"categories":[39],"tags":[],"aioseo_notices":[],"_links":{"self":[{"href":"https:\/\/lafase.cl\/fr\/wp-json\/wp\/v2\/posts\/60280"}],"collection":[{"href":"https:\/\/lafase.cl\/fr\/wp-json\/wp\/v2\/posts"}],"about":[{"href":"https:\/\/lafase.cl\/fr\/wp-json\/wp\/v2\/types\/post"}],"author":[{"embeddable":true,"href":"https:\/\/lafase.cl\/fr\/wp-json\/wp\/v2\/users\/50"}],"replies":[{"embeddable":true,"href":"https:\/\/lafase.cl\/fr\/wp-json\/wp\/v2\/comments?post=60280"}],"version-history":[{"count":5,"href":"https:\/\/lafase.cl\/fr\/wp-json\/wp\/v2\/posts\/60280\/revisions"}],"predecessor-version":[{"id":60294,"href":"https:\/\/lafase.cl\/fr\/wp-json\/wp\/v2\/posts\/60280\/revisions\/60294"}],"wp:featuredmedia":[{"embeddable":true,"href":"https:\/\/lafase.cl\/fr\/wp-json\/wp\/v2\/media\/60285"}],"wp:attachment":[{"href":"https:\/\/lafase.cl\/fr\/wp-json\/wp\/v2\/media?parent=60280"}],"wp:term":[{"taxonomy":"category","embeddable":true,"href":"https:\/\/lafase.cl\/fr\/wp-json\/wp\/v2\/categories?post=60280"},{"taxonomy":"post_tag","embeddable":true,"href":"https:\/\/lafase.cl\/fr\/wp-json\/wp\/v2\/tags?post=60280"}],"curies":[{"name":"wp","href":"https:\/\/api.w.org\/{rel}","templated":true}]}}