{"id":59890,"date":"2023-11-14T14:41:40","date_gmt":"2023-11-14T17:41:40","guid":{"rendered":"https:\/\/lafase.cl\/?p=59890"},"modified":"2023-11-14T15:21:21","modified_gmt":"2023-11-14T18:21:21","slug":"exposition-art-et-geometrie-maternelle","status":"publish","type":"post","link":"https:\/\/lafase.cl\/fr\/dernieres-nouvelles-fr\/exposition-art-et-geometrie-maternelle\/","title":{"rendered":"Exposition \u00ab\u00a0Art et Geom\u00e9trie\u00a0\u00bb Maternelle"},"content":{"rendered":"<section class=\"wpb-content-wrapper\"><p>[vc_row][vc_column width=\u00a0\u00bb1\/2&Prime;][vc_column_text]Mercredi 8 et jeudi 9 novembre, l&rsquo;exposition \u00ab\u00a0Art et G\u00e9om\u00e9trie\u00a0\u00bb a eu lieu \u00e0 la Maternelle Vitacura, avec la participation de quelques classes de PS, MS et GS, ocasion dans laquelle\u00a0les parents ont pu appr\u00e9cier le travail r\u00e9alis\u00e9 par leurs enfants en classe.<\/p>\n<p>Dans ce projet,\u00a0les enfants ont int\u00e9gr\u00e9 des techniques remarquables pour repr\u00e9senter leur vision du monde, \u00ab\u00a0\u00e0 la mani\u00e8re de\u00a0\u00bb, c&rsquo;est-\u00e0-dire \u00e0 la mani\u00e8re d&rsquo;artistes renomm\u00e9s.[\/vc_column_text][\/vc_column][vc_column width=\u00a0\u00bb1\/2&Prime;][vc_gallery interval=\u00a0\u00bb5&Prime; images=\u00a0\u00bb59811,59813,59815,59817,59819,59821,59823,59825,59827,59829,59831,59833,59835,59837,59839,59841,59843,59845,59847,59849,59851,59853,59855,59857,59859,59861,59863,59865,59867,59869,59871,59873,59875,59877,59879,59881,59883,59885,59887&Prime; img_size=\u00a0\u00bbfull\u00a0\u00bb][\/vc_column][\/vc_row][vc_row][vc_column width=\u00a0\u00bb1\/2&Prime;][vc_column_text]De plus, pendant\u00a0ils travaillaient dans ce projet, la classe\u00a0MS6 a accueilli des \u00e9l\u00e8ves de l&rsquo;option Art de la Terminale PAES pour travailler ensemble, ce qui a donn\u00e9 lieu \u00e0 des r\u00e9sultats curieux et int\u00e9ressants.\u00a0Cette collaboration inter-niveaux a \u00e9t\u00e9 un excellent moyen de favoriser la cr\u00e9ativit\u00e9 et la compr\u00e9hension des figures g\u00e9om\u00e9triques, car elle a permis aux enfants d&rsquo;appliquer des concepts math\u00e9matiques \u00e0 des situations pratiques et artistiques.[\/vc_column_text][\/vc_column][vc_column width=\u00a0\u00bb1\/2&Prime;][vc_gallery interval=\u00a0\u00bb3&Prime; images=\u00a0\u00bb59898,59900,59902,59904,59906&Prime; img_size=\u00a0\u00bbfull\u00a0\u00bb][\/vc_column][\/vc_row]<\/p>\n<\/section>","protected":false},"excerpt":{"rendered":"<p>[vc_row][vc_column width=\u00a0\u00bb1\/2&Prime;][vc_column_text]Mercredi 8 et jeudi 9 novembre, l&rsquo;exposition \u00ab\u00a0Art et G\u00e9om\u00e9trie\u00a0\u00bb a eu lieu \u00e0 la Maternelle Vitacura, avec la&nbsp;<a href=\"https:\/\/lafase.cl\/fr\/dernieres-nouvelles-fr\/exposition-art-et-geometrie-maternelle\/\">&hellip;<\/a><\/p>\n","protected":false},"author":50,"featured_media":59882,"comment_status":"open","ping_status":"open","sticky":false,"template":"","format":"standard","meta":{"om_disable_all_campaigns":false,"_monsterinsights_skip_tracking":false,"_monsterinsights_sitenote_active":false,"_monsterinsights_sitenote_note":"","_monsterinsights_sitenote_category":0},"categories":[39],"tags":[],"aioseo_notices":[],"_links":{"self":[{"href":"https:\/\/lafase.cl\/fr\/wp-json\/wp\/v2\/posts\/59890"}],"collection":[{"href":"https:\/\/lafase.cl\/fr\/wp-json\/wp\/v2\/posts"}],"about":[{"href":"https:\/\/lafase.cl\/fr\/wp-json\/wp\/v2\/types\/post"}],"author":[{"embeddable":true,"href":"https:\/\/lafase.cl\/fr\/wp-json\/wp\/v2\/users\/50"}],"replies":[{"embeddable":true,"href":"https:\/\/lafase.cl\/fr\/wp-json\/wp\/v2\/comments?post=59890"}],"version-history":[{"count":6,"href":"https:\/\/lafase.cl\/fr\/wp-json\/wp\/v2\/posts\/59890\/revisions"}],"predecessor-version":[{"id":59921,"href":"https:\/\/lafase.cl\/fr\/wp-json\/wp\/v2\/posts\/59890\/revisions\/59921"}],"wp:featuredmedia":[{"embeddable":true,"href":"https:\/\/lafase.cl\/fr\/wp-json\/wp\/v2\/media\/59882"}],"wp:attachment":[{"href":"https:\/\/lafase.cl\/fr\/wp-json\/wp\/v2\/media?parent=59890"}],"wp:term":[{"taxonomy":"category","embeddable":true,"href":"https:\/\/lafase.cl\/fr\/wp-json\/wp\/v2\/categories?post=59890"},{"taxonomy":"post_tag","embeddable":true,"href":"https:\/\/lafase.cl\/fr\/wp-json\/wp\/v2\/tags?post=59890"}],"curies":[{"name":"wp","href":"https:\/\/api.w.org\/{rel}","templated":true}]}}