{"id":59315,"date":"2023-11-07T10:03:55","date_gmt":"2023-11-07T13:03:55","guid":{"rendered":"https:\/\/lafase.cl\/?p=59315"},"modified":"2023-11-07T10:03:55","modified_gmt":"2023-11-07T13:03:55","slug":"fete-de-la-science-2023","status":"publish","type":"post","link":"https:\/\/lafase.cl\/fr\/dernieres-nouvelles-fr\/fete-de-la-science-2023\/","title":{"rendered":"F\u00eate de la Science 2023"},"content":{"rendered":"<section class=\"wpb-content-wrapper\"><p>[vc_row][vc_column][vc_column_text]Du 25 septembre au 13 octobre, notre lyc\u00e9e ainsi que toutes les \u00e9coles fran\u00e7aises du Chili ont c\u00e9l\u00e9br\u00e9 la F\u00eate de la Science 2023, en collaboration avec l&rsquo;Institut fran\u00e7ais du Chili. Cette ann\u00e9e, cette initiative le th\u00e8me s\u2019est inspir\u00e9 des \u00ab\u00a017 objectifs de d\u00e9veloppement durable des Nations Unies\u00a0\u00bb.<\/p>\n<p>Les \u00e9l\u00e8ves de tous niveaux de Vitacura et Chamisero ont particip\u00e9 \u00e0 des tables rondes, des conf\u00e9rences, des ateliers et des jeux autour de la biodiversit\u00e9, de l&rsquo;intelligence artificielle et du recyclage des d\u00e9chets, entre autres\u2026<\/p>\n<p>Notre \u00e9cole a \u00e9galement re\u00e7u des invit\u00e9s ext\u00e9rieurs pour r\u00e9aliser des activit\u00e9s ou des ateliers tels que l\u2019\u00a0\u00bbAssistant virtuel pour l&rsquo;efficacit\u00e9 \u00e9nerg\u00e9tique\u00a0\u00bb pr\u00e9sent\u00e9 par l&rsquo;USACH, la possibilit\u00e9 de \u00ab\u00a0contr\u00f4ler un voilier de mani\u00e8re autonome en utilisant des techniques d&rsquo;apprentissage renforc\u00e9\u00a0\u00bb avec Inria Chile, une activit\u00e9 sur l'\u00a0\u00bbobservation du soleil \u00e0 travers un t\u00e9lescope\u00a0\u00bb de l&rsquo;Universit\u00e9 Andr\u00e9s Bello et un \u00ab\u00a0atelier de programmation et de fabrication de robots\u00a0\u00bb avec Inria Chile, parmi d&rsquo;autres.[\/vc_column_text][vc_gallery interval=\u00a0\u00bb10&Prime; images=\u00a0\u00bb59391,59393,59397,59399,59401,59403,59405,59407,59409,59411,59413&Prime;][\/vc_column][\/vc_row][vc_row][vc_column][vc_column_text]<span style=\"font-weight: 400;\">Les \u00e9l\u00e8ves de tous les niveaux ont d\u2019autre part d\u00e9velopp\u00e9 diverses activit\u00e9s pour valoriser l&rsquo;esprit scientifique. Par exemple, les \u00e9l\u00e8ves de maternelle, de primaire et de 6\u00e8me ont particip\u00e9 au d\u00e9fi scientifique \u00ab\u00a0Parachute\u00a0\u00bb.<\/span><span style=\"font-weight: 400;\"><br \/>\n<\/span><span style=\"font-weight: 400;\"><br \/>\n<\/span><span style=\"font-weight: 400;\">Les \u00e9l\u00e8ves de petite section ont appris \u00e0 cr\u00e9er du compost \u00e0 l\u2019aide de d\u00e9chets organiques et de lombrics, en collaboration avec un parent, membre de l&rsquo;entreprise Terraciclo.<\/span><span style=\"font-weight: 400;\"><br \/>\n<\/span><span style=\"font-weight: 400;\"><br \/>\n<\/span><span style=\"font-weight: 400;\">La F\u00eate de la Science, propos\u00e9e par le Minist\u00e8re de l&rsquo;Education Nationale, a pour objectif de promouvoir la culture scientifique aupr\u00e8s du grand public et de d\u00e9battre des enjeux de soci\u00e9t\u00e9 li\u00e9s \u00e0 la science et \u00e0 l&rsquo;innovation technologique.<\/span><span style=\"font-weight: 400;\"><br \/>\n<\/span>[\/vc_column_text][vc_gallery interval=\u00a0\u00bb10&Prime; images=\u00a0\u00bb59423,59421,59419,59417&Prime;][vc_column_text]<span style=\"font-weight: 400;\">Enfin, le jeudi 26 octobre, en guise de cl\u00f4ture, des \u00e9l\u00e8ves du primaire et du secondaire ont particip\u00e9 \u00e0 de multiples activit\u00e9s et d\u00e9fis scientifiques sur les deux sites.<\/span><span style=\"font-weight: 400;\"><br \/>\n<\/span><span style=\"font-weight: 400;\"><br \/>\n<\/span><span style=\"font-weight: 400;\">A Chamisero, les \u00e9l\u00e8ves du secondaire des classes 6C3, 5C2, 4C1, 4C2, 3C1 et 3C2 ont organis\u00e9 une exposition de d\u00e9fis scientifiques avec les enseignants du d\u00e9partement des sciences (physique, chimie, biologie et technologie). Les \u00e9l\u00e8ves du secondaire ont \u00e9galement invit\u00e9 les \u00e9l\u00e8ves du primaire des classes de CE2, CM1 et CM2 \u00e0 expliquer les exp\u00e9riences r\u00e9alis\u00e9es.<\/span><span style=\"font-weight: 400;\"><br \/>\n<\/span><span style=\"font-weight: 400;\"><br \/>\n<\/span>[\/vc_column_text][vc_gallery interval=\u00a0\u00bb10&Prime; images=\u00a0\u00bb59427,59429,59431,59433,59435,59437,59425&Prime;][vc_column_text]<span style=\"font-weight: 400;\">Sur le site de Vitacura, les \u00e9l\u00e8ves de premi\u00e8re ont \u00e9galement install\u00e9 des stands pour pr\u00e9senter leurs exp\u00e9riences scientifiques et ont invit\u00e9 les \u00e9l\u00e8ves de l\u2019\u00e9cole primaire \u00e0 explorer le monde de la science \u00e0 travers leurs expositions. En outre, les \u00e9l\u00e8ves de l&rsquo;\u00e9cole maternelle se sont vu proposer de petits d\u00e9fis pour aborder les sciences, tout en c\u00e9l\u00e9brant la f\u00eate d&rsquo;Halloween.<\/span><span style=\"font-weight: 400;\"><br \/>\n<\/span><span style=\"font-weight: 400;\"><br \/>\n<\/span>[\/vc_column_text][vc_gallery interval=\u00a0\u00bb3&Prime; images=\u00a0\u00bb59440,59442,59444,59446,59448,59450,59452&Prime;][vc_column_text]<span style=\"font-weight: 400;\">F\u00e9licitations aux enseignants et \u00e0 tous les \u00e9l\u00e8ves pour avoir fait ressortir l&rsquo;esprit scientifique et montr\u00e9 l&rsquo;attrait de la science \u00e0 travers de petites exp\u00e9riences !<\/span>[\/vc_column_text][\/vc_column][\/vc_row]<\/p>\n<\/section>","protected":false},"excerpt":{"rendered":"<p>[vc_row][vc_column][vc_column_text]Du 25 septembre au 13 octobre, notre lyc\u00e9e ainsi que toutes les \u00e9coles fran\u00e7aises du Chili ont c\u00e9l\u00e9br\u00e9 la F\u00eate&nbsp;<a href=\"https:\/\/lafase.cl\/fr\/dernieres-nouvelles-fr\/fete-de-la-science-2023\/\">&hellip;<\/a><\/p>\n","protected":false},"author":50,"featured_media":59423,"comment_status":"open","ping_status":"open","sticky":false,"template":"","format":"standard","meta":{"om_disable_all_campaigns":false,"_monsterinsights_skip_tracking":false,"_monsterinsights_sitenote_active":false,"_monsterinsights_sitenote_note":"","_monsterinsights_sitenote_category":0},"categories":[39],"tags":[],"aioseo_notices":[],"_links":{"self":[{"href":"https:\/\/lafase.cl\/fr\/wp-json\/wp\/v2\/posts\/59315"}],"collection":[{"href":"https:\/\/lafase.cl\/fr\/wp-json\/wp\/v2\/posts"}],"about":[{"href":"https:\/\/lafase.cl\/fr\/wp-json\/wp\/v2\/types\/post"}],"author":[{"embeddable":true,"href":"https:\/\/lafase.cl\/fr\/wp-json\/wp\/v2\/users\/50"}],"replies":[{"embeddable":true,"href":"https:\/\/lafase.cl\/fr\/wp-json\/wp\/v2\/comments?post=59315"}],"version-history":[{"count":3,"href":"https:\/\/lafase.cl\/fr\/wp-json\/wp\/v2\/posts\/59315\/revisions"}],"predecessor-version":[{"id":59516,"href":"https:\/\/lafase.cl\/fr\/wp-json\/wp\/v2\/posts\/59315\/revisions\/59516"}],"wp:featuredmedia":[{"embeddable":true,"href":"https:\/\/lafase.cl\/fr\/wp-json\/wp\/v2\/media\/59423"}],"wp:attachment":[{"href":"https:\/\/lafase.cl\/fr\/wp-json\/wp\/v2\/media?parent=59315"}],"wp:term":[{"taxonomy":"category","embeddable":true,"href":"https:\/\/lafase.cl\/fr\/wp-json\/wp\/v2\/categories?post=59315"},{"taxonomy":"post_tag","embeddable":true,"href":"https:\/\/lafase.cl\/fr\/wp-json\/wp\/v2\/tags?post=59315"}],"curies":[{"name":"wp","href":"https:\/\/api.w.org\/{rel}","templated":true}]}}