{"id":59274,"date":"2023-11-02T22:13:28","date_gmt":"2023-11-03T01:13:28","guid":{"rendered":"https:\/\/lafase.cl\/?p=59274"},"modified":"2023-11-02T22:13:28","modified_gmt":"2023-11-03T01:13:28","slug":"inter-alliances-de-football-2023","status":"publish","type":"post","link":"https:\/\/lafase.cl\/fr\/dernieres-nouvelles-fr\/inter-alliances-de-football-2023\/","title":{"rendered":"Inter Alliances de football 2023"},"content":{"rendered":"<p>Les vendredi 20 et samedi 21 octobre, nos sportifs de football ont montr\u00e9 tout leur talent lors des Inter-Alliances de football 2023. A cette occasion, 6 \u00e9quipes ont particip\u00e9 : L&rsquo;alliance fran\u00e7aise de Vitacura, Concepci\u00f3n, Vi\u00f1a del Mar, Curic\u00f3 et deux \u00e9quipes de l&rsquo;antenne de Chamisero. Les r\u00e9sultats finaux du concours sont les suivants<\/p>\n<p>1\u00e8re place : Alliance Fran\u00e7aise Concepci\u00f3n.<\/p>\n<p>2\u00e8me place : Alliance Fran\u00e7aise Chamisero (A).<\/p>\n<p>3\u00e8me place : Alliance Fran\u00e7aise Vi\u00f1a del Mar.<\/p>\n<p>4\u00e8me place : Alliance Fran\u00e7aise Curic\u00f3.<\/p>\n<p>5\u00e8me place : Alliance Fran\u00e7aise Vitacura.<\/p>\n<p>6\u00e8me place : Alliance Fran\u00e7aise Chamisero (B).<\/p>\n<p>F\u00e9licitations \u00e0 tous les participants pour leur engagement, leurs efforts et leur pers\u00e9v\u00e9rance ! Nous remercions \u00e9galement les enseignants pour leur d\u00e9vouement et leur implication dans l&rsquo;\u00e9v\u00e9nement.<\/p>\n<p><img decoding=\"async\" loading=\"lazy\" class=\"alignnone size-medium wp-image-59275\" src=\"https:\/\/lafase.cl\/wp-content\/uploads\/2023\/11\/WhatsApp-Image-2023-10-23-at-10.16.28-2-1-300x225.jpeg\" alt=\"\" width=\"300\" height=\"225\" srcset=\"https:\/\/lafase.cl\/wp-content\/uploads\/2023\/11\/WhatsApp-Image-2023-10-23-at-10.16.28-2-1-300x225.jpeg 300w, https:\/\/lafase.cl\/wp-content\/uploads\/2023\/11\/WhatsApp-Image-2023-10-23-at-10.16.28-2-1-1024x768.jpeg 1024w, https:\/\/lafase.cl\/wp-content\/uploads\/2023\/11\/WhatsApp-Image-2023-10-23-at-10.16.28-2-1-768x576.jpeg 768w, https:\/\/lafase.cl\/wp-content\/uploads\/2023\/11\/WhatsApp-Image-2023-10-23-at-10.16.28-2-1-1536x1152.jpeg 1536w, https:\/\/lafase.cl\/wp-content\/uploads\/2023\/11\/WhatsApp-Image-2023-10-23-at-10.16.28-2-1-150x113.jpeg 150w, https:\/\/lafase.cl\/wp-content\/uploads\/2023\/11\/WhatsApp-Image-2023-10-23-at-10.16.28-2-1.jpeg 1600w\" sizes=\"(max-width: 300px) 100vw, 300px\" \/> <img decoding=\"async\" loading=\"lazy\" class=\"alignnone size-medium wp-image-59277\" src=\"https:\/\/lafase.cl\/wp-content\/uploads\/2023\/11\/WhatsApp-Image-2023-11-02-at-19.12.20-2-1-225x300.jpeg\" alt=\"\" width=\"225\" height=\"300\" srcset=\"https:\/\/lafase.cl\/wp-content\/uploads\/2023\/11\/WhatsApp-Image-2023-11-02-at-19.12.20-2-1-225x300.jpeg 225w, https:\/\/lafase.cl\/wp-content\/uploads\/2023\/11\/WhatsApp-Image-2023-11-02-at-19.12.20-2-1-768x1024.jpeg 768w, https:\/\/lafase.cl\/wp-content\/uploads\/2023\/11\/WhatsApp-Image-2023-11-02-at-19.12.20-2-1-1152x1536.jpeg 1152w, https:\/\/lafase.cl\/wp-content\/uploads\/2023\/11\/WhatsApp-Image-2023-11-02-at-19.12.20-2-1-113x150.jpeg 113w, https:\/\/lafase.cl\/wp-content\/uploads\/2023\/11\/WhatsApp-Image-2023-11-02-at-19.12.20-2-1.jpeg 1200w\" sizes=\"(max-width: 225px) 100vw, 225px\" \/> <img decoding=\"async\" loading=\"lazy\" class=\"alignnone size-medium wp-image-59279\" src=\"https:\/\/lafase.cl\/wp-content\/uploads\/2023\/11\/WhatsApp-Image-2023-11-02-at-19.12.20-1-1-225x300.jpeg\" alt=\"\" width=\"225\" height=\"300\" srcset=\"https:\/\/lafase.cl\/wp-content\/uploads\/2023\/11\/WhatsApp-Image-2023-11-02-at-19.12.20-1-1-225x300.jpeg 225w, https:\/\/lafase.cl\/wp-content\/uploads\/2023\/11\/WhatsApp-Image-2023-11-02-at-19.12.20-1-1-768x1024.jpeg 768w, https:\/\/lafase.cl\/wp-content\/uploads\/2023\/11\/WhatsApp-Image-2023-11-02-at-19.12.20-1-1-1152x1536.jpeg 1152w, https:\/\/lafase.cl\/wp-content\/uploads\/2023\/11\/WhatsApp-Image-2023-11-02-at-19.12.20-1-1-113x150.jpeg 113w, https:\/\/lafase.cl\/wp-content\/uploads\/2023\/11\/WhatsApp-Image-2023-11-02-at-19.12.20-1-1.jpeg 1200w\" sizes=\"(max-width: 225px) 100vw, 225px\" \/> <img decoding=\"async\" loading=\"lazy\" class=\"alignnone size-medium wp-image-59281\" src=\"https:\/\/lafase.cl\/wp-content\/uploads\/2023\/11\/WhatsApp-Image-2023-11-02-at-19.12.20-3-225x300.jpeg\" alt=\"\" width=\"225\" height=\"300\" srcset=\"https:\/\/lafase.cl\/wp-content\/uploads\/2023\/11\/WhatsApp-Image-2023-11-02-at-19.12.20-3-225x300.jpeg 225w, https:\/\/lafase.cl\/wp-content\/uploads\/2023\/11\/WhatsApp-Image-2023-11-02-at-19.12.20-3-768x1024.jpeg 768w, https:\/\/lafase.cl\/wp-content\/uploads\/2023\/11\/WhatsApp-Image-2023-11-02-at-19.12.20-3-113x150.jpeg 113w, https:\/\/lafase.cl\/wp-content\/uploads\/2023\/11\/WhatsApp-Image-2023-11-02-at-19.12.20-3.jpeg 960w\" sizes=\"(max-width: 225px) 100vw, 225px\" \/> <img decoding=\"async\" loading=\"lazy\" class=\"alignnone size-medium wp-image-59283\" src=\"https:\/\/lafase.cl\/wp-content\/uploads\/2023\/11\/WhatsApp-Image-2023-11-02-at-19.12.18-1-300x135.jpeg\" alt=\"\" width=\"300\" height=\"135\" srcset=\"https:\/\/lafase.cl\/wp-content\/uploads\/2023\/11\/WhatsApp-Image-2023-11-02-at-19.12.18-1-300x135.jpeg 300w, https:\/\/lafase.cl\/wp-content\/uploads\/2023\/11\/WhatsApp-Image-2023-11-02-at-19.12.18-1-1024x461.jpeg 1024w, https:\/\/lafase.cl\/wp-content\/uploads\/2023\/11\/WhatsApp-Image-2023-11-02-at-19.12.18-1-768x346.jpeg 768w, https:\/\/lafase.cl\/wp-content\/uploads\/2023\/11\/WhatsApp-Image-2023-11-02-at-19.12.18-1-150x68.jpeg 150w, https:\/\/lafase.cl\/wp-content\/uploads\/2023\/11\/WhatsApp-Image-2023-11-02-at-19.12.18-1.jpeg 1280w\" sizes=\"(max-width: 300px) 100vw, 300px\" \/> <img decoding=\"async\" loading=\"lazy\" class=\"alignnone size-medium wp-image-59285\" src=\"https:\/\/lafase.cl\/wp-content\/uploads\/2023\/11\/WhatsApp-Image-2023-10-23-at-09.01.22-1-1-135x300.jpeg\" alt=\"\" width=\"135\" height=\"300\" srcset=\"https:\/\/lafase.cl\/wp-content\/uploads\/2023\/11\/WhatsApp-Image-2023-10-23-at-09.01.22-1-1-135x300.jpeg 135w, https:\/\/lafase.cl\/wp-content\/uploads\/2023\/11\/WhatsApp-Image-2023-10-23-at-09.01.22-1-1-461x1024.jpeg 461w, https:\/\/lafase.cl\/wp-content\/uploads\/2023\/11\/WhatsApp-Image-2023-10-23-at-09.01.22-1-1-691x1536.jpeg 691w, https:\/\/lafase.cl\/wp-content\/uploads\/2023\/11\/WhatsApp-Image-2023-10-23-at-09.01.22-1-1-68x150.jpeg 68w, https:\/\/lafase.cl\/wp-content\/uploads\/2023\/11\/WhatsApp-Image-2023-10-23-at-09.01.22-1-1.jpeg 720w\" sizes=\"(max-width: 135px) 100vw, 135px\" \/> <img decoding=\"async\" loading=\"lazy\" class=\"alignnone size-medium wp-image-59287\" src=\"https:\/\/lafase.cl\/wp-content\/uploads\/2023\/11\/WhatsApp-Image-2023-10-23-at-09.01.22-2-135x300.jpeg\" alt=\"\" width=\"135\" height=\"300\" srcset=\"https:\/\/lafase.cl\/wp-content\/uploads\/2023\/11\/WhatsApp-Image-2023-10-23-at-09.01.22-2-135x300.jpeg 135w, https:\/\/lafase.cl\/wp-content\/uploads\/2023\/11\/WhatsApp-Image-2023-10-23-at-09.01.22-2-461x1024.jpeg 461w, https:\/\/lafase.cl\/wp-content\/uploads\/2023\/11\/WhatsApp-Image-2023-10-23-at-09.01.22-2-691x1536.jpeg 691w, https:\/\/lafase.cl\/wp-content\/uploads\/2023\/11\/WhatsApp-Image-2023-10-23-at-09.01.22-2-68x150.jpeg 68w, https:\/\/lafase.cl\/wp-content\/uploads\/2023\/11\/WhatsApp-Image-2023-10-23-at-09.01.22-2.jpeg 720w\" sizes=\"(max-width: 135px) 100vw, 135px\" \/> <img decoding=\"async\" loading=\"lazy\" class=\"alignnone size-medium wp-image-59289\" src=\"https:\/\/lafase.cl\/wp-content\/uploads\/2023\/11\/WhatsApp-Image-2023-10-23-at-09.01.21-2-1-135x300.jpeg\" alt=\"\" width=\"135\" height=\"300\" srcset=\"https:\/\/lafase.cl\/wp-content\/uploads\/2023\/11\/WhatsApp-Image-2023-10-23-at-09.01.21-2-1-135x300.jpeg 135w, https:\/\/lafase.cl\/wp-content\/uploads\/2023\/11\/WhatsApp-Image-2023-10-23-at-09.01.21-2-1-461x1024.jpeg 461w, https:\/\/lafase.cl\/wp-content\/uploads\/2023\/11\/WhatsApp-Image-2023-10-23-at-09.01.21-2-1-691x1536.jpeg 691w, https:\/\/lafase.cl\/wp-content\/uploads\/2023\/11\/WhatsApp-Image-2023-10-23-at-09.01.21-2-1-68x150.jpeg 68w, https:\/\/lafase.cl\/wp-content\/uploads\/2023\/11\/WhatsApp-Image-2023-10-23-at-09.01.21-2-1.jpeg 720w\" sizes=\"(max-width: 135px) 100vw, 135px\" \/> <img decoding=\"async\" loading=\"lazy\" class=\"alignnone size-medium wp-image-59291\" src=\"https:\/\/lafase.cl\/wp-content\/uploads\/2023\/11\/WhatsApp-Image-2023-10-23-at-09.01.21-1-1-135x300.jpeg\" alt=\"\" width=\"135\" height=\"300\" srcset=\"https:\/\/lafase.cl\/wp-content\/uploads\/2023\/11\/WhatsApp-Image-2023-10-23-at-09.01.21-1-1-135x300.jpeg 135w, https:\/\/lafase.cl\/wp-content\/uploads\/2023\/11\/WhatsApp-Image-2023-10-23-at-09.01.21-1-1-461x1024.jpeg 461w, https:\/\/lafase.cl\/wp-content\/uploads\/2023\/11\/WhatsApp-Image-2023-10-23-at-09.01.21-1-1-691x1536.jpeg 691w, https:\/\/lafase.cl\/wp-content\/uploads\/2023\/11\/WhatsApp-Image-2023-10-23-at-09.01.21-1-1-68x150.jpeg 68w, https:\/\/lafase.cl\/wp-content\/uploads\/2023\/11\/WhatsApp-Image-2023-10-23-at-09.01.21-1-1.jpeg 720w\" sizes=\"(max-width: 135px) 100vw, 135px\" \/> <img decoding=\"async\" loading=\"lazy\" class=\"alignnone size-medium wp-image-59293\" src=\"https:\/\/lafase.cl\/wp-content\/uploads\/2023\/11\/WhatsApp-Image-2023-10-23-at-09.01.21-3-300x135.jpeg\" alt=\"\" width=\"300\" height=\"135\" srcset=\"https:\/\/lafase.cl\/wp-content\/uploads\/2023\/11\/WhatsApp-Image-2023-10-23-at-09.01.21-3-300x135.jpeg 300w, https:\/\/lafase.cl\/wp-content\/uploads\/2023\/11\/WhatsApp-Image-2023-10-23-at-09.01.21-3-1024x461.jpeg 1024w, https:\/\/lafase.cl\/wp-content\/uploads\/2023\/11\/WhatsApp-Image-2023-10-23-at-09.01.21-3-768x346.jpeg 768w, https:\/\/lafase.cl\/wp-content\/uploads\/2023\/11\/WhatsApp-Image-2023-10-23-at-09.01.21-3-1536x691.jpeg 1536w, https:\/\/lafase.cl\/wp-content\/uploads\/2023\/11\/WhatsApp-Image-2023-10-23-at-09.01.21-3-150x68.jpeg 150w, https:\/\/lafase.cl\/wp-content\/uploads\/2023\/11\/WhatsApp-Image-2023-10-23-at-09.01.21-3.jpeg 1600w\" sizes=\"(max-width: 300px) 100vw, 300px\" \/> <img decoding=\"async\" loading=\"lazy\" class=\"alignnone size-medium wp-image-59295\" src=\"https:\/\/lafase.cl\/wp-content\/uploads\/2023\/11\/WhatsApp-Image-2023-10-23-at-10.16.28-1-1-300x225.jpeg\" alt=\"\" width=\"300\" height=\"225\" srcset=\"https:\/\/lafase.cl\/wp-content\/uploads\/2023\/11\/WhatsApp-Image-2023-10-23-at-10.16.28-1-1-300x225.jpeg 300w, https:\/\/lafase.cl\/wp-content\/uploads\/2023\/11\/WhatsApp-Image-2023-10-23-at-10.16.28-1-1-1024x768.jpeg 1024w, https:\/\/lafase.cl\/wp-content\/uploads\/2023\/11\/WhatsApp-Image-2023-10-23-at-10.16.28-1-1-768x576.jpeg 768w, https:\/\/lafase.cl\/wp-content\/uploads\/2023\/11\/WhatsApp-Image-2023-10-23-at-10.16.28-1-1-1536x1152.jpeg 1536w, https:\/\/lafase.cl\/wp-content\/uploads\/2023\/11\/WhatsApp-Image-2023-10-23-at-10.16.28-1-1-150x113.jpeg 150w, https:\/\/lafase.cl\/wp-content\/uploads\/2023\/11\/WhatsApp-Image-2023-10-23-at-10.16.28-1-1.jpeg 1600w\" sizes=\"(max-width: 300px) 100vw, 300px\" \/> <img decoding=\"async\" loading=\"lazy\" class=\"alignnone size-medium wp-image-59297\" src=\"https:\/\/lafase.cl\/wp-content\/uploads\/2023\/11\/WhatsApp-Image-2023-10-23-at-10.16.28-3-300x225.jpeg\" alt=\"\" width=\"300\" height=\"225\" srcset=\"https:\/\/lafase.cl\/wp-content\/uploads\/2023\/11\/WhatsApp-Image-2023-10-23-at-10.16.28-3-300x225.jpeg 300w, https:\/\/lafase.cl\/wp-content\/uploads\/2023\/11\/WhatsApp-Image-2023-10-23-at-10.16.28-3-1024x768.jpeg 1024w, https:\/\/lafase.cl\/wp-content\/uploads\/2023\/11\/WhatsApp-Image-2023-10-23-at-10.16.28-3-768x576.jpeg 768w, https:\/\/lafase.cl\/wp-content\/uploads\/2023\/11\/WhatsApp-Image-2023-10-23-at-10.16.28-3-1536x1152.jpeg 1536w, https:\/\/lafase.cl\/wp-content\/uploads\/2023\/11\/WhatsApp-Image-2023-10-23-at-10.16.28-3-150x113.jpeg 150w, https:\/\/lafase.cl\/wp-content\/uploads\/2023\/11\/WhatsApp-Image-2023-10-23-at-10.16.28-3.jpeg 1600w\" sizes=\"(max-width: 300px) 100vw, 300px\" \/><\/p>\n","protected":false},"excerpt":{"rendered":"<p>Les vendredi 20 et samedi 21 octobre, nos sportifs de football ont montr\u00e9 tout leur talent lors des Inter-Alliances de&nbsp;<a href=\"https:\/\/lafase.cl\/fr\/dernieres-nouvelles-fr\/inter-alliances-de-football-2023\/\">&hellip;<\/a><\/p>\n","protected":false},"author":50,"featured_media":59275,"comment_status":"open","ping_status":"open","sticky":false,"template":"","format":"standard","meta":{"om_disable_all_campaigns":false,"_monsterinsights_skip_tracking":false,"_monsterinsights_sitenote_active":false,"_monsterinsights_sitenote_note":"","_monsterinsights_sitenote_category":0},"categories":[39],"tags":[],"aioseo_notices":[],"_links":{"self":[{"href":"https:\/\/lafase.cl\/fr\/wp-json\/wp\/v2\/posts\/59274"}],"collection":[{"href":"https:\/\/lafase.cl\/fr\/wp-json\/wp\/v2\/posts"}],"about":[{"href":"https:\/\/lafase.cl\/fr\/wp-json\/wp\/v2\/types\/post"}],"author":[{"embeddable":true,"href":"https:\/\/lafase.cl\/fr\/wp-json\/wp\/v2\/users\/50"}],"replies":[{"embeddable":true,"href":"https:\/\/lafase.cl\/fr\/wp-json\/wp\/v2\/comments?post=59274"}],"version-history":[{"count":2,"href":"https:\/\/lafase.cl\/fr\/wp-json\/wp\/v2\/posts\/59274\/revisions"}],"predecessor-version":[{"id":59300,"href":"https:\/\/lafase.cl\/fr\/wp-json\/wp\/v2\/posts\/59274\/revisions\/59300"}],"wp:featuredmedia":[{"embeddable":true,"href":"https:\/\/lafase.cl\/fr\/wp-json\/wp\/v2\/media\/59275"}],"wp:attachment":[{"href":"https:\/\/lafase.cl\/fr\/wp-json\/wp\/v2\/media?parent=59274"}],"wp:term":[{"taxonomy":"category","embeddable":true,"href":"https:\/\/lafase.cl\/fr\/wp-json\/wp\/v2\/categories?post=59274"},{"taxonomy":"post_tag","embeddable":true,"href":"https:\/\/lafase.cl\/fr\/wp-json\/wp\/v2\/tags?post=59274"}],"curies":[{"name":"wp","href":"https:\/\/api.w.org\/{rel}","templated":true}]}}