{"id":56819,"date":"2023-08-03T11:49:56","date_gmt":"2023-08-03T15:49:56","guid":{"rendered":"https:\/\/lafase.cl\/?p=56819"},"modified":"2023-08-03T11:55:15","modified_gmt":"2023-08-03T15:55:15","slug":"2o-lugar-del-nivel-gs-vitacura-en-el-concurso-poeclic-2023","status":"publish","type":"post","link":"https:\/\/lafase.cl\/fr\/dernieres-nouvelles-fr\/2o-lugar-del-nivel-gs-vitacura-en-el-concurso-poeclic-2023\/","title":{"rendered":"2\u00e8me prix pour les GS de Vitacura au concours Po\u00e9clic 2023!"},"content":{"rendered":"<section class=\"wpb-content-wrapper\"><p>[vc_row][vc_column][vc_column_text]<\/p>\n<div dir=\"auto\">\n<div dir=\"auto\">UN DIALOGUE PO\u00c9TIQUE R\u00c9COMPENS\u00c9 POUR NOS \u00c9L\u00c8VES DE GRANDE SECTION VITACURA<\/div>\n<div dir=\"auto\">Un grand bravo <span class=\"x3nfvp2 x1j61x8r x1fcty0u xdj266r xhhsvwb xat24cr xgzva0m xxymvpz xlup9mm x1kky2od\"><img decoding=\"async\" loading=\"lazy\" src=\"https:\/\/static.xx.fbcdn.net\/images\/emoji.php\/v9\/t9d\/2\/16\/1f44f.png\" alt=\"\ud83d\udc4f\" width=\"16\" height=\"16\" \/><\/span> aux classes de Grande Section de Vitacura qui ont remport\u00e9 le 2\u00e8me prix <span class=\"x3nfvp2 x1j61x8r x1fcty0u xdj266r xhhsvwb xat24cr xgzva0m xxymvpz xlup9mm x1kky2od\"><img decoding=\"async\" loading=\"lazy\" src=\"https:\/\/static.xx.fbcdn.net\/images\/emoji.php\/v9\/tb4\/2\/16\/1f948.png\" alt=\"\ud83e\udd48\" width=\"16\" height=\"16\" \/><\/span>au concours POECLIC2023 ! En effet, les \u00e9l\u00e8ves et enseignantes de GS1, GS2, GS3, GS4, GS5 et GS6 ont particip\u00e9 \u00e0 cette op\u00e9ration qui a permis le dialogue entre 50 po\u00e8tes francophones et 100 classes d&rsquo;Am\u00e9rique latine et d&rsquo;Europe du sud-est des lyc\u00e9es fran\u00e7ais de l\u2019AEFE, de la maternelle \u00e0 la terminale. Nous vous pr\u00e9sentons aujourd\u2019hui la vid\u00e9o du projet gagnant r\u00e9alis\u00e9 en classe! F\u00e9licitations aux \u00e9l\u00e8ves et aux enseignantes qui ont mis du coeur \u00e0 l\u2019ouvrage!<\/div>\n<\/div>\n<p>[\/vc_column_text][vc_video link=\u00a0\u00bbhttps:\/\/vimeo.com\/851334196?share=copy\u00a0\u00bb][\/vc_column][\/vc_row]<\/p>\n<\/section>","protected":false},"excerpt":{"rendered":"<p>[vc_row][vc_column][vc_column_text] UN DIALOGUE PO\u00c9TIQUE R\u00c9COMPENS\u00c9 POUR NOS \u00c9L\u00c8VES DE GRANDE SECTION VITACURA Un grand bravo aux classes de Grande Section&nbsp;<a href=\"https:\/\/lafase.cl\/fr\/dernieres-nouvelles-fr\/2o-lugar-del-nivel-gs-vitacura-en-el-concurso-poeclic-2023\/\">&hellip;<\/a><\/p>\n","protected":false},"author":3,"featured_media":56823,"comment_status":"closed","ping_status":"closed","sticky":false,"template":"","format":"standard","meta":{"om_disable_all_campaigns":false,"_monsterinsights_skip_tracking":false,"_monsterinsights_sitenote_active":false,"_monsterinsights_sitenote_note":"","_monsterinsights_sitenote_category":0},"categories":[39],"tags":[],"aioseo_notices":[],"_links":{"self":[{"href":"https:\/\/lafase.cl\/fr\/wp-json\/wp\/v2\/posts\/56819"}],"collection":[{"href":"https:\/\/lafase.cl\/fr\/wp-json\/wp\/v2\/posts"}],"about":[{"href":"https:\/\/lafase.cl\/fr\/wp-json\/wp\/v2\/types\/post"}],"author":[{"embeddable":true,"href":"https:\/\/lafase.cl\/fr\/wp-json\/wp\/v2\/users\/3"}],"replies":[{"embeddable":true,"href":"https:\/\/lafase.cl\/fr\/wp-json\/wp\/v2\/comments?post=56819"}],"version-history":[{"count":3,"href":"https:\/\/lafase.cl\/fr\/wp-json\/wp\/v2\/posts\/56819\/revisions"}],"predecessor-version":[{"id":56825,"href":"https:\/\/lafase.cl\/fr\/wp-json\/wp\/v2\/posts\/56819\/revisions\/56825"}],"wp:featuredmedia":[{"embeddable":true,"href":"https:\/\/lafase.cl\/fr\/wp-json\/wp\/v2\/media\/56823"}],"wp:attachment":[{"href":"https:\/\/lafase.cl\/fr\/wp-json\/wp\/v2\/media?parent=56819"}],"wp:term":[{"taxonomy":"category","embeddable":true,"href":"https:\/\/lafase.cl\/fr\/wp-json\/wp\/v2\/categories?post=56819"},{"taxonomy":"post_tag","embeddable":true,"href":"https:\/\/lafase.cl\/fr\/wp-json\/wp\/v2\/tags?post=56819"}],"curies":[{"name":"wp","href":"https:\/\/api.w.org\/{rel}","templated":true}]}}