{"id":53727,"date":"2023-05-17T15:07:04","date_gmt":"2023-05-17T19:07:04","guid":{"rendered":"https:\/\/lafase.cl\/?p=53727"},"modified":"2023-05-17T15:11:56","modified_gmt":"2023-05-17T19:11:56","slug":"semana-olimpica-y-paralimpica-sop2023","status":"publish","type":"post","link":"https:\/\/lafase.cl\/fr\/dernieres-nouvelles-fr\/semana-olimpica-y-paralimpica-sop2023\/","title":{"rendered":"Semaine olympique et paralympique #SOP2023"},"content":{"rendered":"<section class=\"wpb-content-wrapper\"><p>[vc_row][vc_column][vc_custom_heading text=\u00a0\u00bbDans le cadre de la semaine de la presse et de la semaine olympique et paralympique, les \u00e9l\u00e8ves de CM2 ont pu rencontrer virtuellement deux sportifs fran\u00e7ais et deux sportifs chiliens. Ils ont pu ainsi profiter de ce moment pour poser de nombreuses questions. Le travail ne s&rsquo;est pas arr\u00eat\u00e9 l\u00e0. Dans une 2\u00e8me \u00e9tape, les \u00e9l\u00e8ves se sont mis dans la peau de vrais journalistes \ud83c\udfa4 en posant les questions face \u00e0 la cam\u00e9ra, comme un vrai studio de t\u00e9l\u00e9vision.\u00a0\u00bb font_container=\u00a0\u00bbtag:h3|font_size:16px|text_align:justify\u00a0\u00bb use_theme_fonts=\u00a0\u00bbyes\u00a0\u00bb][\/vc_column][\/vc_row][vc_row][vc_column width=\u00a0\u00bb1\/2&Prime;][vc_column_text]<\/p>\n<div dir=\"auto\" style=\"text-align: justify;\">Voici la premi\u00e8re capsule: \u00ab\u00a0En direct avec Jonathan Lobert, m\u00e9daill\u00e9 de bronze <span class=\"x3nfvp2 x1j61x8r x1fcty0u xdj266r xhhsvwb xat24cr xgzva0m xxymvpz xlup9mm x1kky2od\"><img decoding=\"async\" loading=\"lazy\" src=\"https:\/\/static.xx.fbcdn.net\/images\/emoji.php\/v9\/t35\/2\/16\/1f949.png\" alt=\"\ud83e\udd49\" width=\"16\" height=\"16\" \/><\/span> aux Jeux Olympiques de Londres 2012 :<\/div>\n<p>[\/vc_column_text][vc_video link=\u00a0\u00bbhttps:\/\/vimeo.com\/819599623?share=copy\u00a0\u00bb][\/vc_column][vc_column width=\u00a0\u00bb1\/2&Prime;][\/vc_column][\/vc_row]<\/p>\n<\/section>","protected":false},"excerpt":{"rendered":"<p>[vc_row][vc_column][vc_custom_heading text=\u00a0\u00bbDans le cadre de la semaine de la presse et de la semaine olympique et paralympique, les \u00e9l\u00e8ves de&nbsp;<a href=\"https:\/\/lafase.cl\/fr\/dernieres-nouvelles-fr\/semana-olimpica-y-paralimpica-sop2023\/\">&hellip;<\/a><\/p>\n","protected":false},"author":3,"featured_media":53725,"comment_status":"closed","ping_status":"closed","sticky":false,"template":"","format":"standard","meta":{"om_disable_all_campaigns":false,"_monsterinsights_skip_tracking":false,"_monsterinsights_sitenote_active":false,"_monsterinsights_sitenote_note":"","_monsterinsights_sitenote_category":0},"categories":[39],"tags":[],"aioseo_notices":[],"_links":{"self":[{"href":"https:\/\/lafase.cl\/fr\/wp-json\/wp\/v2\/posts\/53727"}],"collection":[{"href":"https:\/\/lafase.cl\/fr\/wp-json\/wp\/v2\/posts"}],"about":[{"href":"https:\/\/lafase.cl\/fr\/wp-json\/wp\/v2\/types\/post"}],"author":[{"embeddable":true,"href":"https:\/\/lafase.cl\/fr\/wp-json\/wp\/v2\/users\/3"}],"replies":[{"embeddable":true,"href":"https:\/\/lafase.cl\/fr\/wp-json\/wp\/v2\/comments?post=53727"}],"version-history":[{"count":6,"href":"https:\/\/lafase.cl\/fr\/wp-json\/wp\/v2\/posts\/53727\/revisions"}],"predecessor-version":[{"id":53738,"href":"https:\/\/lafase.cl\/fr\/wp-json\/wp\/v2\/posts\/53727\/revisions\/53738"}],"wp:featuredmedia":[{"embeddable":true,"href":"https:\/\/lafase.cl\/fr\/wp-json\/wp\/v2\/media\/53725"}],"wp:attachment":[{"href":"https:\/\/lafase.cl\/fr\/wp-json\/wp\/v2\/media?parent=53727"}],"wp:term":[{"taxonomy":"category","embeddable":true,"href":"https:\/\/lafase.cl\/fr\/wp-json\/wp\/v2\/categories?post=53727"},{"taxonomy":"post_tag","embeddable":true,"href":"https:\/\/lafase.cl\/fr\/wp-json\/wp\/v2\/tags?post=53727"}],"curies":[{"name":"wp","href":"https:\/\/api.w.org\/{rel}","templated":true}]}}