{"id":53644,"date":"2023-05-16T10:38:43","date_gmt":"2023-05-16T14:38:43","guid":{"rendered":"https:\/\/lafase.cl\/dernieres-nouvelles-fr\/semana-de-la-convivencia\/"},"modified":"2023-05-16T14:44:48","modified_gmt":"2023-05-16T18:44:48","slug":"semana-de-la-convivencia","status":"publish","type":"post","link":"https:\/\/lafase.cl\/fr\/dernieres-nouvelles-fr\/semana-de-la-convivencia\/","title":{"rendered":"Semaine du bien vivre ensemble"},"content":{"rendered":"<section class=\"wpb-content-wrapper\"><p>[vc_row][vc_column width=\u00a0\u00bb1\/2&Prime;][vc_column_text]La semaine du \u00ab vivre-ensemble \u00bb a \u00e9t\u00e9 c\u00e9l\u00e9br\u00e9e dans notre \u00e9tablissement du 24 au 28 avril et ce fut l&rsquo;occasion de mettre en lumi\u00e8re des th\u00e9matiques li\u00e9es \u00e0 la vie en communaut\u00e9, pour am\u00e9liorer, promouvoir des relations saines et des interactions positives entre tous ses membres.<br \/>\nAinsi, plusieurs activit\u00e9s ont \u00e9t\u00e9 propos\u00e9es aux \u00e9l\u00e8ves dont le concours d\u2019affiches sur cette th\u00e9matique.<br \/>\nVoici l\u2019affiche gagnante qui est celle d&rsquo;Emilia ALRCON de 6C3<br \/>\nCette affiche repr\u00e9sentera la campagne 2024 de \u00ab la conviviencia escolar \u00bb ayant pour titre :<br \/>\n\u00ab Ouvre tes yeux, regarde-moi, je partage ton espace de vie avec toi \u00bb<br \/>\nF\u00e9licitations Emilia![\/vc_column_text][\/vc_column][vc_column width=\u00a0\u00bb1\/2&Prime;][vc_single_image image=\u00a0\u00bb53640&Prime; img_size=\u00a0\u00bblarge\u00a0\u00bb][\/vc_column][\/vc_row][vc_row][vc_column width=\u00a0\u00bb1\/2&Prime;][vc_raw_html]JTNDaWZyYW1lJTIwc3JjJTNEJTIyaHR0cHMlM0ElMkYlMkZ3d3cuZmFjZWJvb2suY29tJTJGcGx1Z2lucyUyRnZpZGVvLnBocCUzRmhlaWdodCUzRDMxNCUyNmhyZWYlM0RodHRwcyUyNTNBJTI1MkYlMjUyRnd3dy5mYWNlYm9vay5jb20lMjUyRmxhZmFzZW9maWNpYWwlMjUyRnZpZGVvcyUyNTJGNzQxMjk1MzYxMTE4MjcwJTI1MkYlMjZzaG93X3RleHQlM0RmYWxzZSUyNndpZHRoJTNENTYwJTI2dCUzRDAlMjIlMjB3aWR0aCUzRCUyMjU2MCUyMiUyMGhlaWdodCUzRCUyMjMxNCUyMiUyMHN0eWxlJTNEJTIyYm9yZGVyJTNBbm9uZSUzQm92ZXJmbG93JTNBaGlkZGVuJTIyJTIwc2Nyb2xsaW5nJTNEJTIybm8lMjIlMjBmcmFtZWJvcmRlciUzRCUyMjAlMjIlMjBhbGxvd2Z1bGxzY3JlZW4lM0QlMjJ0cnVlJTIyJTIwYWxsb3clM0QlMjJhdXRvcGxheSUzQiUyMGNsaXBib2FyZC13cml0ZSUzQiUyMGVuY3J5cHRlZC1tZWRpYSUzQiUyMHBpY3R1cmUtaW4tcGljdHVyZSUzQiUyMHdlYi1zaGFyZSUyMiUyMGFsbG93RnVsbFNjcmVlbiUzRCUyMnRydWUlMjIlM0UlM0MlMkZpZnJhbWUlM0U=[\/vc_raw_html][\/vc_column][vc_column width=\u00a0\u00bb1\/2&Prime;][vc_video link=\u00a0\u00bbhttps:\/\/vimeo.com\/827373813?share=copy\u00a0\u00bb][\/vc_column][\/vc_row][vc_row][vc_column][vc_column_text]<\/p>\n<div dir=\"auto\">\n<div dir=\"auto\" style=\"text-align: justify;\">La Semaine du bien vivre ensemble a commenc\u00e9 avec une conf\u00e9rence intitul\u00e9e \u00a0\u00bb Le bien vivre ensemble \u00e0 l&rsquo;\u00e8re num\u00e9rique : risques et bonnes pratiques \u00ab\u00a0, \u00e0 laquelle ont particip\u00e9 Mar\u00eda Jes\u00fas Labarca, responsable de la \u00ab convivencia escolar \u00bb \u00e0 l&rsquo;\u00e9cole, et notre invit\u00e9e, Francisca Bascu\u00f1\u00e1n, avocate et experte en mati\u00e8re de l\u00e9gislation \u00e9ducative et de \u00ab convivencia escolar \u00bb.<\/div>\n<div dir=\"auto\" style=\"text-align: justify;\">Nous remercions toutes les familles qui ont \u00e9t\u00e9 pr\u00e9sentes, de mani\u00e8re pr\u00e9sentielle ou en ligne, pour leur participation et leur engagement ainsi qu\u2019aux \u00e9quipes techniques, de communication et de direction qui ont pu rendre possible cet \u00e9v\u00e8nement.<\/div>\n<div dir=\"auto\" style=\"text-align: justify;\">Vous pouvez revoir la conf\u00e9rence sur notre cha\u00eene Youtube \u00ab Comunicaciones Lafase \u00bb en cliquant sur ce lien <span class=\"x3nfvp2 x1j61x8r x1fcty0u xdj266r xhhsvwb xat24cr xgzva0m xxymvpz xlup9mm x1kky2od\"><img decoding=\"async\" loading=\"lazy\" src=\"https:\/\/static.xx.fbcdn.net\/images\/emoji.php\/v9\/tf0\/2\/16\/1f449.png\" alt=\"\ud83d\udc49\" width=\"16\" height=\"16\" \/><\/span> <a class=\"x1i10hfl xjbqb8w x6umtig x1b1mbwd xaqea5y xav7gou x9f619 x1ypdohk xt0psk2 xe8uvvx xdj266r x11i5rnm xat24cr x1mh8g0r xexx8yu x4uap5 x18d9i69 xkhd6sd x16tdsg8 x1hl2dhg xggy1nq x1a2a7pz xt0b8zv x1fey0fg\" tabindex=\"0\" role=\"link\" href=\"https:\/\/www.youtube.com\/watch?v=Cw1Euo4zIJo&amp;fbclid=IwAR2RHgDEF1u4NluM9ZXzMvLBkf-rdLaDY3iMXyXj0-usJ-sM2MP5RVzxG9M\" target=\"_blank\" rel=\"nofollow noopener\">https:\/\/www.youtube.com\/watch?v=Cw1Euo4zIJo<\/a> Vous y retrouverez des outils int\u00e9ressants pour la pr\u00e9vention et la bonne utilisation des r\u00e9seaux sociaux et des dispositifs num\u00e9riques de nos enfants.<\/div>\n<\/div>\n<p>[\/vc_column_text][vc_gallery interval=\u00a0\u00bb3&Prime; images=\u00a0\u00bb53626,53628,53630&Prime; img_size=\u00a0\u00bblarge\u00a0\u00bb][\/vc_column][\/vc_row][vc_row][vc_column width=\u00a0\u00bb1\/2&Prime;][vc_gallery interval=\u00a0\u00bb3&Prime; images=\u00a0\u00bb53632,53634,53636,53638&Prime; img_size=\u00a0\u00bblarge\u00a0\u00bb][\/vc_column][vc_column width=\u00a0\u00bb1\/2&Prime;][vc_column_text]<\/p>\n<div dir=\"auto\">\n<div dir=\"auto\">Se saluer, c&rsquo;est \u00eatre poli et cela fait partie des r\u00e8gles de base du bien vivre ensemble. Saluons-nous d&rsquo;une mani\u00e8re diff\u00e9rente et amusante !<\/div>\n<div dir=\"auto\">Dans le cadre de la Semaine du bien vivre ensemble, \u00e0 Chamisero les \u00e9l\u00e8ves du Primaire ont cr\u00e9\u00e9 le vaccin de la paix et de la bienveillance pour \u00e9radiquer le virus de la violence et ainsi se prot\u00e9ger et prendre soin les uns des autres.<\/div>\n<\/div>\n<p>[\/vc_column_text][\/vc_column][\/vc_row][vc_row][vc_column][vc_video link=\u00a0\u00bbhttps:\/\/www.youtube.com\/watch?v=2SQYiNdYXCs\u00a0\u00bb][\/vc_column][\/vc_row]<\/p>\n<\/section>","protected":false},"excerpt":{"rendered":"<p>[vc_row][vc_column width=\u00a0\u00bb1\/2&Prime;][vc_column_text]La semaine du \u00ab vivre-ensemble \u00bb a \u00e9t\u00e9 c\u00e9l\u00e9br\u00e9e dans notre \u00e9tablissement du 24 au 28 avril et ce&nbsp;<a href=\"https:\/\/lafase.cl\/fr\/dernieres-nouvelles-fr\/semana-de-la-convivencia\/\">&hellip;<\/a><\/p>\n","protected":false},"author":3,"featured_media":53641,"comment_status":"open","ping_status":"open","sticky":false,"template":"","format":"standard","meta":{"om_disable_all_campaigns":false,"_monsterinsights_skip_tracking":false,"_monsterinsights_sitenote_active":false,"_monsterinsights_sitenote_note":"","_monsterinsights_sitenote_category":0},"categories":[39],"tags":[],"aioseo_notices":[],"_links":{"self":[{"href":"https:\/\/lafase.cl\/fr\/wp-json\/wp\/v2\/posts\/53644"}],"collection":[{"href":"https:\/\/lafase.cl\/fr\/wp-json\/wp\/v2\/posts"}],"about":[{"href":"https:\/\/lafase.cl\/fr\/wp-json\/wp\/v2\/types\/post"}],"author":[{"embeddable":true,"href":"https:\/\/lafase.cl\/fr\/wp-json\/wp\/v2\/users\/3"}],"replies":[{"embeddable":true,"href":"https:\/\/lafase.cl\/fr\/wp-json\/wp\/v2\/comments?post=53644"}],"version-history":[{"count":11,"href":"https:\/\/lafase.cl\/fr\/wp-json\/wp\/v2\/posts\/53644\/revisions"}],"predecessor-version":[{"id":53675,"href":"https:\/\/lafase.cl\/fr\/wp-json\/wp\/v2\/posts\/53644\/revisions\/53675"}],"wp:featuredmedia":[{"embeddable":true,"href":"https:\/\/lafase.cl\/fr\/wp-json\/wp\/v2\/media\/53641"}],"wp:attachment":[{"href":"https:\/\/lafase.cl\/fr\/wp-json\/wp\/v2\/media?parent=53644"}],"wp:term":[{"taxonomy":"category","embeddable":true,"href":"https:\/\/lafase.cl\/fr\/wp-json\/wp\/v2\/categories?post=53644"},{"taxonomy":"post_tag","embeddable":true,"href":"https:\/\/lafase.cl\/fr\/wp-json\/wp\/v2\/tags?post=53644"}],"curies":[{"name":"wp","href":"https:\/\/api.w.org\/{rel}","templated":true}]}}