{"id":5239,"date":"2019-03-22T12:45:16","date_gmt":"2019-03-22T15:45:16","guid":{"rendered":"http:\/\/lafase.cl\/?p=5239"},"modified":"2019-03-22T12:45:16","modified_gmt":"2019-03-22T15:45:16","slug":"grande-inauguration-de-lauditorium-a-chamisero","status":"publish","type":"post","link":"https:\/\/lafase.cl\/fr\/dernieres-nouvelles-fr\/grande-inauguration-de-lauditorium-a-chamisero\/","title":{"rendered":"Grande inauguration de l&rsquo;auditorium \u00e0 Chamisero"},"content":{"rendered":"<p>La soir\u00e9e du mardi 19 mars aura marqu\u00e9 une \u00e9tape de plus dans l\u2019histoire du site de Chamisero\u00a0 puisqu\u2019elle a fait place \u00e0 l\u2019inauguration de son auditorium.<\/p>\n<p>L\u2019\u00e9troite collaboration qui existe entre l\u2019Institut Fran\u00e7ais au Chili et notre lyc\u00e9e, nous a permis de c\u00e9l\u00e9brer cette premi\u00e8re en musique avec le concert de La vie en vrac.<\/p>\n<p>A cette occasion, notre lyc\u00e9e a eu l\u2019honneur d\u2019accueillir plus de 160 personnes parmis lesquelles, des autorit\u00e9s telles que Mr Roland Dubertrand (Ambassadeur de France au Chili), Mr R\u00e9gis Haudecoeur (Proviseur), Mr Paul Miquel (Pr\u00e9sident de la Corporaci\u00f3n), Mr Jean-Claude Reith mais aussi des parents, des professeurs et personnels ont assist\u00e9 au sp\u00e9ctacle d\u2019Annick Cisaruk et David Venitucci.<\/p>\n<p>Ce nouvel espace porte l\u2019ambition d\u2019\u00eatre un tremplin pour les activit\u00e9s artistiques, culturelles et p\u00e9dagogiques de nos \u00e9l\u00e8ves de Vitacura et Chamisero sans oublier la commune.<\/p>\n<p><strong><em>\u00ab &#8230;nous avons aussi voulu une salle de spectacles de qualit\u00e9 professionnelle,\u00a0<\/em><\/strong><strong><em>l\u2019acoustique de cette salle a \u00e9t\u00e9 particuli\u00e8rement \u00e9tudi\u00e9e, car nous souhaitons que\u00a0<\/em><\/strong><strong><em>notre \u00e9tablissement puisse devenir un p\u00f4le culturel pour Chamisero\u00a0\u00bb (R\u00e9gis Haudecoeur).<\/em><\/strong><\/p>\n<p>&nbsp;<\/p>\n\n\t\t<style type=\"text\/css\">\n\t\t\t#gallery-1 {\n\t\t\t\tmargin: auto;\n\t\t\t}\n\t\t\t#gallery-1 .gallery-item {\n\t\t\t\tfloat: left;\n\t\t\t\tmargin-top: 10px;\n\t\t\t\ttext-align: center;\n\t\t\t\twidth: 50%;\n\t\t\t}\n\t\t\t#gallery-1 img {\n\t\t\t\tborder: 2px solid #cfcfcf;\n\t\t\t}\n\t\t\t#gallery-1 .gallery-caption {\n\t\t\t\tmargin-left: 0;\n\t\t\t}\n\t\t\t\/* see gallery_shortcode() in wp-includes\/media.php *\/\n\t\t<\/style>\n\t\t<div id='gallery-1' class='gallery galleryid-5239 gallery-columns-2 gallery-size-large'><dl class='gallery-item'>\n\t\t\t<dt class='gallery-icon landscape'>\n\t\t\t\t<a href='https:\/\/lafase.cl\/wp-content\/uploads\/2019\/03\/inauguration-auditorium-Chamisero.jpg'><img width=\"1000\" height=\"667\" src=\"https:\/\/lafase.cl\/wp-content\/uploads\/2019\/03\/inauguration-auditorium-Chamisero-1000x667.jpg\" class=\"attachment-large size-large\" alt=\"\" decoding=\"async\" loading=\"lazy\" aria-describedby=\"gallery-1-5242\" srcset=\"https:\/\/lafase.cl\/wp-content\/uploads\/2019\/03\/inauguration-auditorium-Chamisero.jpg 1000w, https:\/\/lafase.cl\/wp-content\/uploads\/2019\/03\/inauguration-auditorium-Chamisero-300x200.jpg 300w\" sizes=\"(max-width: 1000px) 100vw, 1000px\" \/><\/a>\n\t\t\t<\/dt>\n\t\t\t\t<dd class='wp-caption-text gallery-caption' id='gallery-1-5242'>\n\t\t\t\tLyc\u00e9e Antoine de Saint-Exup\u00e9ry, site de Chamisero\n\t\t\t\t<\/dd><\/dl><dl class='gallery-item'>\n\t\t\t<dt class='gallery-icon landscape'>\n\t\t\t\t<a href='https:\/\/lafase.cl\/wp-content\/uploads\/2019\/03\/inauguration-auditorium-Chamisero4.jpg'><img width=\"1000\" height=\"667\" src=\"https:\/\/lafase.cl\/wp-content\/uploads\/2019\/03\/inauguration-auditorium-Chamisero4-1000x667.jpg\" class=\"attachment-large size-large\" alt=\"\" decoding=\"async\" loading=\"lazy\" aria-describedby=\"gallery-1-5248\" srcset=\"https:\/\/lafase.cl\/wp-content\/uploads\/2019\/03\/inauguration-auditorium-Chamisero4.jpg 1000w, https:\/\/lafase.cl\/wp-content\/uploads\/2019\/03\/inauguration-auditorium-Chamisero4-300x200.jpg 300w\" sizes=\"(max-width: 1000px) 100vw, 1000px\" \/><\/a>\n\t\t\t<\/dt>\n\t\t\t\t<dd class='wp-caption-text gallery-caption' id='gallery-1-5248'>\n\t\t\t\tL&rsquo;auditorium\n\t\t\t\t<\/dd><\/dl><br style=\"clear: both\" \/><dl class='gallery-item'>\n\t\t\t<dt class='gallery-icon landscape'>\n\t\t\t\t<a href='https:\/\/lafase.cl\/wp-content\/uploads\/2019\/03\/inauguration-auditorium-Chamisero2.jpg'><img width=\"1000\" height=\"667\" src=\"https:\/\/lafase.cl\/wp-content\/uploads\/2019\/03\/inauguration-auditorium-Chamisero2-1000x667.jpg\" class=\"attachment-large size-large\" alt=\"\" decoding=\"async\" loading=\"lazy\" aria-describedby=\"gallery-1-5244\" srcset=\"https:\/\/lafase.cl\/wp-content\/uploads\/2019\/03\/inauguration-auditorium-Chamisero2.jpg 1000w, https:\/\/lafase.cl\/wp-content\/uploads\/2019\/03\/inauguration-auditorium-Chamisero2-300x200.jpg 300w\" sizes=\"(max-width: 1000px) 100vw, 1000px\" \/><\/a>\n\t\t\t<\/dt>\n\t\t\t\t<dd class='wp-caption-text gallery-caption' id='gallery-1-5244'>\n\t\t\t\tUne alliance franco-chilienne\n\t\t\t\t<\/dd><\/dl><dl class='gallery-item'>\n\t\t\t<dt class='gallery-icon landscape'>\n\t\t\t\t<a href='https:\/\/lafase.cl\/wp-content\/uploads\/2019\/03\/inauguration-auditorium-Chamisero6.jpg'><img width=\"1000\" height=\"606\" src=\"https:\/\/lafase.cl\/wp-content\/uploads\/2019\/03\/inauguration-auditorium-Chamisero6-1000x606.jpg\" class=\"attachment-large size-large\" alt=\"\" decoding=\"async\" loading=\"lazy\" aria-describedby=\"gallery-1-5252\" srcset=\"https:\/\/lafase.cl\/wp-content\/uploads\/2019\/03\/inauguration-auditorium-Chamisero6.jpg 1000w, https:\/\/lafase.cl\/wp-content\/uploads\/2019\/03\/inauguration-auditorium-Chamisero6-300x182.jpg 300w\" sizes=\"(max-width: 1000px) 100vw, 1000px\" \/><\/a>\n\t\t\t<\/dt>\n\t\t\t\t<dd class='wp-caption-text gallery-caption' id='gallery-1-5252'>\n\t\t\t\tLes autorit\u00e9s arrivent\n\t\t\t\t<\/dd><\/dl><br style=\"clear: both\" \/><dl class='gallery-item'>\n\t\t\t<dt class='gallery-icon landscape'>\n\t\t\t\t<a href='https:\/\/lafase.cl\/wp-content\/uploads\/2019\/03\/inauguration-auditorium-Chamisero5.jpg'><img width=\"1000\" height=\"667\" src=\"https:\/\/lafase.cl\/wp-content\/uploads\/2019\/03\/inauguration-auditorium-Chamisero5-1000x667.jpg\" class=\"attachment-large size-large\" alt=\"\" decoding=\"async\" loading=\"lazy\" aria-describedby=\"gallery-1-5250\" srcset=\"https:\/\/lafase.cl\/wp-content\/uploads\/2019\/03\/inauguration-auditorium-Chamisero5.jpg 1000w, https:\/\/lafase.cl\/wp-content\/uploads\/2019\/03\/inauguration-auditorium-Chamisero5-300x200.jpg 300w\" sizes=\"(max-width: 1000px) 100vw, 1000px\" \/><\/a>\n\t\t\t<\/dt>\n\t\t\t\t<dd class='wp-caption-text gallery-caption' id='gallery-1-5250'>\n\t\t\t\tEn attendant la s\u00e9ance&#8230;\n\t\t\t\t<\/dd><\/dl><dl class='gallery-item'>\n\t\t\t<dt class='gallery-icon landscape'>\n\t\t\t\t<a href='https:\/\/lafase.cl\/wp-content\/uploads\/2019\/03\/inauguration-auditorium-Chamisero7.jpg'><img width=\"1000\" height=\"667\" src=\"https:\/\/lafase.cl\/wp-content\/uploads\/2019\/03\/inauguration-auditorium-Chamisero7-1000x667.jpg\" class=\"attachment-large size-large\" alt=\"\" decoding=\"async\" loading=\"lazy\" srcset=\"https:\/\/lafase.cl\/wp-content\/uploads\/2019\/03\/inauguration-auditorium-Chamisero7.jpg 1000w, https:\/\/lafase.cl\/wp-content\/uploads\/2019\/03\/inauguration-auditorium-Chamisero7-300x200.jpg 300w\" sizes=\"(max-width: 1000px) 100vw, 1000px\" \/><\/a>\n\t\t\t<\/dt><\/dl><br style=\"clear: both\" \/><dl class='gallery-item'>\n\t\t\t<dt class='gallery-icon landscape'>\n\t\t\t\t<a href='https:\/\/lafase.cl\/wp-content\/uploads\/2019\/03\/inauguration-auditorium-Chamisero8.jpg'><img width=\"1000\" height=\"667\" src=\"https:\/\/lafase.cl\/wp-content\/uploads\/2019\/03\/inauguration-auditorium-Chamisero8-1000x667.jpg\" class=\"attachment-large size-large\" alt=\"\" decoding=\"async\" loading=\"lazy\" aria-describedby=\"gallery-1-5256\" srcset=\"https:\/\/lafase.cl\/wp-content\/uploads\/2019\/03\/inauguration-auditorium-Chamisero8.jpg 1000w, https:\/\/lafase.cl\/wp-content\/uploads\/2019\/03\/inauguration-auditorium-Chamisero8-300x200.jpg 300w\" sizes=\"(max-width: 1000px) 100vw, 1000px\" \/><\/a>\n\t\t\t<\/dt>\n\t\t\t\t<dd class='wp-caption-text gallery-caption' id='gallery-1-5256'>\n\t\t\t\tAutorit\u00e9s pr\u00e9sentes\n\t\t\t\t<\/dd><\/dl><dl class='gallery-item'>\n\t\t\t<dt class='gallery-icon landscape'>\n\t\t\t\t<a href='https:\/\/lafase.cl\/wp-content\/uploads\/2019\/03\/inauguracion-auditorio-chamisero1.jpg'><img width=\"1000\" height=\"667\" src=\"https:\/\/lafase.cl\/wp-content\/uploads\/2019\/03\/inauguracion-auditorio-chamisero1-1000x667.jpg\" class=\"attachment-large size-large\" alt=\"\" decoding=\"async\" loading=\"lazy\" aria-describedby=\"gallery-1-5258\" srcset=\"https:\/\/lafase.cl\/wp-content\/uploads\/2019\/03\/inauguracion-auditorio-chamisero1.jpg 1000w, https:\/\/lafase.cl\/wp-content\/uploads\/2019\/03\/inauguracion-auditorio-chamisero1-300x200.jpg 300w\" sizes=\"(max-width: 1000px) 100vw, 1000px\" \/><\/a>\n\t\t\t<\/dt>\n\t\t\t\t<dd class='wp-caption-text gallery-caption' id='gallery-1-5258'>\n\t\t\t\tPr\u00e9sentateurs \/ Locutores\n\t\t\t\t<\/dd><\/dl><br style=\"clear: both\" \/><dl class='gallery-item'>\n\t\t\t<dt class='gallery-icon landscape'>\n\t\t\t\t<a href='https:\/\/lafase.cl\/wp-content\/uploads\/2019\/03\/regis-haudecoeur.jpg'><img width=\"1000\" height=\"667\" src=\"https:\/\/lafase.cl\/wp-content\/uploads\/2019\/03\/regis-haudecoeur-1000x667.jpg\" class=\"attachment-large size-large\" alt=\"\" decoding=\"async\" loading=\"lazy\" aria-describedby=\"gallery-1-5260\" srcset=\"https:\/\/lafase.cl\/wp-content\/uploads\/2019\/03\/regis-haudecoeur.jpg 1000w, https:\/\/lafase.cl\/wp-content\/uploads\/2019\/03\/regis-haudecoeur-300x200.jpg 300w\" sizes=\"(max-width: 1000px) 100vw, 1000px\" \/><\/a>\n\t\t\t<\/dt>\n\t\t\t\t<dd class='wp-caption-text gallery-caption' id='gallery-1-5260'>\n\t\t\t\tR\u00e9gis Haudecoeur, Rector\n\t\t\t\t<\/dd><\/dl><dl class='gallery-item'>\n\t\t\t<dt class='gallery-icon landscape'>\n\t\t\t\t<a href='https:\/\/lafase.cl\/wp-content\/uploads\/2019\/03\/Paul-Miquel.jpg'><img width=\"1000\" height=\"667\" src=\"https:\/\/lafase.cl\/wp-content\/uploads\/2019\/03\/Paul-Miquel-1000x667.jpg\" class=\"attachment-large size-large\" alt=\"\" decoding=\"async\" loading=\"lazy\" aria-describedby=\"gallery-1-5262\" srcset=\"https:\/\/lafase.cl\/wp-content\/uploads\/2019\/03\/Paul-Miquel.jpg 1000w, https:\/\/lafase.cl\/wp-content\/uploads\/2019\/03\/Paul-Miquel-300x200.jpg 300w\" sizes=\"(max-width: 1000px) 100vw, 1000px\" \/><\/a>\n\t\t\t<\/dt>\n\t\t\t\t<dd class='wp-caption-text gallery-caption' id='gallery-1-5262'>\n\t\t\t\tPaul Miquel, presidente de la Corporaci\u00f3n\n\t\t\t\t<\/dd><\/dl><br style=\"clear: both\" \/><dl class='gallery-item'>\n\t\t\t<dt class='gallery-icon landscape'>\n\t\t\t\t<a href='https:\/\/lafase.cl\/wp-content\/uploads\/2019\/03\/Roland-Dubertrand.jpg'><img width=\"1024\" height=\"682\" src=\"https:\/\/lafase.cl\/wp-content\/uploads\/2019\/03\/Roland-Dubertrand-1024x682.jpg\" class=\"attachment-large size-large\" alt=\"\" decoding=\"async\" loading=\"lazy\" aria-describedby=\"gallery-1-5264\" srcset=\"https:\/\/lafase.cl\/wp-content\/uploads\/2019\/03\/Roland-Dubertrand-1024x682.jpg 1024w, https:\/\/lafase.cl\/wp-content\/uploads\/2019\/03\/Roland-Dubertrand-300x200.jpg 300w, https:\/\/lafase.cl\/wp-content\/uploads\/2019\/03\/Roland-Dubertrand.jpg 2000w\" sizes=\"(max-width: 1024px) 100vw, 1024px\" \/><\/a>\n\t\t\t<\/dt>\n\t\t\t\t<dd class='wp-caption-text gallery-caption' id='gallery-1-5264'>\n\t\t\t\tR.Dubertrand, Embajador de Francia en Chile\n\t\t\t\t<\/dd><\/dl><dl class='gallery-item'>\n\t\t\t<dt class='gallery-icon landscape'>\n\t\t\t\t<a href='https:\/\/lafase.cl\/wp-content\/uploads\/2019\/03\/Mario-Olavarria.jpg'><img width=\"1000\" height=\"667\" src=\"https:\/\/lafase.cl\/wp-content\/uploads\/2019\/03\/Mario-Olavarria-1000x667.jpg\" class=\"attachment-large size-large\" alt=\"\" decoding=\"async\" loading=\"lazy\" aria-describedby=\"gallery-1-5266\" srcset=\"https:\/\/lafase.cl\/wp-content\/uploads\/2019\/03\/Mario-Olavarria.jpg 1000w, https:\/\/lafase.cl\/wp-content\/uploads\/2019\/03\/Mario-Olavarria-300x200.jpg 300w\" sizes=\"(max-width: 1000px) 100vw, 1000px\" \/><\/a>\n\t\t\t<\/dt>\n\t\t\t\t<dd class='wp-caption-text gallery-caption' id='gallery-1-5266'>\n\t\t\t\tM.Olavarr\u00eda, alcalde de Colina\n\t\t\t\t<\/dd><\/dl><br style=\"clear: both\" \/><dl class='gallery-item'>\n\t\t\t<dt class='gallery-icon landscape'>\n\t\t\t\t<a href='https:\/\/lafase.cl\/wp-content\/uploads\/2019\/03\/Vie-en-vrac.jpg'><img width=\"1024\" height=\"682\" src=\"https:\/\/lafase.cl\/wp-content\/uploads\/2019\/03\/Vie-en-vrac-1024x682.jpg\" class=\"attachment-large size-large\" alt=\"\" decoding=\"async\" loading=\"lazy\" aria-describedby=\"gallery-1-5268\" srcset=\"https:\/\/lafase.cl\/wp-content\/uploads\/2019\/03\/Vie-en-vrac-1024x682.jpg 1024w, https:\/\/lafase.cl\/wp-content\/uploads\/2019\/03\/Vie-en-vrac-300x200.jpg 300w, https:\/\/lafase.cl\/wp-content\/uploads\/2019\/03\/Vie-en-vrac.jpg 2000w\" sizes=\"(max-width: 1024px) 100vw, 1024px\" \/><\/a>\n\t\t\t<\/dt>\n\t\t\t\t<dd class='wp-caption-text gallery-caption' id='gallery-1-5268'>\n\t\t\t\tLA VIE EN VRAC\n\t\t\t\t<\/dd><\/dl><dl class='gallery-item'>\n\t\t\t<dt class='gallery-icon landscape'>\n\t\t\t\t<a href='https:\/\/lafase.cl\/wp-content\/uploads\/2019\/03\/A.cisaruk.jpg'><img width=\"1024\" height=\"682\" src=\"https:\/\/lafase.cl\/wp-content\/uploads\/2019\/03\/A.cisaruk-1024x682.jpg\" class=\"attachment-large size-large\" alt=\"\" decoding=\"async\" loading=\"lazy\" aria-describedby=\"gallery-1-5270\" srcset=\"https:\/\/lafase.cl\/wp-content\/uploads\/2019\/03\/A.cisaruk-1024x682.jpg 1024w, https:\/\/lafase.cl\/wp-content\/uploads\/2019\/03\/A.cisaruk-300x200.jpg 300w, https:\/\/lafase.cl\/wp-content\/uploads\/2019\/03\/A.cisaruk.jpg 2000w\" sizes=\"(max-width: 1024px) 100vw, 1024px\" \/><\/a>\n\t\t\t<\/dt>\n\t\t\t\t<dd class='wp-caption-text gallery-caption' id='gallery-1-5270'>\n\t\t\t\tAnnick Cisaruk\n\t\t\t\t<\/dd><\/dl><br style=\"clear: both\" \/><dl class='gallery-item'>\n\t\t\t<dt class='gallery-icon landscape'>\n\t\t\t\t<a href='https:\/\/lafase.cl\/wp-content\/uploads\/2019\/03\/inauguracion-auditorio-chamisero3.jpg'><img width=\"1024\" height=\"682\" src=\"https:\/\/lafase.cl\/wp-content\/uploads\/2019\/03\/inauguracion-auditorio-chamisero3-1024x682.jpg\" class=\"attachment-large size-large\" alt=\"\" decoding=\"async\" loading=\"lazy\" srcset=\"https:\/\/lafase.cl\/wp-content\/uploads\/2019\/03\/inauguracion-auditorio-chamisero3-1024x682.jpg 1024w, https:\/\/lafase.cl\/wp-content\/uploads\/2019\/03\/inauguracion-auditorio-chamisero3-300x200.jpg 300w, https:\/\/lafase.cl\/wp-content\/uploads\/2019\/03\/inauguracion-auditorio-chamisero3.jpg 2000w\" sizes=\"(max-width: 1024px) 100vw, 1024px\" \/><\/a>\n\t\t\t<\/dt><\/dl><dl class='gallery-item'>\n\t\t\t<dt class='gallery-icon landscape'>\n\t\t\t\t<a href='https:\/\/lafase.cl\/wp-content\/uploads\/2019\/03\/inauguracion-auditorio-chamisero5.jpg'><img width=\"1000\" height=\"667\" src=\"https:\/\/lafase.cl\/wp-content\/uploads\/2019\/03\/inauguracion-auditorio-chamisero5-1000x667.jpg\" class=\"attachment-large size-large\" alt=\"\" decoding=\"async\" loading=\"lazy\" aria-describedby=\"gallery-1-5276\" srcset=\"https:\/\/lafase.cl\/wp-content\/uploads\/2019\/03\/inauguracion-auditorio-chamisero5.jpg 1000w, https:\/\/lafase.cl\/wp-content\/uploads\/2019\/03\/inauguracion-auditorio-chamisero5-300x200.jpg 300w\" sizes=\"(max-width: 1000px) 100vw, 1000px\" \/><\/a>\n\t\t\t<\/dt>\n\t\t\t\t<dd class='wp-caption-text gallery-caption' id='gallery-1-5276'>\n\t\t\t\tRemise du prix Principito\n\t\t\t\t<\/dd><\/dl><br style=\"clear: both\" \/><dl class='gallery-item'>\n\t\t\t<dt class='gallery-icon landscape'>\n\t\t\t\t<a href='https:\/\/lafase.cl\/wp-content\/uploads\/2019\/03\/IFC.jpg'><img width=\"1000\" height=\"667\" src=\"https:\/\/lafase.cl\/wp-content\/uploads\/2019\/03\/IFC-1000x667.jpg\" class=\"attachment-large size-large\" alt=\"\" decoding=\"async\" loading=\"lazy\" aria-describedby=\"gallery-1-5278\" srcset=\"https:\/\/lafase.cl\/wp-content\/uploads\/2019\/03\/IFC.jpg 1000w, https:\/\/lafase.cl\/wp-content\/uploads\/2019\/03\/IFC-300x200.jpg 300w\" sizes=\"(max-width: 1000px) 100vw, 1000px\" \/><\/a>\n\t\t\t<\/dt>\n\t\t\t\t<dd class='wp-caption-text gallery-caption' id='gallery-1-5278'>\n\t\t\t\tJC Reith, D. Venitucci, A.Cisaruk, R.Haudecoeur\n\t\t\t\t<\/dd><\/dl><dl class='gallery-item'>\n\t\t\t<dt class='gallery-icon landscape'>\n\t\t\t\t<a href='https:\/\/lafase.cl\/wp-content\/uploads\/2019\/03\/inauguracion-auditorio-chamisero6.jpg'><img width=\"1000\" height=\"667\" src=\"https:\/\/lafase.cl\/wp-content\/uploads\/2019\/03\/inauguracion-auditorio-chamisero6-1000x667.jpg\" class=\"attachment-large size-large\" alt=\"\" decoding=\"async\" loading=\"lazy\" srcset=\"https:\/\/lafase.cl\/wp-content\/uploads\/2019\/03\/inauguracion-auditorio-chamisero6.jpg 1000w, https:\/\/lafase.cl\/wp-content\/uploads\/2019\/03\/inauguracion-auditorio-chamisero6-300x200.jpg 300w\" sizes=\"(max-width: 1000px) 100vw, 1000px\" \/><\/a>\n\t\t\t<\/dt><\/dl><br style=\"clear: both\" \/><dl class='gallery-item'>\n\t\t\t<dt class='gallery-icon landscape'>\n\t\t\t\t<a href='https:\/\/lafase.cl\/wp-content\/uploads\/2019\/03\/inauguracion-auditorio-chamisero7.jpg'><img width=\"1000\" height=\"667\" src=\"https:\/\/lafase.cl\/wp-content\/uploads\/2019\/03\/inauguracion-auditorio-chamisero7-1000x667.jpg\" class=\"attachment-large size-large\" alt=\"\" decoding=\"async\" loading=\"lazy\" srcset=\"https:\/\/lafase.cl\/wp-content\/uploads\/2019\/03\/inauguracion-auditorio-chamisero7.jpg 1000w, https:\/\/lafase.cl\/wp-content\/uploads\/2019\/03\/inauguracion-auditorio-chamisero7-300x200.jpg 300w\" sizes=\"(max-width: 1000px) 100vw, 1000px\" \/><\/a>\n\t\t\t<\/dt><\/dl><dl class='gallery-item'>\n\t\t\t<dt class='gallery-icon landscape'>\n\t\t\t\t<a href='https:\/\/lafase.cl\/wp-content\/uploads\/2019\/03\/Jorge-Orme\u00f1o.jpg'><img width=\"1000\" height=\"667\" src=\"https:\/\/lafase.cl\/wp-content\/uploads\/2019\/03\/Jorge-Orme\u00f1o-1000x667.jpg\" class=\"attachment-large size-large\" alt=\"\" decoding=\"async\" loading=\"lazy\" srcset=\"https:\/\/lafase.cl\/wp-content\/uploads\/2019\/03\/Jorge-Orme\u00f1o.jpg 1000w, https:\/\/lafase.cl\/wp-content\/uploads\/2019\/03\/Jorge-Orme\u00f1o-300x200.jpg 300w\" sizes=\"(max-width: 1000px) 100vw, 1000px\" \/><\/a>\n\t\t\t<\/dt><\/dl><br style=\"clear: both\" \/><dl class='gallery-item'>\n\t\t\t<dt class='gallery-icon landscape'>\n\t\t\t\t<a href='https:\/\/lafase.cl\/wp-content\/uploads\/2019\/03\/inauguracion-auditorio-chamisero8.jpg'><img width=\"1000\" height=\"667\" src=\"https:\/\/lafase.cl\/wp-content\/uploads\/2019\/03\/inauguracion-auditorio-chamisero8-1000x667.jpg\" class=\"attachment-large size-large\" alt=\"\" decoding=\"async\" loading=\"lazy\" aria-describedby=\"gallery-1-5286\" srcset=\"https:\/\/lafase.cl\/wp-content\/uploads\/2019\/03\/inauguracion-auditorio-chamisero8.jpg 1000w, https:\/\/lafase.cl\/wp-content\/uploads\/2019\/03\/inauguracion-auditorio-chamisero8-300x200.jpg 300w\" sizes=\"(max-width: 1000px) 100vw, 1000px\" \/><\/a>\n\t\t\t<\/dt>\n\t\t\t\t<dd class='wp-caption-text gallery-caption' id='gallery-1-5286'>\n\t\t\t\tCPA y sindicatos presentes\n\t\t\t\t<\/dd><\/dl><dl class='gallery-item'>\n\t\t\t<dt class='gallery-icon landscape'>\n\t\t\t\t<a href='https:\/\/lafase.cl\/wp-content\/uploads\/2019\/03\/inauguracion-auditorio-chamisero9.jpg'><img width=\"1000\" height=\"576\" src=\"https:\/\/lafase.cl\/wp-content\/uploads\/2019\/03\/inauguracion-auditorio-chamisero9-1000x576.jpg\" class=\"attachment-large size-large\" alt=\"\" decoding=\"async\" loading=\"lazy\" aria-describedby=\"gallery-1-5288\" srcset=\"https:\/\/lafase.cl\/wp-content\/uploads\/2019\/03\/inauguracion-auditorio-chamisero9.jpg 1000w, https:\/\/lafase.cl\/wp-content\/uploads\/2019\/03\/inauguracion-auditorio-chamisero9-300x173.jpg 300w\" sizes=\"(max-width: 1000px) 100vw, 1000px\" \/><\/a>\n\t\t\t<\/dt>\n\t\t\t\t<dd class='wp-caption-text gallery-caption' id='gallery-1-5288'>\n\t\t\t\tR.Haudecoeur, O.Bastet, A.Cisaruk,R.Dubertrand,P.Miquel,D.Venitucci\n\t\t\t\t<\/dd><\/dl><br style=\"clear: both\" \/><dl class='gallery-item'>\n\t\t\t<dt class='gallery-icon landscape'>\n\t\t\t\t<a href='https:\/\/lafase.cl\/wp-content\/uploads\/2019\/03\/inauguration-auditorium-Chamisero3.jpg'><img width=\"1000\" height=\"667\" src=\"https:\/\/lafase.cl\/wp-content\/uploads\/2019\/03\/inauguration-auditorium-Chamisero3-1000x667.jpg\" class=\"attachment-large size-large\" alt=\"\" decoding=\"async\" loading=\"lazy\" aria-describedby=\"gallery-1-5246\" srcset=\"https:\/\/lafase.cl\/wp-content\/uploads\/2019\/03\/inauguration-auditorium-Chamisero3.jpg 1000w, https:\/\/lafase.cl\/wp-content\/uploads\/2019\/03\/inauguration-auditorium-Chamisero3-300x200.jpg 300w\" sizes=\"(max-width: 1000px) 100vw, 1000px\" \/><\/a>\n\t\t\t<\/dt>\n\t\t\t\t<dd class='wp-caption-text gallery-caption' id='gallery-1-5246'>\n\t\t\t\tNotre site de Chamisero\n\t\t\t\t<\/dd><\/dl>\n\t\t\t<br style='clear: both' \/>\n\t\t<\/div>\n\n","protected":false},"excerpt":{"rendered":"<p>La soir\u00e9e du mardi 19 mars aura marqu\u00e9 une \u00e9tape de plus dans l\u2019histoire du site de Chamisero\u00a0 puisqu\u2019elle a&nbsp;<a href=\"https:\/\/lafase.cl\/fr\/dernieres-nouvelles-fr\/grande-inauguration-de-lauditorium-a-chamisero\/\">&hellip;<\/a><\/p>\n","protected":false},"author":3,"featured_media":5240,"comment_status":"open","ping_status":"open","sticky":false,"template":"","format":"standard","meta":{"om_disable_all_campaigns":false,"_monsterinsights_skip_tracking":false,"_monsterinsights_sitenote_active":false,"_monsterinsights_sitenote_note":"","_monsterinsights_sitenote_category":0},"categories":[39],"tags":[119,116,55,117,118,114,115,113],"aioseo_notices":[],"_links":{"self":[{"href":"https:\/\/lafase.cl\/fr\/wp-json\/wp\/v2\/posts\/5239"}],"collection":[{"href":"https:\/\/lafase.cl\/fr\/wp-json\/wp\/v2\/posts"}],"about":[{"href":"https:\/\/lafase.cl\/fr\/wp-json\/wp\/v2\/types\/post"}],"author":[{"embeddable":true,"href":"https:\/\/lafase.cl\/fr\/wp-json\/wp\/v2\/users\/3"}],"replies":[{"embeddable":true,"href":"https:\/\/lafase.cl\/fr\/wp-json\/wp\/v2\/comments?post=5239"}],"version-history":[{"count":18,"href":"https:\/\/lafase.cl\/fr\/wp-json\/wp\/v2\/posts\/5239\/revisions"}],"predecessor-version":[{"id":5312,"href":"https:\/\/lafase.cl\/fr\/wp-json\/wp\/v2\/posts\/5239\/revisions\/5312"}],"wp:featuredmedia":[{"embeddable":true,"href":"https:\/\/lafase.cl\/fr\/wp-json\/wp\/v2\/media\/5240"}],"wp:attachment":[{"href":"https:\/\/lafase.cl\/fr\/wp-json\/wp\/v2\/media?parent=5239"}],"wp:term":[{"taxonomy":"category","embeddable":true,"href":"https:\/\/lafase.cl\/fr\/wp-json\/wp\/v2\/categories?post=5239"},{"taxonomy":"post_tag","embeddable":true,"href":"https:\/\/lafase.cl\/fr\/wp-json\/wp\/v2\/tags?post=5239"}],"curies":[{"name":"wp","href":"https:\/\/api.w.org\/{rel}","templated":true}]}}