{"id":5079,"date":"2019-03-20T10:29:46","date_gmt":"2019-03-20T13:29:46","guid":{"rendered":"http:\/\/lafase.cl\/?p=5079"},"modified":"2019-03-20T10:35:11","modified_gmt":"2019-03-20T13:35:11","slug":"amateur-du-ballon-oval-inscrivez-vous","status":"publish","type":"post","link":"https:\/\/lafase.cl\/fr\/dernieres-nouvelles-fr\/amateur-du-ballon-oval-inscrivez-vous\/","title":{"rendered":"Amateur du ballon oval? Inscrivez- vous!"},"content":{"rendered":"<p><img decoding=\"async\" loading=\"lazy\" class=\"alignnone wp-image-5080\" src=\"http:\/\/lafase.cl\/wp-content\/uploads\/2019\/03\/rugby-734x1015.png\" alt=\"\" width=\"244\" height=\"337\" srcset=\"https:\/\/lafase.cl\/wp-content\/uploads\/2019\/03\/rugby.png 734w, https:\/\/lafase.cl\/wp-content\/uploads\/2019\/03\/rugby-217x300.png 217w\" sizes=\"(max-width: 244px) 100vw, 244px\" \/><\/p>\n<p><strong>Le Rugby Club Franc\u00e9s,<\/strong><\/p>\n<p><strong><em>Une \u00e9quipe li\u00e9e \u00e0 notre lyc\u00e9e<\/em><\/strong><\/p>\n<p><strong>\u00a0<\/strong><\/p>\n<p>Il y a maintenant quelques ann\u00e9es, un fran\u00e7ais eu l\u2019excellente id\u00e9e d\u2019organiser au \u00ab\u00a0Parque Bicentenario\u00a0\u00bb \u00a0des parties de rugby entre amis les samedi matin. Depuis, de l\u2019eau a coul\u00e9 sous les ponts, l\u2019instigateur est parti du Chili mais l\u2019initiative a perdur\u00e9. Au point qu\u2019aujourd\u2019hui, le Rugby Club Franc\u00e9s (RCF) entame sa quatri\u00e8me ann\u00e9e de comp\u00e9tition au sein de l\u2019ARUSA \u2013 l\u2019association en charge de l\u2019organisation des championnats de rugby de la r\u00e9gion m\u00e9tropolitaine.<\/p>\n<p>&nbsp;<\/p>\n<p>Nous sommes une \u00e9quipe compos\u00e9e g\u00e9n\u00e9ralement d\u2019une majorit\u00e9 de fran\u00e7ais et chiliens ; sans oublier les argentins, v\u00e9n\u00e9zu\u00e9liens, am\u00e9ricains, su\u00e9dois, etc. qui nous rejoignent parfois.<\/p>\n<p>&nbsp;<\/p>\n<p>L\u2019\u00e9quipe, tant dans sa mentalit\u00e9 que dans ses fondements est 100% fran\u00e7aise, dans et en dehors du terrain. Avant tout, nous sommes une grande famille avec une vie sociale importante, unie par la m\u00eame passion. Et nous sommes toujours heureux de pouvoir compter parmi nous de nouveaux adh\u00e9rents qui souhaitent s\u2019investir comme joueurs, entra\u00eeneurs, staff, supporters, etc.<\/p>\n<p>&nbsp;<\/p>\n<p>N\u2019h\u00e9sitez donc surtout pas si cela vous int\u00e9resse. Vous pouvez nous contacter par mail (<a href=\"mailto:rugbyclubfrances@gmail.com\"><span style=\"color: #333399;\">rugbyclubfrances@gmail.com<\/span><\/a>) ou via <a href=\"https:\/\/es-la.facebook.com\/RugbyClubFrances\/\">les r\u00e9seaux sociaux<\/a>.<\/p>\n<p>&nbsp;<\/p>\n<p>Quelques Informations utiles\u00a0:<\/p>\n<p>&#8211; Les entra\u00eenements se d\u00e9roulent au lyc\u00e9e de Vitacura les mardis \u00e0 partir de 20h<\/p>\n<p>&#8211; Les matchs \u00e0 domicile ont lieu les samedis \u00e0 11h sur le terrain de Rugby Park, <a href=\"http:\/\/del Parque 5275, Huechuraba, Regi\u00f3n Metropolitana\">Ciudad Empresarial \u00a0<\/a><\/p>\n","protected":false},"excerpt":{"rendered":"<p>Le Rugby Club Franc\u00e9s, Une \u00e9quipe li\u00e9e \u00e0 notre lyc\u00e9e \u00a0 Il y a maintenant quelques ann\u00e9es, un fran\u00e7ais eu&nbsp;<a href=\"https:\/\/lafase.cl\/fr\/dernieres-nouvelles-fr\/amateur-du-ballon-oval-inscrivez-vous\/\">&hellip;<\/a><\/p>\n","protected":false},"author":3,"featured_media":5088,"comment_status":"open","ping_status":"open","sticky":false,"template":"","format":"standard","meta":{"om_disable_all_campaigns":false,"_monsterinsights_skip_tracking":false,"_monsterinsights_sitenote_active":false,"_monsterinsights_sitenote_note":"","_monsterinsights_sitenote_category":0},"categories":[39],"tags":[90,92,89,91,93,52],"aioseo_notices":[],"_links":{"self":[{"href":"https:\/\/lafase.cl\/fr\/wp-json\/wp\/v2\/posts\/5079"}],"collection":[{"href":"https:\/\/lafase.cl\/fr\/wp-json\/wp\/v2\/posts"}],"about":[{"href":"https:\/\/lafase.cl\/fr\/wp-json\/wp\/v2\/types\/post"}],"author":[{"embeddable":true,"href":"https:\/\/lafase.cl\/fr\/wp-json\/wp\/v2\/users\/3"}],"replies":[{"embeddable":true,"href":"https:\/\/lafase.cl\/fr\/wp-json\/wp\/v2\/comments?post=5079"}],"version-history":[{"count":5,"href":"https:\/\/lafase.cl\/fr\/wp-json\/wp\/v2\/posts\/5079\/revisions"}],"predecessor-version":[{"id":5092,"href":"https:\/\/lafase.cl\/fr\/wp-json\/wp\/v2\/posts\/5079\/revisions\/5092"}],"wp:featuredmedia":[{"embeddable":true,"href":"https:\/\/lafase.cl\/fr\/wp-json\/wp\/v2\/media\/5088"}],"wp:attachment":[{"href":"https:\/\/lafase.cl\/fr\/wp-json\/wp\/v2\/media?parent=5079"}],"wp:term":[{"taxonomy":"category","embeddable":true,"href":"https:\/\/lafase.cl\/fr\/wp-json\/wp\/v2\/categories?post=5079"},{"taxonomy":"post_tag","embeddable":true,"href":"https:\/\/lafase.cl\/fr\/wp-json\/wp\/v2\/tags?post=5079"}],"curies":[{"name":"wp","href":"https:\/\/api.w.org\/{rel}","templated":true}]}}