{"id":45341,"date":"2022-09-29T09:12:10","date_gmt":"2022-09-29T12:12:10","guid":{"rendered":"http:\/\/lafase.cl\/dernieres-nouvelles-fr\/un-proyecto-de-reciclaje-con-triciclos\/"},"modified":"2022-09-29T09:14:29","modified_gmt":"2022-09-29T12:14:29","slug":"un-proyecto-de-reciclaje-con-triciclos","status":"publish","type":"post","link":"https:\/\/lafase.cl\/fr\/dernieres-nouvelles-fr\/un-proyecto-de-reciclaje-con-triciclos\/","title":{"rendered":"Un projet de recyclage avec l&rsquo;aide de Triciclos"},"content":{"rendered":"<section class=\"wpb-content-wrapper\"><p>[vc_row][vc_column][vc_column_text]<\/p>\n<pre><a href=\"http:\/\/lafase.cl\/wp-content\/uploads\/2022\/09\/PHOTO-2022-09-06-13-43-13-e1664453355782.jpg\"><img decoding=\"async\" loading=\"lazy\" class=\"size-medium wp-image-45338 alignleft\" src=\"http:\/\/lafase.cl\/wp-content\/uploads\/2022\/09\/PHOTO-2022-09-06-13-43-13-300x225.jpg\" alt=\"\" width=\"300\" height=\"225\" \/><\/a>Depuis un mois d\u00e9j\u00e0, les \u00e9l\u00e8ves de l\u2019\u00e9l\u00e9mentaire de Chamisero ont commenc\u00e9 un projet de recyclage. Apr\u00e8s plusieurs conf\u00e9rences \u00e9ducatives men\u00e9es par l\u2019entreprise <a tabindex=\"0\" href=\"https:\/\/www.instagram.com\/triciclosb\/\" target=\"_blank\" rel=\"noopener noreferrer\">@triciclosb<\/a> , le recyclage \u267b\ufe0f a pu officiellement commencer dans toutes les classes de CP au CM2 et les points de collecte, install\u00e9s. Le papier, le carton, le plastique (bouteilles, verres en plastique, sachets, flacons, etc) sont tous recycl\u00e9s par nos \u00e9l\u00e8ves. Attentifs et pr\u00e9occup\u00e9s par l\u2019environnement, ils sont tous fiers de pouvoir enfin trier et r\u00e9utiliser leurs d\u00e9chets. Certaines classes ont d\u2019ailleurs commenc\u00e9 des constructions avec des bouteilles et des d\u00e9chets plastiques recycl\u00e9s ! Nous esp\u00e9rons ouvrir ce beau projet \u00e0 toutes les classes de Chamisero. Ensemble, prot\u00e9geons notre \ud83c\udf0e!<\/pre>\n<p>[\/vc_column_text][\/vc_column][\/vc_row]<\/p>\n<\/section>","protected":false},"excerpt":{"rendered":"<p>[vc_row][vc_column][vc_column_text] Depuis un mois d\u00e9j\u00e0, les \u00e9l\u00e8ves de l\u2019\u00e9l\u00e9mentaire de Chamisero ont commenc\u00e9 un projet de recyclage. Apr\u00e8s plusieurs conf\u00e9rences&nbsp;<a href=\"https:\/\/lafase.cl\/fr\/dernieres-nouvelles-fr\/un-proyecto-de-reciclaje-con-triciclos\/\">&hellip;<\/a><\/p>\n","protected":false},"author":3,"featured_media":45337,"comment_status":"closed","ping_status":"closed","sticky":false,"template":"","format":"standard","meta":{"om_disable_all_campaigns":false,"_monsterinsights_skip_tracking":false,"_monsterinsights_sitenote_active":false,"_monsterinsights_sitenote_note":"","_monsterinsights_sitenote_category":0},"categories":[39],"tags":[],"aioseo_notices":[],"_links":{"self":[{"href":"https:\/\/lafase.cl\/fr\/wp-json\/wp\/v2\/posts\/45341"}],"collection":[{"href":"https:\/\/lafase.cl\/fr\/wp-json\/wp\/v2\/posts"}],"about":[{"href":"https:\/\/lafase.cl\/fr\/wp-json\/wp\/v2\/types\/post"}],"author":[{"embeddable":true,"href":"https:\/\/lafase.cl\/fr\/wp-json\/wp\/v2\/users\/3"}],"replies":[{"embeddable":true,"href":"https:\/\/lafase.cl\/fr\/wp-json\/wp\/v2\/comments?post=45341"}],"version-history":[{"count":2,"href":"https:\/\/lafase.cl\/fr\/wp-json\/wp\/v2\/posts\/45341\/revisions"}],"predecessor-version":[{"id":45344,"href":"https:\/\/lafase.cl\/fr\/wp-json\/wp\/v2\/posts\/45341\/revisions\/45344"}],"wp:featuredmedia":[{"embeddable":true,"href":"https:\/\/lafase.cl\/fr\/wp-json\/wp\/v2\/media\/45337"}],"wp:attachment":[{"href":"https:\/\/lafase.cl\/fr\/wp-json\/wp\/v2\/media?parent=45341"}],"wp:term":[{"taxonomy":"category","embeddable":true,"href":"https:\/\/lafase.cl\/fr\/wp-json\/wp\/v2\/categories?post=45341"},{"taxonomy":"post_tag","embeddable":true,"href":"https:\/\/lafase.cl\/fr\/wp-json\/wp\/v2\/tags?post=45341"}],"curies":[{"name":"wp","href":"https:\/\/api.w.org\/{rel}","templated":true}]}}