{"id":43830,"date":"2022-08-29T15:18:00","date_gmt":"2022-08-29T19:18:00","guid":{"rendered":"http:\/\/lafase.cl\/?p=43830"},"modified":"2022-08-29T15:22:16","modified_gmt":"2022-08-29T19:22:16","slug":"poniendole-color-a-preescolar-vitacura-con-totoy-zamudio","status":"publish","type":"post","link":"https:\/\/lafase.cl\/fr\/dernieres-nouvelles-fr\/poniendole-color-a-preescolar-vitacura-con-totoy-zamudio\/","title":{"rendered":"Des murs en couleur \u00e0 la maternelle de Vitacura avec Totoy Zamudio"},"content":{"rendered":"<section class=\"wpb-content-wrapper\"><p>[vc_row][vc_column width=\u00a0\u00bb1\/2&Prime;][vc_column_text]<\/p>\n<p><strong>Nous avons assist\u00e9 aux premiers coups de pinceaux des \u00e9l\u00e8ves de Grande section et notre artiste invit\u00e9 @totoyzamudio dans le cadre du projet de fresque qui illuminera les murs des couloirs de la maternelle de Vitacura. Nous avons h\u00e2te de voir le r\u00e9sultat final&#8230;patience! \u00a0A suivre donc.<\/strong><\/p>\n<p>[\/vc_column_text][\/vc_column][vc_column width=\u00a0\u00bb1\/2&Prime;][vc_gallery interval=\u00a0\u00bb3&Prime; images=\u00a0\u00bb43807,43809,43811,43813,43815,43817,43819,43821,43823,43825,43827&Prime; img_size=\u00a0\u00bblarge\u00a0\u00bb][\/vc_column][\/vc_row]<\/p>\n<\/section>","protected":false},"excerpt":{"rendered":"<p>[vc_row][vc_column width=\u00a0\u00bb1\/2&Prime;][vc_column_text] Nous avons assist\u00e9 aux premiers coups de pinceaux des \u00e9l\u00e8ves de Grande section et notre artiste invit\u00e9 @totoyzamudio&nbsp;<a href=\"https:\/\/lafase.cl\/fr\/dernieres-nouvelles-fr\/poniendole-color-a-preescolar-vitacura-con-totoy-zamudio\/\">&hellip;<\/a><\/p>\n","protected":false},"author":3,"featured_media":43832,"comment_status":"closed","ping_status":"closed","sticky":false,"template":"","format":"standard","meta":{"om_disable_all_campaigns":false,"_monsterinsights_skip_tracking":false,"_monsterinsights_sitenote_active":false,"_monsterinsights_sitenote_note":"","_monsterinsights_sitenote_category":0},"categories":[39],"tags":[],"aioseo_notices":[],"_links":{"self":[{"href":"https:\/\/lafase.cl\/fr\/wp-json\/wp\/v2\/posts\/43830"}],"collection":[{"href":"https:\/\/lafase.cl\/fr\/wp-json\/wp\/v2\/posts"}],"about":[{"href":"https:\/\/lafase.cl\/fr\/wp-json\/wp\/v2\/types\/post"}],"author":[{"embeddable":true,"href":"https:\/\/lafase.cl\/fr\/wp-json\/wp\/v2\/users\/3"}],"replies":[{"embeddable":true,"href":"https:\/\/lafase.cl\/fr\/wp-json\/wp\/v2\/comments?post=43830"}],"version-history":[{"count":4,"href":"https:\/\/lafase.cl\/fr\/wp-json\/wp\/v2\/posts\/43830\/revisions"}],"predecessor-version":[{"id":43837,"href":"https:\/\/lafase.cl\/fr\/wp-json\/wp\/v2\/posts\/43830\/revisions\/43837"}],"wp:featuredmedia":[{"embeddable":true,"href":"https:\/\/lafase.cl\/fr\/wp-json\/wp\/v2\/media\/43832"}],"wp:attachment":[{"href":"https:\/\/lafase.cl\/fr\/wp-json\/wp\/v2\/media?parent=43830"}],"wp:term":[{"taxonomy":"category","embeddable":true,"href":"https:\/\/lafase.cl\/fr\/wp-json\/wp\/v2\/categories?post=43830"},{"taxonomy":"post_tag","embeddable":true,"href":"https:\/\/lafase.cl\/fr\/wp-json\/wp\/v2\/tags?post=43830"}],"curies":[{"name":"wp","href":"https:\/\/api.w.org\/{rel}","templated":true}]}}