{"id":43662,"date":"2022-08-26T10:39:24","date_gmt":"2022-08-26T14:39:24","guid":{"rendered":"http:\/\/lafase.cl\/?p=43662"},"modified":"2022-08-26T14:32:14","modified_gmt":"2022-08-26T18:32:14","slug":"responsabilidad-ambiental-un-proyecto-colaborativo-y-cooperativo","status":"publish","type":"post","link":"https:\/\/lafase.cl\/fr\/dernieres-nouvelles-fr\/responsabilidad-ambiental-un-proyecto-colaborativo-y-cooperativo\/","title":{"rendered":"Responsabilit\u00e9 environnementale, un projet collaboratif et coop\u00e9ratif"},"content":{"rendered":"<section class=\"wpb-content-wrapper\"><p>[vc_row][vc_column][vc_custom_heading text=\u00a0\u00bbUn projet interdisciplinaire de la terminale G.2 (EMC) et du CM2.D de Vitacura sous la responsabilit\u00e9 de M.Lamotte et de Mme Diallo\u00a0\u00bb font_container=\u00a0\u00bbtag:h3|text_align:left\u00a0\u00bb use_theme_fonts=\u00a0\u00bbyes\u00a0\u00bb][vc_column_text]Apr\u00e8s des semaines de travail en commun, les \u00e9l\u00e8ves de TG2 et CM2D, accompagn\u00e9s par leur professeurs M.Lamotte et Mme Diallo, ont pr\u00e9sent\u00e9 lundi 22 ao\u00fbt leurs travaux en pr\u00e9sence d&rsquo;autres classes de CM2 et des membres de la direction. Un projet interdisciplinaire qui met en lumi\u00e8re le combat contre le changement climatique sous diff\u00e9rents angles et \u00e0 travers divers outils visuels (vid\u00e9os, dessins, maquettes, etc&#8230;)<\/p>\n<p>[\/vc_column_text][vc_column_text css=\u00a0\u00bb.vc_custom_1661521522165{background-color: rgba(59,191,7,0.7) !important;*background-color: rgb(59,191,7) !important;}\u00a0\u00bb]<strong>La protection de l\u2019environnement est la responsabilit\u00e9 de chacun :<span class=\"Apple-converted-space\">\u00a0<\/span><\/strong><\/p>\n<p><strong>Nous souhaitons passer un message \u00e0 tous les membres du lyc\u00e9e en montrant qu\u2019ensemble\u2026<\/strong><strong>Tout devient possible !<\/strong>[\/vc_column_text][\/vc_column][\/vc_row][vc_row][vc_column][vc_row_inner][vc_column_inner width=\u00a0\u00bb1\/2&Prime;][vc_custom_heading text=\u00a0\u00bbPourquoi ce projet?\u00a0\u00bb font_container=\u00a0\u00bbtag:h3|font_size:18|text_align:left\u00a0\u00bb use_theme_fonts=\u00a0\u00bbyes\u00a0\u00bb][vc_column_text]\u2022Cr\u00e9er du lien (entre les \u00e9l\u00e8ves mais \u00e9galement entre les enseignants) au sein d\u2019un grand lyc\u00e9e fran\u00e7ais.<\/p>\n<p>\u2022Mobiliser l\u2019intelligence collective en vue de r\u00e9aliser un projet commun.<\/p>\n<p>\u2022Echanger, communiquer du savoir ou des exp\u00e9riences des \u00e9motions, exprimer un point de vue, ou un sentiment.<\/p>\n<p>\u2022Cr\u00e9er un moment privil\u00e9gi\u00e9 de l\u2019apprentissage de la vie sociale : apprendre \u00e0 accepter les id\u00e9es des autres , c\u2019est aussi apprendre \u00e0 s\u2019\u00e9couter et \u00e0 se respecter.<span class=\"Apple-converted-space\">\u00a0<\/span>[\/vc_column_text][\/vc_column_inner][vc_column_inner width=\u00a0\u00bb1\/2&Prime;][vc_custom_heading text=\u00a0\u00bbLes groupes de travail\u00a0\u00bb font_container=\u00a0\u00bbtag:h3|font_size:18|text_align:left\u00a0\u00bb use_theme_fonts=\u00a0\u00bbyes\u00a0\u00bb][vc_column_text]<b>Groupe 1: <\/b>Livre illustr\u00e9 et r\u00e9dig\u00e9 en commun pr\u00e9sentant les challenges \u00e0 plusieurs \u00e9chelles.<\/p>\n<p>\u2022<b>Groupe 2: <\/b>Cr\u00e9ations artistiques sur le th\u00e8me. (Usage de recycl\u00e9s): Peintures, Sculptures, Cornell Boxes.<span class=\"Apple-converted-space\">\u00a0<\/span><\/p>\n<p>\u2022<b>Groupe 3: <\/b>Action informative au Lyc\u00e9e: Cr\u00e9ation de posters et flyers \u00e0 utilisations diverses ( en vue recyclage)<\/p>\n<p>\u2022<b>Groupe 4: <\/b>Cr\u00e9ation d\u00b4un film documentaire (5-10 minutes) sur le th\u00e8me. Ecrit, pr\u00e9sent\u00e9 et film\u00e9 par le groupe<\/p>\n<p>\u2022<b>Groupe 5: <\/b>Cr\u00e9ation d\u00b4actions digitales en ligne (Instagram, Facebook. Etc\u2026)<span class=\"Apple-converted-space\">\u00a0<\/span>[\/vc_column_text][\/vc_column_inner][\/vc_row_inner][\/vc_column][\/vc_row][vc_row][vc_column][vc_single_image image=\u00a0\u00bb43672&Prime; img_size=\u00a0\u00bbfull\u00a0\u00bb][\/vc_column][\/vc_row][vc_row][vc_column width=\u00a0\u00bb1\/2&Prime;][vc_gallery interval=\u00a0\u00bb3&Prime; images=\u00a0\u00bb43617,43619,43621,43623,43625,43627,43629,43631,43633,43635,43637,43642,43644,43646,43648,43650,43652,43654,43656&Prime; img_size=\u00a0\u00bblarge\u00a0\u00bb][\/vc_column][vc_column width=\u00a0\u00bb1\/2&Prime;][vc_video link=\u00a0\u00bbhttps:\/\/www.youtube.com\/watch?v=H_h_yar4rwY\u00a0\u00bb el_aspect=\u00a0\u00bb43&Prime;][vc_video link=\u00a0\u00bbhttps:\/\/vimeo.com\/743533249&Prime; el_aspect=\u00a0\u00bb43&Prime;][\/vc_column][\/vc_row]<\/p>\n<\/section>","protected":false},"excerpt":{"rendered":"<p>[vc_row][vc_column][vc_custom_heading text=\u00a0\u00bbUn projet interdisciplinaire de la terminale G.2 (EMC) et du CM2.D de Vitacura sous la responsabilit\u00e9 de M.Lamotte et&nbsp;<a href=\"https:\/\/lafase.cl\/fr\/dernieres-nouvelles-fr\/responsabilidad-ambiental-un-proyecto-colaborativo-y-cooperativo\/\">&hellip;<\/a><\/p>\n","protected":false},"author":3,"featured_media":43615,"comment_status":"closed","ping_status":"closed","sticky":false,"template":"","format":"standard","meta":{"om_disable_all_campaigns":false,"_monsterinsights_skip_tracking":false,"_monsterinsights_sitenote_active":false,"_monsterinsights_sitenote_note":"","_monsterinsights_sitenote_category":0},"categories":[39],"tags":[],"aioseo_notices":[],"_links":{"self":[{"href":"https:\/\/lafase.cl\/fr\/wp-json\/wp\/v2\/posts\/43662"}],"collection":[{"href":"https:\/\/lafase.cl\/fr\/wp-json\/wp\/v2\/posts"}],"about":[{"href":"https:\/\/lafase.cl\/fr\/wp-json\/wp\/v2\/types\/post"}],"author":[{"embeddable":true,"href":"https:\/\/lafase.cl\/fr\/wp-json\/wp\/v2\/users\/3"}],"replies":[{"embeddable":true,"href":"https:\/\/lafase.cl\/fr\/wp-json\/wp\/v2\/comments?post=43662"}],"version-history":[{"count":7,"href":"https:\/\/lafase.cl\/fr\/wp-json\/wp\/v2\/posts\/43662\/revisions"}],"predecessor-version":[{"id":43682,"href":"https:\/\/lafase.cl\/fr\/wp-json\/wp\/v2\/posts\/43662\/revisions\/43682"}],"wp:featuredmedia":[{"embeddable":true,"href":"https:\/\/lafase.cl\/fr\/wp-json\/wp\/v2\/media\/43615"}],"wp:attachment":[{"href":"https:\/\/lafase.cl\/fr\/wp-json\/wp\/v2\/media?parent=43662"}],"wp:term":[{"taxonomy":"category","embeddable":true,"href":"https:\/\/lafase.cl\/fr\/wp-json\/wp\/v2\/categories?post=43662"},{"taxonomy":"post_tag","embeddable":true,"href":"https:\/\/lafase.cl\/fr\/wp-json\/wp\/v2\/tags?post=43662"}],"curies":[{"name":"wp","href":"https:\/\/api.w.org\/{rel}","templated":true}]}}