{"id":43018,"date":"2022-08-16T11:46:59","date_gmt":"2022-08-16T15:46:59","guid":{"rendered":"http:\/\/lafase.cl\/?p=43018"},"modified":"2022-08-16T11:48:54","modified_gmt":"2022-08-16T15:48:54","slug":"biodanza-une-connexion-humaine-par-le-biais-de-la-musique","status":"publish","type":"post","link":"https:\/\/lafase.cl\/fr\/dernieres-nouvelles-fr\/biodanza-une-connexion-humaine-par-le-biais-de-la-musique\/","title":{"rendered":"Biodanza, une connexion humaine \u00e0 travers la musique"},"content":{"rendered":"<section class=\"wpb-content-wrapper\"><p>[vc_row][vc_column][vc_column_text]<\/p>\n<p style=\"font-weight: 400;\">Biodanza est un projet auquel ont particip\u00e9, durant 4 mois, les \u00e9l\u00e8ves de petite section et MS8 de Chamisero. Cet atelier, anim\u00e9 par Ximena Pais et Valentina jara, \u00a0a eu pour objectif d\u2019instaurer des moments de d\u00e9tente pour que les enfants apprennent \u00e0 \u00eatre conscients de leurs corps et \u00e0 se connecter avec leurs pairs. Sur le rythme de la musique ils ont en explor\u00e9 les parties de leur corps en y int\u00e9grant de nouveaux mouvements. Entre rondes et m\u00e9ditations, on y voit des visages heureux tout en profitant du moment pr\u00e9sent. Les images parlent d\u2019elles-m\u00eames.<\/p>\n<p>[\/vc_column_text][\/vc_column][\/vc_row][vc_row][vc_column width=\u00a0\u00bb1\/2&Prime;][vc_images_carousel images=\u00a0\u00bb42970,42972,42974,42976,42978,42980,42982,42984,42986,42988,42990,42992,42994,42996,42998,43000,43002,43004,43006,43008,43010,43012&Prime; img_size=\u00a0\u00bbfull\u00a0\u00bb][\/vc_column][vc_column width=\u00a0\u00bb1\/2&Prime;][vc_video link=\u00a0\u00bbhttps:\/\/vimeo.com\/739054069\/6753a1622f\u00a0\u00bb el_aspect=\u00a0\u00bb43&Prime; align=\u00a0\u00bbcenter\u00a0\u00bb][\/vc_column][\/vc_row]<\/p>\n<\/section>","protected":false},"excerpt":{"rendered":"<p>[vc_row][vc_column][vc_column_text] Biodanza est un projet auquel ont particip\u00e9, durant 4 mois, les \u00e9l\u00e8ves de petite section et MS8 de Chamisero.&nbsp;<a href=\"https:\/\/lafase.cl\/fr\/dernieres-nouvelles-fr\/biodanza-une-connexion-humaine-par-le-biais-de-la-musique\/\">&hellip;<\/a><\/p>\n","protected":false},"author":3,"featured_media":43007,"comment_status":"open","ping_status":"open","sticky":false,"template":"","format":"standard","meta":{"om_disable_all_campaigns":false,"_monsterinsights_skip_tracking":false,"_monsterinsights_sitenote_active":false,"_monsterinsights_sitenote_note":"","_monsterinsights_sitenote_category":0},"categories":[39,148,300],"tags":[],"aioseo_notices":[],"_links":{"self":[{"href":"https:\/\/lafase.cl\/fr\/wp-json\/wp\/v2\/posts\/43018"}],"collection":[{"href":"https:\/\/lafase.cl\/fr\/wp-json\/wp\/v2\/posts"}],"about":[{"href":"https:\/\/lafase.cl\/fr\/wp-json\/wp\/v2\/types\/post"}],"author":[{"embeddable":true,"href":"https:\/\/lafase.cl\/fr\/wp-json\/wp\/v2\/users\/3"}],"replies":[{"embeddable":true,"href":"https:\/\/lafase.cl\/fr\/wp-json\/wp\/v2\/comments?post=43018"}],"version-history":[{"count":4,"href":"https:\/\/lafase.cl\/fr\/wp-json\/wp\/v2\/posts\/43018\/revisions"}],"predecessor-version":[{"id":43083,"href":"https:\/\/lafase.cl\/fr\/wp-json\/wp\/v2\/posts\/43018\/revisions\/43083"}],"wp:featuredmedia":[{"embeddable":true,"href":"https:\/\/lafase.cl\/fr\/wp-json\/wp\/v2\/media\/43007"}],"wp:attachment":[{"href":"https:\/\/lafase.cl\/fr\/wp-json\/wp\/v2\/media?parent=43018"}],"wp:term":[{"taxonomy":"category","embeddable":true,"href":"https:\/\/lafase.cl\/fr\/wp-json\/wp\/v2\/categories?post=43018"},{"taxonomy":"post_tag","embeddable":true,"href":"https:\/\/lafase.cl\/fr\/wp-json\/wp\/v2\/tags?post=43018"}],"curies":[{"name":"wp","href":"https:\/\/api.w.org\/{rel}","templated":true}]}}