{"id":42008,"date":"2022-07-08T15:54:30","date_gmt":"2022-07-08T19:54:30","guid":{"rendered":"http:\/\/lafase.cl\/?p=42008"},"modified":"2022-08-12T17:32:34","modified_gmt":"2022-08-12T21:32:34","slug":"le-palmares-ca-detonne","status":"publish","type":"post","link":"https:\/\/lafase.cl\/fr\/dernieres-nouvelles-fr\/le-palmares-ca-detonne\/","title":{"rendered":"Un palmar\u00e8s qui (d)\u00e9tonne!"},"content":{"rendered":"<section class=\"wpb-content-wrapper\"><p>[vc_row][vc_column][vc_custom_heading text=\u00a0\u00bbL\u2019op\u00e9ration PO\u00c9CLIC, sous sa nouvelle forme, a rencontr\u00e9 cette ann\u00e9e un succ\u00e8s croissant.<\/p>\n<p>Ce sont 100 classes de notre zone, de la maternelle \u00e0 la terminale, qui ont re\u00e7u un \u201cpo\u00e8me offert\u201d, \u00e9crit sp\u00e9cialement pour eux par l\u2019un.e des 50 po\u00e8tes partenaires, et qui ont enregistr\u00e9 une r\u00e9ponse orale adress\u00e9e \u00e0 l\u2019auteur, rendant compte de leur r\u00e9ception et de leur appropriation du texte. A l\u2019issue de cette premi\u00e8re phase, chaque professeur.e s\u2019est vu adresser des dipl\u00f4mes de lecteur\/lectrice Po\u00e9clic 2022 pour chacun de ses \u00e9l\u00e8ves.\u00a0\u00bb font_container=\u00a0\u00bbtag:h3|font_size:16|text_align:justify\u00a0\u00bb use_theme_fonts=\u00a0\u00bbyes\u00a0\u00bb][vc_column_text]<\/p>\n<p style=\"font-weight: 400; text-align: justify;\"><a href=\"http:\/\/lafase.cl\/wp-content\/uploads\/2022\/07\/Captura-de-Pantalla-2022-08-04-a-las-13.56.47.png\"><img decoding=\"async\" loading=\"lazy\" class=\"alignright wp-image-42731\" src=\"http:\/\/lafase.cl\/wp-content\/uploads\/2022\/07\/Captura-de-Pantalla-2022-08-04-a-las-13.56.47-300x195.png\" alt=\"\" width=\"250\" height=\"163\" srcset=\"https:\/\/lafase.cl\/wp-content\/uploads\/2022\/07\/Captura-de-Pantalla-2022-08-04-a-las-13.56.47-300x195.png 300w, https:\/\/lafase.cl\/wp-content\/uploads\/2022\/07\/Captura-de-Pantalla-2022-08-04-a-las-13.56.47-768x500.png 768w, https:\/\/lafase.cl\/wp-content\/uploads\/2022\/07\/Captura-de-Pantalla-2022-08-04-a-las-13.56.47-1024x667.png 1024w, https:\/\/lafase.cl\/wp-content\/uploads\/2022\/07\/Captura-de-Pantalla-2022-08-04-a-las-13.56.47-150x98.png 150w, https:\/\/lafase.cl\/wp-content\/uploads\/2022\/07\/Captura-de-Pantalla-2022-08-04-a-las-13.56.47.png 1234w\" sizes=\"(max-width: 250px) 100vw, 250px\" \/><\/a><strong>Pour la sixi\u00e8me ann\u00e9e cons\u00e9cutive, le premier semestre 2021 des lyc\u00e9es fran\u00e7ais d\u2019Am\u00e9rique latine s\u2019est d\u00e9roul\u00e9 sous le signe de la po\u00e9sie, avec le concours PO\u00c9CLIC auquel ont grandement particip\u00e9 les classes du lyc\u00e9e Saint-Exup\u00e9ry, de la maternelle au lyc\u00e9e.\u00a0 <\/strong><\/p>\n<p style=\"font-weight: 400; text-align: justify;\"><strong>Po\u00e9clic, c\u2019est un dialogue in\u00e9dit des classes avec la po\u00e9sie et les po\u00e8tes d\u2019aujourd\u2019hui qui cherche \u00e0 renouveler les approches de l\u2019oral et de l\u2019\u00e9crit avec les \u00e9l\u00e8ves.<\/strong><\/p>\n<p style=\"font-weight: 400; text-align: justify;\"><strong>\u200b<\/strong><\/p>\n<p style=\"font-weight: 400; text-align: justify;\"><strong><a href=\"http:\/\/lafase.cl\/wp-content\/uploads\/2022\/07\/Captura-de-Pantalla-2022-08-04-a-las-13.54.06-e1659636144951.png\"><img decoding=\"async\" loading=\"lazy\" class=\"alignleft wp-image-42735\" src=\"http:\/\/lafase.cl\/wp-content\/uploads\/2022\/07\/Captura-de-Pantalla-2022-08-04-a-las-13.54.06-300x188.png\" alt=\"\" width=\"250\" height=\"157\" \/><\/a>Une cinquantaine de po\u00e8tes fran\u00e7ais.es et francophones, enthousiasm\u00e9.e.s par le travail r\u00e9alis\u00e9 avec les \u00e9l\u00e8ves, ont, cette ann\u00e9e encore, r\u00e9pondu \u00e0 l\u2019appel et \u00e9crit, sp\u00e9cialement pour le projet, de la maternelle \u00e0 la terminale, des po\u00e8mes respectant les contraintes du concours. <\/strong><\/p>\n<p style=\"font-weight: 400; text-align: justify;\"><strong>Les classes participantes ont d\u2019abord re\u00e7u un po\u00e8me sp\u00e9cialement \u00e9crit pour elles. En r\u00e9ponse \u00e0 ce po\u00e8me offert, les classes ont alors elles-m\u00eames r\u00e9alis\u00e9 des po\u00e8mes (chor\u00e9graphiques, graphiques ou \u00e9crits selon les niveaux). <\/strong><\/p>\n<p style=\"font-weight: 400; text-align: justify;\"><strong>\u00a0<\/strong><\/p>\n<p style=\"font-weight: 400;\"><strong>Le jury compos\u00e9 de po\u00e8tes et de professeurs de la toute la zone Am\u00e9rique latine s\u2019est r\u00e9uni fin juin et a d\u00e9cern\u00e9 de nombreux prix aux classes du lyc\u00e9e Saint-Exup\u00e9ry qui ont particip\u00e9. Bravo pour la cr\u00e9ativit\u00e9 et l\u2019enthousiasme des \u00e9l\u00e8ves ! <\/strong><\/p>\n<p>[\/vc_column_text][\/vc_column][\/vc_row][vc_row][vc_column][vc_custom_heading text=\u00a0\u00bbLe palmar\u00e8s\u00a0\u00bb font_container=\u00a0\u00bbtag:h3|font_size:18|text_align:left\u00a0\u00bb use_theme_fonts=\u00a0\u00bbyes\u00a0\u00bb link=\u00a0\u00bburl:https%3A%2F%2Fpoeclic2020.wixsite.com%2F2022%2Fcopy-of-lyc%C3%A9e-2|||\u00a0\u00bb][\/vc_column][\/vc_row][vc_row][vc_column width=\u00a0\u00bb1\/3&Prime;][vc_single_image image=\u00a0\u00bb42715&Prime; img_size=\u00a0\u00bbfull\u00a0\u00bb][\/vc_column][vc_column width=\u00a0\u00bb1\/3&Prime;][vc_single_image image=\u00a0\u00bb42717&Prime; img_size=\u00a0\u00bbfull\u00a0\u00bb][\/vc_column][vc_column width=\u00a0\u00bb1\/3&Prime;][vc_single_image image=\u00a0\u00bb42713&Prime; img_size=\u00a0\u00bbfull\u00a0\u00bb][\/vc_column][\/vc_row][vc_row][vc_column][vc_btn title=\u00a0\u00bbACC\u00c9DEZ ICI AUX TRAVAUX RENDUS DES CLASSES DE NOTRE \u00c9COLE\u00a0\u00bb color=\u00a0\u00bbwarning\u00a0\u00bb align=\u00a0\u00bbcenter\u00a0\u00bb link=\u00a0\u00bburl:https%3A%2F%2Fdrive.google.com%2Fdrive%2Ffolders%2F1EuphhGb09eeQQJ2Z__rneZDVxOI7L67J%3Fusp%3Dsharing|||\u00a0\u00bb][vc_column_text]<\/p>\n<p style=\"text-align: center;\"><a href=\"https:\/\/poeclic2020.wixsite.com\/2022\/pr\u00e9sentation\">Lien du site officiel Po\u00e9clic 2022 avec tous les palmar\u00e8s et travaux de la zone Amlasud<\/a><\/p>\n<p>[\/vc_column_text][\/vc_column][\/vc_row][vc_row][vc_column][\/vc_column][\/vc_row]<\/p>\n<\/section>","protected":false},"excerpt":{"rendered":"<p>[vc_row][vc_column][vc_custom_heading text=\u00a0\u00bbL\u2019op\u00e9ration PO\u00c9CLIC, sous sa nouvelle forme, a rencontr\u00e9 cette ann\u00e9e un succ\u00e8s croissant. Ce sont 100 classes de notre&nbsp;<a href=\"https:\/\/lafase.cl\/fr\/dernieres-nouvelles-fr\/le-palmares-ca-detonne\/\">&hellip;<\/a><\/p>\n","protected":false},"author":3,"featured_media":42621,"comment_status":"open","ping_status":"open","sticky":false,"template":"","format":"standard","meta":{"om_disable_all_campaigns":false,"_monsterinsights_skip_tracking":false,"_monsterinsights_sitenote_active":false,"_monsterinsights_sitenote_note":"","_monsterinsights_sitenote_category":0},"categories":[39],"tags":[],"aioseo_notices":[],"_links":{"self":[{"href":"https:\/\/lafase.cl\/fr\/wp-json\/wp\/v2\/posts\/42008"}],"collection":[{"href":"https:\/\/lafase.cl\/fr\/wp-json\/wp\/v2\/posts"}],"about":[{"href":"https:\/\/lafase.cl\/fr\/wp-json\/wp\/v2\/types\/post"}],"author":[{"embeddable":true,"href":"https:\/\/lafase.cl\/fr\/wp-json\/wp\/v2\/users\/3"}],"replies":[{"embeddable":true,"href":"https:\/\/lafase.cl\/fr\/wp-json\/wp\/v2\/comments?post=42008"}],"version-history":[{"count":7,"href":"https:\/\/lafase.cl\/fr\/wp-json\/wp\/v2\/posts\/42008\/revisions"}],"predecessor-version":[{"id":43030,"href":"https:\/\/lafase.cl\/fr\/wp-json\/wp\/v2\/posts\/42008\/revisions\/43030"}],"wp:featuredmedia":[{"embeddable":true,"href":"https:\/\/lafase.cl\/fr\/wp-json\/wp\/v2\/media\/42621"}],"wp:attachment":[{"href":"https:\/\/lafase.cl\/fr\/wp-json\/wp\/v2\/media?parent=42008"}],"wp:term":[{"taxonomy":"category","embeddable":true,"href":"https:\/\/lafase.cl\/fr\/wp-json\/wp\/v2\/categories?post=42008"},{"taxonomy":"post_tag","embeddable":true,"href":"https:\/\/lafase.cl\/fr\/wp-json\/wp\/v2\/tags?post=42008"}],"curies":[{"name":"wp","href":"https:\/\/api.w.org\/{rel}","templated":true}]}}