{"id":39011,"date":"2022-04-04T14:57:38","date_gmt":"2022-04-04T18:57:38","guid":{"rendered":"http:\/\/lafase.cl\/dernieres-nouvelles-fr\/elecciones-de-delegados-de-curso\/"},"modified":"2022-04-04T15:05:38","modified_gmt":"2022-04-04T19:05:38","slug":"elecciones-de-delegados-de-curso","status":"publish","type":"post","link":"https:\/\/lafase.cl\/fr\/dernieres-nouvelles-fr\/elecciones-de-delegados-de-curso\/","title":{"rendered":"Elections des d\u00e9l\u00e9gu\u00e9s de classe"},"content":{"rendered":"<p><strong>L&rsquo;\u00e9lection des d\u00e9l\u00e9gu\u00e9s de classe, un premier exercice d\u00e9mocratique pour les \u00e9l\u00e8ves de Chamisero<\/strong><\/p>\n<p>Le 31 Mars ont eu lieu les \u00e9lections annuelles des d\u00e9l\u00e9gu\u00e9s \u00e0 Chamisero. Apr\u00e8s une campagne riche en projets pour l\u2019\u00e9cole de la part des candidats, nos chers \u00e9l\u00e8ves ont \u00e9t\u00e9 appel\u00e9s aux urnes pour \u00e9lire celui ou celle qui les repr\u00e9sentera.<\/p>\n<p>D\u00e9claration de candidatures, discours de campagne, vote dans un isoloir, bulletin dans une urne, d\u00e9pouillement et proclamation des r\u00e9sultats, nos \u00e9l\u00e8ves, munis de leur carte \u00e9lectorale ont pris leur mission de citoyen tr\u00e8s au s\u00e9rieux !<\/p>\n<p>Les d\u00e9l\u00e9gu\u00e9s participeront \u00e0 des conseils d\u2019\u00e9l\u00e8ves plusieurs fois dans l\u2019ann\u00e9e avec la directrice ou ils pourront pr\u00e9senter les id\u00e9es et les projets de leurs camarades dans le but d\u2019am\u00e9liorer la vie de l\u2019\u00e9cole.<\/p>\n<p>Toute l\u2019\u00e9quipe de Chamisero souligne le courage des candidats \u00e0 affronter les urnes et leur souhaite une bonne ann\u00e9e.<\/p>\n<p><a href=\"http:\/\/lafase.cl\/wp-content\/uploads\/2022\/04\/2a64a826-e3e5-4ac3-b98d-9414bc83dd3d.jpg\"><img decoding=\"async\" loading=\"lazy\" class=\"alignnone size-medium wp-image-38996\" src=\"http:\/\/lafase.cl\/wp-content\/uploads\/2022\/04\/2a64a826-e3e5-4ac3-b98d-9414bc83dd3d-169x300.jpg\" alt=\"\" width=\"169\" height=\"300\" srcset=\"https:\/\/lafase.cl\/wp-content\/uploads\/2022\/04\/2a64a826-e3e5-4ac3-b98d-9414bc83dd3d-169x300.jpg 169w, https:\/\/lafase.cl\/wp-content\/uploads\/2022\/04\/2a64a826-e3e5-4ac3-b98d-9414bc83dd3d-768x1365.jpg 768w, https:\/\/lafase.cl\/wp-content\/uploads\/2022\/04\/2a64a826-e3e5-4ac3-b98d-9414bc83dd3d-576x1024.jpg 576w, https:\/\/lafase.cl\/wp-content\/uploads\/2022\/04\/2a64a826-e3e5-4ac3-b98d-9414bc83dd3d-84x150.jpg 84w, https:\/\/lafase.cl\/wp-content\/uploads\/2022\/04\/2a64a826-e3e5-4ac3-b98d-9414bc83dd3d.jpg 900w\" sizes=\"(max-width: 169px) 100vw, 169px\" \/><\/a><a href=\"http:\/\/lafase.cl\/wp-content\/uploads\/2022\/04\/5aa1e408-278f-4187-93d8-691766b069cc.jpg\"><img decoding=\"async\" loading=\"lazy\" class=\"alignnone size-medium wp-image-38998\" src=\"http:\/\/lafase.cl\/wp-content\/uploads\/2022\/04\/5aa1e408-278f-4187-93d8-691766b069cc-169x300.jpg\" alt=\"\" width=\"169\" height=\"300\" srcset=\"https:\/\/lafase.cl\/wp-content\/uploads\/2022\/04\/5aa1e408-278f-4187-93d8-691766b069cc-169x300.jpg 169w, https:\/\/lafase.cl\/wp-content\/uploads\/2022\/04\/5aa1e408-278f-4187-93d8-691766b069cc-768x1365.jpg 768w, https:\/\/lafase.cl\/wp-content\/uploads\/2022\/04\/5aa1e408-278f-4187-93d8-691766b069cc-576x1024.jpg 576w, https:\/\/lafase.cl\/wp-content\/uploads\/2022\/04\/5aa1e408-278f-4187-93d8-691766b069cc-84x150.jpg 84w, https:\/\/lafase.cl\/wp-content\/uploads\/2022\/04\/5aa1e408-278f-4187-93d8-691766b069cc.jpg 900w\" sizes=\"(max-width: 169px) 100vw, 169px\" \/><\/a><a href=\"http:\/\/lafase.cl\/wp-content\/uploads\/2022\/04\/7a198f5d-dd6a-4ea6-b261-6949bb568156.jpg\"><img decoding=\"async\" loading=\"lazy\" class=\"alignnone size-medium wp-image-39000\" src=\"http:\/\/lafase.cl\/wp-content\/uploads\/2022\/04\/7a198f5d-dd6a-4ea6-b261-6949bb568156-169x300.jpg\" alt=\"\" width=\"169\" height=\"300\" srcset=\"https:\/\/lafase.cl\/wp-content\/uploads\/2022\/04\/7a198f5d-dd6a-4ea6-b261-6949bb568156-169x300.jpg 169w, https:\/\/lafase.cl\/wp-content\/uploads\/2022\/04\/7a198f5d-dd6a-4ea6-b261-6949bb568156-768x1365.jpg 768w, https:\/\/lafase.cl\/wp-content\/uploads\/2022\/04\/7a198f5d-dd6a-4ea6-b261-6949bb568156-576x1024.jpg 576w, https:\/\/lafase.cl\/wp-content\/uploads\/2022\/04\/7a198f5d-dd6a-4ea6-b261-6949bb568156-84x150.jpg 84w, https:\/\/lafase.cl\/wp-content\/uploads\/2022\/04\/7a198f5d-dd6a-4ea6-b261-6949bb568156.jpg 900w\" sizes=\"(max-width: 169px) 100vw, 169px\" \/><\/a><a href=\"http:\/\/lafase.cl\/wp-content\/uploads\/2022\/04\/14e2a692-5405-4915-a9ab-02d8a7d1982e.jpg\"><img decoding=\"async\" loading=\"lazy\" class=\"alignnone size-medium wp-image-39002\" src=\"http:\/\/lafase.cl\/wp-content\/uploads\/2022\/04\/14e2a692-5405-4915-a9ab-02d8a7d1982e-169x300.jpg\" alt=\"\" width=\"169\" height=\"300\" srcset=\"https:\/\/lafase.cl\/wp-content\/uploads\/2022\/04\/14e2a692-5405-4915-a9ab-02d8a7d1982e-169x300.jpg 169w, https:\/\/lafase.cl\/wp-content\/uploads\/2022\/04\/14e2a692-5405-4915-a9ab-02d8a7d1982e-768x1365.jpg 768w, https:\/\/lafase.cl\/wp-content\/uploads\/2022\/04\/14e2a692-5405-4915-a9ab-02d8a7d1982e-576x1024.jpg 576w, https:\/\/lafase.cl\/wp-content\/uploads\/2022\/04\/14e2a692-5405-4915-a9ab-02d8a7d1982e-84x150.jpg 84w, https:\/\/lafase.cl\/wp-content\/uploads\/2022\/04\/14e2a692-5405-4915-a9ab-02d8a7d1982e.jpg 900w\" sizes=\"(max-width: 169px) 100vw, 169px\" \/><\/a><a href=\"http:\/\/lafase.cl\/wp-content\/uploads\/2022\/04\/97057074-ff59-4de7-8ab9-fb7ee8160c49.jpg\"><img decoding=\"async\" loading=\"lazy\" class=\"alignnone size-medium wp-image-39006\" src=\"http:\/\/lafase.cl\/wp-content\/uploads\/2022\/04\/97057074-ff59-4de7-8ab9-fb7ee8160c49-225x300.jpg\" alt=\"\" width=\"225\" height=\"300\" srcset=\"https:\/\/lafase.cl\/wp-content\/uploads\/2022\/04\/97057074-ff59-4de7-8ab9-fb7ee8160c49-225x300.jpg 225w, https:\/\/lafase.cl\/wp-content\/uploads\/2022\/04\/97057074-ff59-4de7-8ab9-fb7ee8160c49.jpg 768w, https:\/\/lafase.cl\/wp-content\/uploads\/2022\/04\/97057074-ff59-4de7-8ab9-fb7ee8160c49-113x150.jpg 113w\" sizes=\"(max-width: 225px) 100vw, 225px\" \/><\/a><a href=\"http:\/\/lafase.cl\/wp-content\/uploads\/2022\/04\/7149863d-d409-4e42-af01-f40ee4b284b2.jpg\"><img decoding=\"async\" loading=\"lazy\" class=\"alignnone size-medium wp-image-39004\" src=\"http:\/\/lafase.cl\/wp-content\/uploads\/2022\/04\/7149863d-d409-4e42-af01-f40ee4b284b2-225x300.jpg\" alt=\"\" width=\"225\" height=\"300\" srcset=\"https:\/\/lafase.cl\/wp-content\/uploads\/2022\/04\/7149863d-d409-4e42-af01-f40ee4b284b2-225x300.jpg 225w, https:\/\/lafase.cl\/wp-content\/uploads\/2022\/04\/7149863d-d409-4e42-af01-f40ee4b284b2.jpg 768w, https:\/\/lafase.cl\/wp-content\/uploads\/2022\/04\/7149863d-d409-4e42-af01-f40ee4b284b2-113x150.jpg 113w\" sizes=\"(max-width: 225px) 100vw, 225px\" \/><\/a><\/p>\n","protected":false},"excerpt":{"rendered":"<p>L&rsquo;\u00e9lection des d\u00e9l\u00e9gu\u00e9s de classe, un premier exercice d\u00e9mocratique pour les \u00e9l\u00e8ves de Chamisero Le 31 Mars ont eu lieu&nbsp;<a href=\"https:\/\/lafase.cl\/fr\/dernieres-nouvelles-fr\/elecciones-de-delegados-de-curso\/\">&hellip;<\/a><\/p>\n","protected":false},"author":3,"featured_media":0,"comment_status":"open","ping_status":"open","sticky":false,"template":"","format":"standard","meta":{"om_disable_all_campaigns":false,"_monsterinsights_skip_tracking":false,"_monsterinsights_sitenote_active":false,"_monsterinsights_sitenote_note":"","_monsterinsights_sitenote_category":0},"categories":[39,1023],"tags":[1587,1588,1589,202,203,1591,1118],"aioseo_notices":[],"_links":{"self":[{"href":"https:\/\/lafase.cl\/fr\/wp-json\/wp\/v2\/posts\/39011"}],"collection":[{"href":"https:\/\/lafase.cl\/fr\/wp-json\/wp\/v2\/posts"}],"about":[{"href":"https:\/\/lafase.cl\/fr\/wp-json\/wp\/v2\/types\/post"}],"author":[{"embeddable":true,"href":"https:\/\/lafase.cl\/fr\/wp-json\/wp\/v2\/users\/3"}],"replies":[{"embeddable":true,"href":"https:\/\/lafase.cl\/fr\/wp-json\/wp\/v2\/comments?post=39011"}],"version-history":[{"count":3,"href":"https:\/\/lafase.cl\/fr\/wp-json\/wp\/v2\/posts\/39011\/revisions"}],"predecessor-version":[{"id":39016,"href":"https:\/\/lafase.cl\/fr\/wp-json\/wp\/v2\/posts\/39011\/revisions\/39016"}],"wp:attachment":[{"href":"https:\/\/lafase.cl\/fr\/wp-json\/wp\/v2\/media?parent=39011"}],"wp:term":[{"taxonomy":"category","embeddable":true,"href":"https:\/\/lafase.cl\/fr\/wp-json\/wp\/v2\/categories?post=39011"},{"taxonomy":"post_tag","embeddable":true,"href":"https:\/\/lafase.cl\/fr\/wp-json\/wp\/v2\/tags?post=39011"}],"curies":[{"name":"wp","href":"https:\/\/api.w.org\/{rel}","templated":true}]}}