{"id":38164,"date":"2022-03-10T11:53:16","date_gmt":"2022-03-10T14:53:16","guid":{"rendered":"http:\/\/lafase.cl\/dernieres-nouvelles-fr\/resultados-y-evolucion-de-la-ptu\/"},"modified":"2022-03-10T12:04:34","modified_gmt":"2022-03-10T15:04:34","slug":"resultados-y-evolucion-de-la-ptu","status":"publish","type":"post","link":"https:\/\/lafase.cl\/fr\/dernieres-nouvelles-fr\/resultados-y-evolucion-de-la-ptu\/","title":{"rendered":"R\u00e9sultats &#038; \u00e9volution de la PTU"},"content":{"rendered":"<section class=\"wpb-content-wrapper\"><p>[vc_row][vc_column][vc_custom_heading text=\u00a0\u00bbNous souhaitons partager avec vous une br\u00e8ve analyse concernant les r\u00e9sultats de nos \u00e9l\u00e8ves \u00e0 l\u2019\u00e9preuve de la PTU (Prueba de Transici\u00f3n para la Admisi\u00f3n Universitaria) en 2021 et l\u2019\u00e9volution qu\u2019elle conna\u00eetra \u00e0 partir de 2022 avec le nouvel examen d&rsquo;acc\u00e8s \u00e0 l&rsquo;Enseignement sup\u00e9rieur, PAES (Prueba de Acceso a la Educaci\u00f3n Superior). Cette nouvelle \u00e9preuve ne mesurera pas seulement l\u2019accumulation de connaissances des \u00e9l\u00e8ves mais elle \u00e9valuera aussi leurs aptitudes et comp\u00e9tences, c\u2019est l\u2019un des principaux changements.\u00a0\u00bb font_container=\u00a0\u00bbtag:h3|font_size:14|text_align:left\u00a0\u00bb use_theme_fonts=\u00a0\u00bbyes\u00a0\u00bb][vc_single_image image=\u00a0\u00bb38158&Prime; img_size=\u00a0\u00bbfull\u00a0\u00bb][\/vc_column][\/vc_row]<\/p>\n<\/section>","protected":false},"excerpt":{"rendered":"<p>[vc_row][vc_column][vc_custom_heading text=\u00a0\u00bbNous souhaitons partager avec vous une br\u00e8ve analyse concernant les r\u00e9sultats de nos \u00e9l\u00e8ves \u00e0 l\u2019\u00e9preuve de la PTU&nbsp;<a href=\"https:\/\/lafase.cl\/fr\/dernieres-nouvelles-fr\/resultados-y-evolucion-de-la-ptu\/\">&hellip;<\/a><\/p>\n","protected":false},"author":3,"featured_media":38166,"comment_status":"closed","ping_status":"closed","sticky":false,"template":"","format":"standard","meta":{"om_disable_all_campaigns":false,"_monsterinsights_skip_tracking":false,"_monsterinsights_sitenote_active":false,"_monsterinsights_sitenote_note":"","_monsterinsights_sitenote_category":0},"categories":[39,1570,468],"tags":[755,756,633,1571,186,1575,1574,290],"aioseo_notices":[],"_links":{"self":[{"href":"https:\/\/lafase.cl\/fr\/wp-json\/wp\/v2\/posts\/38164"}],"collection":[{"href":"https:\/\/lafase.cl\/fr\/wp-json\/wp\/v2\/posts"}],"about":[{"href":"https:\/\/lafase.cl\/fr\/wp-json\/wp\/v2\/types\/post"}],"author":[{"embeddable":true,"href":"https:\/\/lafase.cl\/fr\/wp-json\/wp\/v2\/users\/3"}],"replies":[{"embeddable":true,"href":"https:\/\/lafase.cl\/fr\/wp-json\/wp\/v2\/comments?post=38164"}],"version-history":[{"count":2,"href":"https:\/\/lafase.cl\/fr\/wp-json\/wp\/v2\/posts\/38164\/revisions"}],"predecessor-version":[{"id":38168,"href":"https:\/\/lafase.cl\/fr\/wp-json\/wp\/v2\/posts\/38164\/revisions\/38168"}],"wp:featuredmedia":[{"embeddable":true,"href":"https:\/\/lafase.cl\/fr\/wp-json\/wp\/v2\/media\/38166"}],"wp:attachment":[{"href":"https:\/\/lafase.cl\/fr\/wp-json\/wp\/v2\/media?parent=38164"}],"wp:term":[{"taxonomy":"category","embeddable":true,"href":"https:\/\/lafase.cl\/fr\/wp-json\/wp\/v2\/categories?post=38164"},{"taxonomy":"post_tag","embeddable":true,"href":"https:\/\/lafase.cl\/fr\/wp-json\/wp\/v2\/tags?post=38164"}],"curies":[{"name":"wp","href":"https:\/\/api.w.org\/{rel}","templated":true}]}}