{"id":3770,"date":"2019-03-01T10:30:07","date_gmt":"2019-03-01T13:30:07","guid":{"rendered":"http:\/\/lafase.cl\/?p=3770"},"modified":"2019-03-01T11:20:07","modified_gmt":"2019-03-01T14:20:07","slug":"activites-sportives-sur-le-site-de-chamisero","status":"publish","type":"post","link":"https:\/\/lafase.cl\/fr\/dernieres-nouvelles-fr\/activites-sportives-sur-le-site-de-chamisero\/","title":{"rendered":"Activit\u00e9s sportives sur le site de Chamisero"},"content":{"rendered":"<p>Le Lyc\u00e9e Antoine de Saint-Exup\u00e9ry\u00a0 <strong>de Chamisero<\/strong> vous propose cette ann\u00e9e un programme vari\u00e9 d&rsquo;activit\u00e9s sportives.<\/p>\n<p>Afin de vous organiser au mieux, voici les activit\u00e9s et les horaires.<\/p>\n<p>Pour s&rsquo;inscrire veuillez contacter le professeur responsable de l&rsquo;activit\u00e9 souhait\u00e9e. <span style=\"text-decoration: underline;\"><a href=\"https:\/\/lafase.cl\/fr\/association-sportive\/\"><span style=\"color: #000080; text-decoration: underline;\">Plus d&rsquo;info<\/span><\/a><\/span><\/p>\n<p><a href=\"https:\/\/lafase.cl\/fr\/association-sportive\/\"><!--more--><\/a><\/p>\n<p><img decoding=\"async\" loading=\"lazy\" class=\"alignnone size-large wp-image-3771\" src=\"http:\/\/lafase.cl\/wp-content\/uploads\/2019\/03\/Afiche-Ramas-Deportivas-2019-Chamisero-540x740.jpg\" alt=\"\" width=\"540\" height=\"740\" srcset=\"https:\/\/lafase.cl\/wp-content\/uploads\/2019\/03\/Afiche-Ramas-Deportivas-2019-Chamisero.jpg 540w, https:\/\/lafase.cl\/wp-content\/uploads\/2019\/03\/Afiche-Ramas-Deportivas-2019-Chamisero-219x300.jpg 219w\" sizes=\"(max-width: 540px) 100vw, 540px\" \/><\/p>\n","protected":false},"excerpt":{"rendered":"<p>Le Lyc\u00e9e Antoine de Saint-Exup\u00e9ry\u00a0 de Chamisero vous propose cette ann\u00e9e un programme vari\u00e9 d&rsquo;activit\u00e9s sportives. Afin de vous organiser&nbsp;<a href=\"https:\/\/lafase.cl\/fr\/dernieres-nouvelles-fr\/activites-sportives-sur-le-site-de-chamisero\/\">&hellip;<\/a><\/p>\n","protected":false},"author":3,"featured_media":3792,"comment_status":"closed","ping_status":"open","sticky":false,"template":"","format":"standard","meta":{"om_disable_all_campaigns":false,"_monsterinsights_skip_tracking":false,"_monsterinsights_sitenote_active":false,"_monsterinsights_sitenote_note":"","_monsterinsights_sitenote_category":0},"categories":[39],"tags":[54,61,55,53,62,64,51,52,63],"aioseo_notices":[],"_links":{"self":[{"href":"https:\/\/lafase.cl\/fr\/wp-json\/wp\/v2\/posts\/3770"}],"collection":[{"href":"https:\/\/lafase.cl\/fr\/wp-json\/wp\/v2\/posts"}],"about":[{"href":"https:\/\/lafase.cl\/fr\/wp-json\/wp\/v2\/types\/post"}],"author":[{"embeddable":true,"href":"https:\/\/lafase.cl\/fr\/wp-json\/wp\/v2\/users\/3"}],"replies":[{"embeddable":true,"href":"https:\/\/lafase.cl\/fr\/wp-json\/wp\/v2\/comments?post=3770"}],"version-history":[{"count":6,"href":"https:\/\/lafase.cl\/fr\/wp-json\/wp\/v2\/posts\/3770\/revisions"}],"predecessor-version":[{"id":3788,"href":"https:\/\/lafase.cl\/fr\/wp-json\/wp\/v2\/posts\/3770\/revisions\/3788"}],"wp:featuredmedia":[{"embeddable":true,"href":"https:\/\/lafase.cl\/fr\/wp-json\/wp\/v2\/media\/3792"}],"wp:attachment":[{"href":"https:\/\/lafase.cl\/fr\/wp-json\/wp\/v2\/media?parent=3770"}],"wp:term":[{"taxonomy":"category","embeddable":true,"href":"https:\/\/lafase.cl\/fr\/wp-json\/wp\/v2\/categories?post=3770"},{"taxonomy":"post_tag","embeddable":true,"href":"https:\/\/lafase.cl\/fr\/wp-json\/wp\/v2\/tags?post=3770"}],"curies":[{"name":"wp","href":"https:\/\/api.w.org\/{rel}","templated":true}]}}