{"id":35552,"date":"2021-09-13T11:17:01","date_gmt":"2021-09-13T14:17:01","guid":{"rendered":"http:\/\/lafase.cl\/?p=35552"},"modified":"2021-09-13T11:19:14","modified_gmt":"2021-09-13T14:19:14","slug":"campeonato-online-gimnasia-ritmica-juvenil-y-superior-2021","status":"publish","type":"post","link":"https:\/\/lafase.cl\/fr\/dernieres-nouvelles-fr\/campeonato-online-gimnasia-ritmica-juvenil-y-superior-2021\/","title":{"rendered":"Championnat Online Gymnastique Rythmique \u00ab\u00a0Juvenil\u00a0\u00bb et \u00ab\u00a0Superior\u00a0\u00bb 2021"},"content":{"rendered":"<section class=\"wpb-content-wrapper\"><p>[vc_row][vc_column][vc_custom_heading text=\u00a0\u00bbPrimera Competencia Online de Gimnasia R\u00edtmica 2021, Categor\u00eda Juvenil y Superior, organizado por la Agrupaci\u00f3n Escolar de Gimnasia R\u00edtmica (S\u00e1bado 14 de Agosto).\u00a0\u00bb font_container=\u00a0\u00bbtag:h3|text_align:left\u00a0\u00bb use_theme_fonts=\u00a0\u00bbyes\u00a0\u00bb][vc_row_inner][vc_column_inner width=\u00a0\u00bb1\/3&Prime;][vc_column_text]<\/p>\n<div><b>Participantes:<\/b><\/div>\n<div>-Colegio Alianza Francesa Chamisero<br \/>\n-Colegio Alianza Francesa Vitacura<br \/>\n-Alianza Francesa Curic\u00f3<\/div>\n<div>-Escuela Javiera Reyes<br \/>\n-Team Javi<br \/>\n-Estadio Espa\u00f1ol<br \/>\n-Club Sidney<br \/>\n-Divina R\u00edtmica<\/div>\n<div><\/div>\n<p>[\/vc_column_text][\/vc_column_inner][vc_column_inner width=\u00a0\u00bb1\/3&Prime;][vc_column_text]<\/p>\n<div>\n<div><b>Gimnastas:<\/b><\/div>\n<div><span style=\"text-decoration: underline;\">Chamisero<\/span>:<\/div>\n<div>-Laura Serrano (Juvenil C)<br \/>\n-Isabel Uma\u00f1a (Todo Competidor)<\/div>\n<div><\/div>\n<div><span style=\"text-decoration: underline;\">Vitacura<\/span>:<\/div>\n<div>-Josefina Candia (Juvenil A)<\/div>\n<div>-Amanda Caruz (Juvenil B)<br \/>\n-Olivia Rica (Juvenil B)<br \/>\n-Colomba Riffo (Todo Competidor)<br \/>\n-Amanda Valdovinos (Superior B)<br \/>\n-B\u00e1rbara Kiwi (Superior B)<\/div>\n<\/div>\n<div><\/div>\n<p>[\/vc_column_text][\/vc_column_inner][vc_column_inner width=\u00a0\u00bb1\/3&Prime;][vc_column_text]<\/p>\n<div><u><b>Resultados:<\/b><\/u><\/div>\n<div><b>Juvenil A:<\/b><\/div>\n<div>\n<p>4to lugar Josefina Candia (Vitacura)<\/p>\n<\/div>\n<div><\/div>\n<div><b>Todo Competidor:<\/b><br \/>\n3er lugar Isabel Uma\u00f1a (Chamisero)<br \/>\n1er lugar Colomba Riffo (Vitacura)<\/div>\n<div><\/div>\n<div><\/div>\n<div><b>Superior B:<\/b><br \/>\n3er lugar B\u00e1rbara Kiwi (Vitacura)<br \/>\n1er lugar Amanda Valdovinos (Vitacura)<\/div>\n<p>[\/vc_column_text][\/vc_column_inner][\/vc_row_inner][vc_video link=\u00a0\u00bbhttps:\/\/vimeo.com\/600445171\/6e11b07085&Prime;][\/vc_column][\/vc_row]<\/p>\n<\/section>","protected":false},"excerpt":{"rendered":"<p>[vc_row][vc_column][vc_custom_heading text=\u00a0\u00bbPrimera Competencia Online de Gimnasia R\u00edtmica 2021, Categor\u00eda Juvenil y Superior, organizado por la Agrupaci\u00f3n Escolar de Gimnasia R\u00edtmica&nbsp;<a href=\"https:\/\/lafase.cl\/fr\/dernieres-nouvelles-fr\/campeonato-online-gimnasia-ritmica-juvenil-y-superior-2021\/\">&hellip;<\/a><\/p>\n","protected":false},"author":3,"featured_media":35547,"comment_status":"open","ping_status":"open","sticky":false,"template":"","format":"standard","meta":{"om_disable_all_campaigns":false,"_monsterinsights_skip_tracking":false,"_monsterinsights_sitenote_active":false,"_monsterinsights_sitenote_note":"","_monsterinsights_sitenote_category":0},"categories":[463,39],"tags":[1232,465,1233,1421,1062,51,78,1235],"aioseo_notices":[],"_links":{"self":[{"href":"https:\/\/lafase.cl\/fr\/wp-json\/wp\/v2\/posts\/35552"}],"collection":[{"href":"https:\/\/lafase.cl\/fr\/wp-json\/wp\/v2\/posts"}],"about":[{"href":"https:\/\/lafase.cl\/fr\/wp-json\/wp\/v2\/types\/post"}],"author":[{"embeddable":true,"href":"https:\/\/lafase.cl\/fr\/wp-json\/wp\/v2\/users\/3"}],"replies":[{"embeddable":true,"href":"https:\/\/lafase.cl\/fr\/wp-json\/wp\/v2\/comments?post=35552"}],"version-history":[{"count":3,"href":"https:\/\/lafase.cl\/fr\/wp-json\/wp\/v2\/posts\/35552\/revisions"}],"predecessor-version":[{"id":35555,"href":"https:\/\/lafase.cl\/fr\/wp-json\/wp\/v2\/posts\/35552\/revisions\/35555"}],"wp:featuredmedia":[{"embeddable":true,"href":"https:\/\/lafase.cl\/fr\/wp-json\/wp\/v2\/media\/35547"}],"wp:attachment":[{"href":"https:\/\/lafase.cl\/fr\/wp-json\/wp\/v2\/media?parent=35552"}],"wp:term":[{"taxonomy":"category","embeddable":true,"href":"https:\/\/lafase.cl\/fr\/wp-json\/wp\/v2\/categories?post=35552"},{"taxonomy":"post_tag","embeddable":true,"href":"https:\/\/lafase.cl\/fr\/wp-json\/wp\/v2\/tags?post=35552"}],"curies":[{"name":"wp","href":"https:\/\/api.w.org\/{rel}","templated":true}]}}