{"id":32619,"date":"2021-05-06T17:45:42","date_gmt":"2021-05-06T21:45:42","guid":{"rendered":"http:\/\/lafase.cl\/dernieres-nouvelles-fr\/campana-de-vacunacion-contra-la-influenza-en-chamisero\/"},"modified":"2021-05-10T11:58:24","modified_gmt":"2021-05-10T15:58:24","slug":"campana-de-vacunacion-contra-la-influenza-en-chamisero","status":"publish","type":"post","link":"https:\/\/lafase.cl\/fr\/dernieres-nouvelles-fr\/campana-de-vacunacion-contra-la-influenza-en-chamisero\/","title":{"rendered":"Campa\u00f1a de vacunaci\u00f3n contra la influenza en Chamisero"},"content":{"rendered":"\n<p>El Cesfam de Colina inform\u00f3 que&nbsp;<strong>la campa\u00f1a de vacunaci\u00f3n contra la influenza para los alumnos de PS a CM2 se realizar\u00e1 los d\u00edas lunes 10, martes 11 y mi\u00e9rcoles 12 de mayo.<\/strong><\/p>\n\n\n\n<p>Los horarios de vacunaci\u00f3n fueron definidos por el mismo Cesfam de Colina, que dividi\u00f3 a los alumnos en peque\u00f1os grupos con el fin de evitar aglomeraciones.<\/p>\n\n\n\n<p>Les solicitamos por favor&nbsp;<a href=\"http:\/\/lafase.cl\/wp-content\/uploads\/2021\/05\/Horarios-vacunaci\u00f3n-alumnos-de-Chamisero.xlsx\" target=\"_blank\" rel=\"noreferrer noopener\"><strong>revisar el horario de citaci\u00f3n para su hijo en la lista adjunta aqu\u00ed.<\/strong><\/a><\/p>\n\n\n\n<p>Para mayor informaci\u00f3n sobre la organizaci\u00f3n de la vacunaci\u00f3n en terreno&nbsp;<a href=\"http:\/\/lafase.cl\/wp-content\/uploads\/2021\/05\/Vacunaci\u00f3n-Chamisero-V2.pdf\" target=\"_blank\" rel=\"noreferrer noopener\"><strong>revisar el comunicado enviado a las familias aqu\u00ed.<\/strong><\/a><\/p>\n","protected":false},"excerpt":{"rendered":"<p>El Cesfam de Colina inform\u00f3 que&nbsp;la campa\u00f1a de vacunaci\u00f3n contra la influenza para los alumnos de PS a CM2 se&nbsp;<a href=\"https:\/\/lafase.cl\/fr\/dernieres-nouvelles-fr\/campana-de-vacunacion-contra-la-influenza-en-chamisero\/\">&hellip;<\/a><\/p>\n","protected":false},"author":2,"featured_media":32584,"comment_status":"open","ping_status":"open","sticky":false,"template":"","format":"standard","meta":{"om_disable_all_campaigns":false,"_monsterinsights_skip_tracking":false,"_monsterinsights_sitenote_active":false,"_monsterinsights_sitenote_note":"","_monsterinsights_sitenote_category":0},"categories":[39],"tags":[],"aioseo_notices":[],"_links":{"self":[{"href":"https:\/\/lafase.cl\/fr\/wp-json\/wp\/v2\/posts\/32619"}],"collection":[{"href":"https:\/\/lafase.cl\/fr\/wp-json\/wp\/v2\/posts"}],"about":[{"href":"https:\/\/lafase.cl\/fr\/wp-json\/wp\/v2\/types\/post"}],"author":[{"embeddable":true,"href":"https:\/\/lafase.cl\/fr\/wp-json\/wp\/v2\/users\/2"}],"replies":[{"embeddable":true,"href":"https:\/\/lafase.cl\/fr\/wp-json\/wp\/v2\/comments?post=32619"}],"version-history":[{"count":1,"href":"https:\/\/lafase.cl\/fr\/wp-json\/wp\/v2\/posts\/32619\/revisions"}],"predecessor-version":[{"id":32620,"href":"https:\/\/lafase.cl\/fr\/wp-json\/wp\/v2\/posts\/32619\/revisions\/32620"}],"wp:featuredmedia":[{"embeddable":true,"href":"https:\/\/lafase.cl\/fr\/wp-json\/wp\/v2\/media\/32584"}],"wp:attachment":[{"href":"https:\/\/lafase.cl\/fr\/wp-json\/wp\/v2\/media?parent=32619"}],"wp:term":[{"taxonomy":"category","embeddable":true,"href":"https:\/\/lafase.cl\/fr\/wp-json\/wp\/v2\/categories?post=32619"},{"taxonomy":"post_tag","embeddable":true,"href":"https:\/\/lafase.cl\/fr\/wp-json\/wp\/v2\/tags?post=32619"}],"curies":[{"name":"wp","href":"https:\/\/api.w.org\/{rel}","templated":true}]}}