{"id":32308,"date":"2021-04-19T15:20:16","date_gmt":"2021-04-19T19:20:16","guid":{"rendered":"http:\/\/lafase.cl\/?p=32308"},"modified":"2021-04-19T15:21:02","modified_gmt":"2021-04-19T19:21:02","slug":"1ere-emission-de-lannee","status":"publish","type":"post","link":"https:\/\/lafase.cl\/fr\/dernieres-nouvelles-fr\/1ere-emission-de-lannee\/","title":{"rendered":"1\u00e8re \u00e9mission de l&rsquo;ann\u00e9e"},"content":{"rendered":"<section class=\"wpb-content-wrapper\"><p>[vc_row][vc_column width=\u00a0\u00bb1\/2&Prime;][vc_column_text]Ch\u00e8res auditrices et chers auditeurs,<\/p>\n<p>#ChamiRadio vous propose sa premi\u00e8re \u00e9mission de l&rsquo;ann\u00e9e. Bonne \u00e9coute!<\/p>\n<p><img decoding=\"async\" loading=\"lazy\" class=\"alignnone wp-image-32304 size-full\" src=\"http:\/\/lafase.cl\/wp-content\/uploads\/2021\/04\/Programmation-e\u0301mission-n\u00b01-2021.jpg\" alt=\"\" width=\"693\" height=\"477\" srcset=\"https:\/\/lafase.cl\/wp-content\/uploads\/2021\/04\/Programmation-e\u0301mission-n\u00b01-2021.jpg 693w, https:\/\/lafase.cl\/wp-content\/uploads\/2021\/04\/Programmation-e\u0301mission-n\u00b01-2021-300x206.jpg 300w, https:\/\/lafase.cl\/wp-content\/uploads\/2021\/04\/Programmation-e\u0301mission-n\u00b01-2021-150x103.jpg 150w\" sizes=\"(max-width: 693px) 100vw, 693px\" \/>[\/vc_column_text][\/vc_column][vc_column width=\u00a0\u00bb1\/2&Prime;][vc_column_text]<\/p>\n<!--[if lt IE 9]><script>document.createElement('audio');<\/script><![endif]-->\n<audio class=\"wp-audio-shortcode\" id=\"audio-32308-1\" preload=\"none\" style=\"width: 100%;\" controls=\"controls\"><source type=\"audio\/mpeg\" src=\"http:\/\/lafase.cl\/wp-content\/uploads\/2021\/04\/Emission-n\u00b01.mp3?_=1\" \/><a href=\"http:\/\/lafase.cl\/wp-content\/uploads\/2021\/04\/Emission-n\u00b01.mp3\">http:\/\/lafase.cl\/wp-content\/uploads\/2021\/04\/Emission-n\u00b01.mp3<\/a><\/audio>\n<p>[\/vc_column_text][\/vc_column][\/vc_row]<\/p>\n<\/section>","protected":false},"excerpt":{"rendered":"<p>[vc_row][vc_column width=\u00a0\u00bb1\/2&Prime;][vc_column_text]Ch\u00e8res auditrices et chers auditeurs, #ChamiRadio vous propose sa premi\u00e8re \u00e9mission de l&rsquo;ann\u00e9e. Bonne \u00e9coute! [\/vc_column_text][\/vc_column][vc_column width=\u00a0\u00bb1\/2&Prime;][vc_column_text] [\/vc_column_text][\/vc_column][\/vc_row]<\/p>\n","protected":false},"author":3,"featured_media":32312,"comment_status":"closed","ping_status":"closed","sticky":false,"template":"","format":"standard","meta":{"om_disable_all_campaigns":false,"_monsterinsights_skip_tracking":false,"_monsterinsights_sitenote_active":false,"_monsterinsights_sitenote_note":"","_monsterinsights_sitenote_category":0},"categories":[396,39,616],"tags":[1312,237,970,169],"aioseo_notices":[],"_links":{"self":[{"href":"https:\/\/lafase.cl\/fr\/wp-json\/wp\/v2\/posts\/32308"}],"collection":[{"href":"https:\/\/lafase.cl\/fr\/wp-json\/wp\/v2\/posts"}],"about":[{"href":"https:\/\/lafase.cl\/fr\/wp-json\/wp\/v2\/types\/post"}],"author":[{"embeddable":true,"href":"https:\/\/lafase.cl\/fr\/wp-json\/wp\/v2\/users\/3"}],"replies":[{"embeddable":true,"href":"https:\/\/lafase.cl\/fr\/wp-json\/wp\/v2\/comments?post=32308"}],"version-history":[{"count":1,"href":"https:\/\/lafase.cl\/fr\/wp-json\/wp\/v2\/posts\/32308\/revisions"}],"predecessor-version":[{"id":32310,"href":"https:\/\/lafase.cl\/fr\/wp-json\/wp\/v2\/posts\/32308\/revisions\/32310"}],"wp:featuredmedia":[{"embeddable":true,"href":"https:\/\/lafase.cl\/fr\/wp-json\/wp\/v2\/media\/32312"}],"wp:attachment":[{"href":"https:\/\/lafase.cl\/fr\/wp-json\/wp\/v2\/media?parent=32308"}],"wp:term":[{"taxonomy":"category","embeddable":true,"href":"https:\/\/lafase.cl\/fr\/wp-json\/wp\/v2\/categories?post=32308"},{"taxonomy":"post_tag","embeddable":true,"href":"https:\/\/lafase.cl\/fr\/wp-json\/wp\/v2\/tags?post=32308"}],"curies":[{"name":"wp","href":"https:\/\/api.w.org\/{rel}","templated":true}]}}