{"id":32266,"date":"2021-04-16T10:42:24","date_gmt":"2021-04-16T14:42:24","guid":{"rendered":"http:\/\/lafase.cl\/?p=32266"},"modified":"2021-04-19T11:31:27","modified_gmt":"2021-04-19T15:31:27","slug":"il-etait-une-fois-de-merveilleux-contes","status":"publish","type":"post","link":"https:\/\/lafase.cl\/fr\/dernieres-nouvelles-fr\/il-etait-une-fois-de-merveilleux-contes\/","title":{"rendered":"Il \u00e9tait une fois de merveilleux contes&#8230;"},"content":{"rendered":"\n<h2 class=\"wp-block-heading\"><\/h2>\n\n\n\n<p>\u201cIl \u00e9tait une fois, de merveilleux contes, \u00e9crits, illustr\u00e9s et racont\u00e9s par des enfants bien curieux. <br> Les \u00e9l\u00e8ves de la classe de 5\u00e8me E ont invent\u00e9 leurs propres personnages et univers merveilleux, toujours dans le but de nous enseigner quelque chose d&rsquo;important. <br> Alors, venez vite explorer ces mondes imaginaires !\u201d<\/p>\n\n\n\n<p>Un travail r\u00e9alis\u00e9 dans le cadre du cours de fran\u00e7ais avec les \u00e9l\u00e8ves de la classe de 5E et leur professeure M\u00e9ghane Raymond.<\/p>\n\n\n\n<p><\/p>\n\n\n\n<div style=\"display:inline-block;vertical-align:top;width:300px;margin:20px auto;color:#333;background:#fff;border:1px solid #ddd;line-height:1.2;text-decoration:none;padding:0\"><a href=\"https:\/\/read.bookcreator.com\/4DyRtsSB1VTvFX3Wp5hwhSTBAVF3\/Phkt7bi_TxaaCAYdtuU3Pg\" style=\"display:block;color:#333;line-height:1.2;text-decoration:none;text-align:left;padding:0;font-weight:normal\" target=\"_blank\" rel=\"noopener noreferrer\"><img decoding=\"async\" src=\"https:\/\/assets.api.bookcreator.com\/4DyRtsSB1VTvFX3Wp5hwhSTBAVF3\/books\/Phkt7bi_TxaaCAYdtuU3Pg\/cover\/share\" style=\"max-height:300px;max-width:100%;display:block;margin:0 auto;padding:0;border:none\" alt=\"5E Notre livre illustr\u00e9\"><\/a><div style=\"display:block;padding:20px;overflow:hidden;overflow-x:hidden;border-top:1px solid #ddd\"><div style=\"display:block;color:#333;line-height:1.2;text-decoration:none;text-align:left;padding:0;font-weight:normal;font-size:21px;margin:0 0 0.25em\"><a href=\"https:\/\/read.bookcreator.com\/4DyRtsSB1VTvFX3Wp5hwhSTBAVF3\/Phkt7bi_TxaaCAYdtuU3Pg\" style=\"display:block;color:#333;line-height:1.2;text-decoration:none;text-align:left;padding:0;font-weight:normal\" target=\"_blank\" rel=\"noopener noreferrer\">5E Notre livre illustr\u00e9<\/a><\/div><div style=\"display:block;color:#333;line-height:1.2;text-decoration:none;text-align:left;padding:0;font-weight:normal;font-size:16px;margin:0 0 0.5em\"><a href=\"https:\/\/read.bookcreator.com\/4DyRtsSB1VTvFX3Wp5hwhSTBAVF3\/Phkt7bi_TxaaCAYdtuU3Pg\" style=\"display:block;color:#333;line-height:1.2;text-decoration:none;text-align:left;padding:0;font-weight:normal\" target=\"_blank\" rel=\"noopener noreferrer\">Haz clic para leer este libro hecho con Book Creator<\/a><\/div><div style=\"display:block;color:#455a64;line-height:1.2;text-decoration:none;text-align:left;padding:0;font-weight:bold;overflow:hidden;text-overflow:ellipsis;white-space:nowrap;font-size:14px\"><a href=\"https:\/\/read.bookcreator.com\/4DyRtsSB1VTvFX3Wp5hwhSTBAVF3\/Phkt7bi_TxaaCAYdtuU3Pg\" style=\"display:block;color:#333;line-height:1.2;text-decoration:none;text-align:left;padding:0;font-weight:normal\" target=\"_blank\" rel=\"noopener noreferrer\">https:\/\/read.bookcreator.com<\/a><\/div><\/div><\/div>\n","protected":false},"excerpt":{"rendered":"<p>\u201cIl \u00e9tait une fois, de merveilleux contes, \u00e9crits, illustr\u00e9s et racont\u00e9s par des enfants bien curieux. Les \u00e9l\u00e8ves de la&nbsp;<a href=\"https:\/\/lafase.cl\/fr\/dernieres-nouvelles-fr\/il-etait-une-fois-de-merveilleux-contes\/\">&hellip;<\/a><\/p>\n","protected":false},"author":3,"featured_media":32265,"comment_status":"closed","ping_status":"closed","sticky":false,"template":"","format":"standard","meta":{"om_disable_all_campaigns":false,"_monsterinsights_skip_tracking":false,"_monsterinsights_sitenote_active":false,"_monsterinsights_sitenote_note":"","_monsterinsights_sitenote_category":0},"categories":[39,598,150,468],"tags":[],"aioseo_notices":[],"_links":{"self":[{"href":"https:\/\/lafase.cl\/fr\/wp-json\/wp\/v2\/posts\/32266"}],"collection":[{"href":"https:\/\/lafase.cl\/fr\/wp-json\/wp\/v2\/posts"}],"about":[{"href":"https:\/\/lafase.cl\/fr\/wp-json\/wp\/v2\/types\/post"}],"author":[{"embeddable":true,"href":"https:\/\/lafase.cl\/fr\/wp-json\/wp\/v2\/users\/3"}],"replies":[{"embeddable":true,"href":"https:\/\/lafase.cl\/fr\/wp-json\/wp\/v2\/comments?post=32266"}],"version-history":[{"count":3,"href":"https:\/\/lafase.cl\/fr\/wp-json\/wp\/v2\/posts\/32266\/revisions"}],"predecessor-version":[{"id":32291,"href":"https:\/\/lafase.cl\/fr\/wp-json\/wp\/v2\/posts\/32266\/revisions\/32291"}],"wp:featuredmedia":[{"embeddable":true,"href":"https:\/\/lafase.cl\/fr\/wp-json\/wp\/v2\/media\/32265"}],"wp:attachment":[{"href":"https:\/\/lafase.cl\/fr\/wp-json\/wp\/v2\/media?parent=32266"}],"wp:term":[{"taxonomy":"category","embeddable":true,"href":"https:\/\/lafase.cl\/fr\/wp-json\/wp\/v2\/categories?post=32266"},{"taxonomy":"post_tag","embeddable":true,"href":"https:\/\/lafase.cl\/fr\/wp-json\/wp\/v2\/tags?post=32266"}],"curies":[{"name":"wp","href":"https:\/\/api.w.org\/{rel}","templated":true}]}}