{"id":31679,"date":"2021-04-15T19:00:08","date_gmt":"2021-04-15T23:00:08","guid":{"rendered":"http:\/\/lafase.cl\/?p=31679"},"modified":"2021-04-15T19:45:28","modified_gmt":"2021-04-15T23:45:28","slug":"resultados_elecciones_consejeros","status":"publish","type":"post","link":"https:\/\/lafase.cl\/fr\/dernieres-nouvelles-fr\/resultados_elecciones_consejeros\/","title":{"rendered":"R\u00e9sultats des \u00e9lections des repr\u00e9sentants des parents d&rsquo;\u00e9l\u00e8ves aux conseils"},"content":{"rendered":"<section class=\"wpb-content-wrapper\"><p>[vc_row][vc_column][vc_column_text]<strong>Cher parent :<\/strong><\/p>\n<p><strong>Les \u00e9lections des repr\u00e9sentants des parents d&rsquo;\u00e9l\u00e8ves aux conseils d&rsquo;\u00c9cole et d&rsquo;\u00c9tablissement ont eu lieu ce jeudi 15 avril 2021.<\/strong><\/p>\n<p><strong>Veuillez trouver \u00e0 continuation les r\u00e9sultats officiels :\u00a0<\/strong>[\/vc_column_text][vc_column_text]<strong><a href=\"http:\/\/lafase.cl\/wp-content\/uploads\/2021\/04\/Proce\u0300s-verbal-E\u0301lections-parents-aux-CE-2021.pdf\"><img decoding=\"async\" loading=\"lazy\" class=\"alignnone wp-image-781\" src=\"http:\/\/lafase.cl\/wp-content\/uploads\/2018\/10\/icon-PDF-119x67.png\" alt=\"\" width=\"50\" height=\"28\" \/><\/a><a href=\"http:\/\/lafase.cl\/wp-content\/uploads\/2021\/04\/Proce\u0300s-verbal-E\u0301lections-parents-aux-CE-2021.pdf\">. RESULTATS<\/a><\/strong>[\/vc_column_text][\/vc_column][\/vc_row][vc_row][vc_column width=\u00a0\u00bb1\/2&Prime;]\t\t<div class=\"wh-content-box  scp_content_box-\">\n\t\t\t\t\t\t\t\t\t\t\t\t[vc_single_image image=\u00a0\u00bb32061&Prime; img_size=\u00a0\u00bblarge\u00a0\u00bb onclick=\u00a0\u00bbimg_link_large\u00a0\u00bb]\t\t<\/div>\n\t\t\t\t<div class=\"wh-content-box  scp_content_box-\">\n\t\t\t\t\t\t\t\t\t\t\t\t\t\t<\/div>\n\t\t[\/vc_column][vc_column width=\u00a0\u00bb1\/2&Prime;]\t\t<div class=\"wh-content-box  scp_content_box-\">\n\t\t\t\t\t\t\t\t\t\t\t\t[vc_single_image image=\u00a0\u00bb32060&Prime; img_size=\u00a0\u00bblarge\u00a0\u00bb onclick=\u00a0\u00bbimg_link_large\u00a0\u00bb]\t\t<\/div>\n\t\t[\/vc_column][\/vc_row]<\/p>\n<\/section>","protected":false},"excerpt":{"rendered":"<p>[vc_row][vc_column][vc_column_text]Cher parent : Les \u00e9lections des repr\u00e9sentants des parents d&rsquo;\u00e9l\u00e8ves aux conseils d&rsquo;\u00c9cole et d&rsquo;\u00c9tablissement ont eu lieu ce jeudi&nbsp;<a href=\"https:\/\/lafase.cl\/fr\/dernieres-nouvelles-fr\/resultados_elecciones_consejeros\/\">&hellip;<\/a><\/p>\n","protected":false},"author":3,"featured_media":31701,"comment_status":"open","ping_status":"open","sticky":false,"template":"","format":"standard","meta":{"om_disable_all_campaigns":false,"_monsterinsights_skip_tracking":false,"_monsterinsights_sitenote_active":false,"_monsterinsights_sitenote_note":"","_monsterinsights_sitenote_category":0},"categories":[527,1008,39,1023,397],"tags":[199,200,1114],"aioseo_notices":[],"_links":{"self":[{"href":"https:\/\/lafase.cl\/fr\/wp-json\/wp\/v2\/posts\/31679"}],"collection":[{"href":"https:\/\/lafase.cl\/fr\/wp-json\/wp\/v2\/posts"}],"about":[{"href":"https:\/\/lafase.cl\/fr\/wp-json\/wp\/v2\/types\/post"}],"author":[{"embeddable":true,"href":"https:\/\/lafase.cl\/fr\/wp-json\/wp\/v2\/users\/3"}],"replies":[{"embeddable":true,"href":"https:\/\/lafase.cl\/fr\/wp-json\/wp\/v2\/comments?post=31679"}],"version-history":[{"count":16,"href":"https:\/\/lafase.cl\/fr\/wp-json\/wp\/v2\/posts\/31679\/revisions"}],"predecessor-version":[{"id":32073,"href":"https:\/\/lafase.cl\/fr\/wp-json\/wp\/v2\/posts\/31679\/revisions\/32073"}],"wp:featuredmedia":[{"embeddable":true,"href":"https:\/\/lafase.cl\/fr\/wp-json\/wp\/v2\/media\/31701"}],"wp:attachment":[{"href":"https:\/\/lafase.cl\/fr\/wp-json\/wp\/v2\/media?parent=31679"}],"wp:term":[{"taxonomy":"category","embeddable":true,"href":"https:\/\/lafase.cl\/fr\/wp-json\/wp\/v2\/categories?post=31679"},{"taxonomy":"post_tag","embeddable":true,"href":"https:\/\/lafase.cl\/fr\/wp-json\/wp\/v2\/tags?post=31679"}],"curies":[{"name":"wp","href":"https:\/\/api.w.org\/{rel}","templated":true}]}}