{"id":26692,"date":"2020-11-25T15:34:39","date_gmt":"2020-11-25T18:34:39","guid":{"rendered":"http:\/\/lafase.cl\/?p=26692"},"modified":"2020-11-27T15:52:50","modified_gmt":"2020-11-27T18:52:50","slug":"el-sonido-de-las-emociones","status":"publish","type":"post","link":"https:\/\/lafase.cl\/fr\/dernieres-nouvelles-fr\/el-sonido-de-las-emociones\/","title":{"rendered":"Le son de nos \u00e9motions"},"content":{"rendered":"<section class=\"wpb-content-wrapper\"><p>[vc_row][vc_column][vc_column_text]<\/p>\n<h5>Le son de nos \u00e9motions&#8230;<\/h5>\n<h5>En cette ann\u00e9e si particuli\u00e8re, la BCD \u00e9l\u00e9mentaire de Vitacura et les classes de CP ont redoubl\u00e9 d&rsquo;inventivit\u00e9 pour faire travailler, rire, siffler et m\u00eame crier leurs petits \u00e9l\u00e8ves ! Depuis le mois d&rsquo;ao\u00fbt, elles travaillent avec les enfants autour du son et des \u00e9motions. L&rsquo;id\u00e9e ? Transformer un album jeunesse lu par leur biblioth\u00e9caire en un m\u00e9lange de sons produits par les \u00e9l\u00e8ves. R\u00e9sultat \u00e9poustouflant assur\u00e9 ! \u00c0 vos oreilles !<\/h5>\n<p>[\/vc_column_text][\/vc_column][\/vc_row][vc_row][vc_column width=\u00a0\u00bb1\/3&Prime;][vc_video link=\u00a0\u00bbhttps:\/\/vimeo.com\/484534073\/cd4f8f4b79&Prime; el_aspect=\u00a0\u00bb43&Prime; title=\u00a0\u00bbCPA\u00a0\u00bb][\/vc_column][vc_column width=\u00a0\u00bb1\/3&Prime;][vc_video link=\u00a0\u00bbhttps:\/\/vimeo.com\/484532684\/f73ffcc951&Prime; el_aspect=\u00a0\u00bb43&Prime; title=\u00a0\u00bbCPB\u00a0\u00bb][\/vc_column][vc_column width=\u00a0\u00bb1\/3&Prime;][vc_video link=\u00a0\u00bbhttps:\/\/vimeo.com\/484533378\/d3078c8c25&Prime; el_aspect=\u00a0\u00bb43&Prime; title=\u00a0\u00bbCPC\u00a0\u00bb][\/vc_column][\/vc_row][vc_row][vc_column width=\u00a0\u00bb1\/3&Prime;][vc_video link=\u00a0\u00bbhttps:\/\/vimeo.com\/484533664\/6da62a6d2b\u00a0\u00bb el_aspect=\u00a0\u00bb43&Prime; title=\u00a0\u00bbCPD\u00a0\u00bb][\/vc_column][vc_column width=\u00a0\u00bb1\/3&Prime;][vc_video link=\u00a0\u00bbhttps:\/\/vimeo.com\/484532751\/5f79d3d624&Prime; el_aspect=\u00a0\u00bb43&Prime; title=\u00a0\u00bbCPE\u00a0\u00bb][\/vc_column][vc_column width=\u00a0\u00bb1\/3&Prime;][vc_video link=\u00a0\u00bbhttps:\/\/vimeo.com\/484532993\/dfd899d1de\u00a0\u00bb el_aspect=\u00a0\u00bb43&Prime; title=\u00a0\u00bbCPF\u00a0\u00bb][\/vc_column][\/vc_row]<\/p>\n<\/section>","protected":false},"excerpt":{"rendered":"<p>[vc_row][vc_column][vc_column_text] Le son de nos \u00e9motions&#8230; En cette ann\u00e9e si particuli\u00e8re, la BCD \u00e9l\u00e9mentaire de Vitacura et les classes de&nbsp;<a href=\"https:\/\/lafase.cl\/fr\/dernieres-nouvelles-fr\/el-sonido-de-las-emociones\/\">&hellip;<\/a><\/p>\n","protected":false},"author":3,"featured_media":26690,"comment_status":"open","ping_status":"open","sticky":false,"template":"","format":"standard","meta":{"om_disable_all_campaigns":false,"_monsterinsights_skip_tracking":false,"_monsterinsights_sitenote_active":false,"_monsterinsights_sitenote_note":"","_monsterinsights_sitenote_category":0},"categories":[294,249,39],"tags":[617,412,256,1223,1218,344,1219,1221,1222,551],"aioseo_notices":[],"_links":{"self":[{"href":"https:\/\/lafase.cl\/fr\/wp-json\/wp\/v2\/posts\/26692"}],"collection":[{"href":"https:\/\/lafase.cl\/fr\/wp-json\/wp\/v2\/posts"}],"about":[{"href":"https:\/\/lafase.cl\/fr\/wp-json\/wp\/v2\/types\/post"}],"author":[{"embeddable":true,"href":"https:\/\/lafase.cl\/fr\/wp-json\/wp\/v2\/users\/3"}],"replies":[{"embeddable":true,"href":"https:\/\/lafase.cl\/fr\/wp-json\/wp\/v2\/comments?post=26692"}],"version-history":[{"count":2,"href":"https:\/\/lafase.cl\/fr\/wp-json\/wp\/v2\/posts\/26692\/revisions"}],"predecessor-version":[{"id":26694,"href":"https:\/\/lafase.cl\/fr\/wp-json\/wp\/v2\/posts\/26692\/revisions\/26694"}],"wp:featuredmedia":[{"embeddable":true,"href":"https:\/\/lafase.cl\/fr\/wp-json\/wp\/v2\/media\/26690"}],"wp:attachment":[{"href":"https:\/\/lafase.cl\/fr\/wp-json\/wp\/v2\/media?parent=26692"}],"wp:term":[{"taxonomy":"category","embeddable":true,"href":"https:\/\/lafase.cl\/fr\/wp-json\/wp\/v2\/categories?post=26692"},{"taxonomy":"post_tag","embeddable":true,"href":"https:\/\/lafase.cl\/fr\/wp-json\/wp\/v2\/tags?post=26692"}],"curies":[{"name":"wp","href":"https:\/\/api.w.org\/{rel}","templated":true}]}}