{"id":26599,"date":"2020-11-30T08:12:11","date_gmt":"2020-11-30T11:12:11","guid":{"rendered":"http:\/\/lafase.cl\/?p=26599"},"modified":"2020-12-07T08:37:46","modified_gmt":"2020-12-07T11:37:46","slug":"semaine-des-lycees-francais-du-monde-levenement-qui-rassemble-tous-les-etablissements-du-reseau-2","status":"publish","type":"post","link":"https:\/\/lafase.cl\/fr\/dernieres-nouvelles-fr\/semaine-des-lycees-francais-du-monde-levenement-qui-rassemble-tous-les-etablissements-du-reseau-2\/","title":{"rendered":"Semaine des lyc\u00e9es fran\u00e7ais du monde, l&rsquo;\u00e9v\u00e8nement qui rassemble tous les \u00e9tablissements du r\u00e9seau"},"content":{"rendered":"<section class=\"wpb-content-wrapper\"><p>[vc_row][vc_column][vc_column_text]<strong>Du 30 novembre au 5 d\u00e9cembre 2020, voyagez au c\u0153ur du r\u00e9seau scolaire mondial AEFE. Cette ann\u00e9e, pour cette 4\u00e8me \u00e9dition de la Semaine des lyc\u00e9es fran\u00e7ais du monde, l&rsquo;Agence des Etablissements Fran\u00e7ais \u00e0 l&rsquo;Etranger a souhait\u00e9 mettre l&rsquo;accent sur la solidarit\u00e9 en proposant la th\u00e9matique suivante:\u00a0\u00ab Citoyennes et citoyens, \u00e9gaux\u00a0et solidaires : l\u2019\u00e9ducation fran\u00e7aise pour relever les d\u00e9fis de\u00a0demain \u00bb.<\/strong><\/p>\n<p><strong>Tout comme l&rsquo;\u00e9cole de Tunis, Vancouver, Hong Kong, S\u00e9oul, Nouakchott, Lisbonne, notre \u00e9cole a souhait\u00e9 participer \u00e0 ce grand projet embl\u00e9matique. Tout au long de cette #SemaineLFM, Vous d\u00e9couvrirez chaque jour, sur cette page et nos r\u00e9seaux sociaux, un podcast \u00e0 \u00e9couter ainsi que de nombreuses actions \u00e9ducatives sur le th\u00e8me de la solidarit\u00e9, l&rsquo;\u00e9galit\u00e9 et des valeurs humanistes port\u00e9es par l&rsquo;enseignement fran\u00e7ais. A suivre \u00e9galement sur <a href=\"https:\/\/www.aefe.fr\">aefe.fr<\/a>\u00a0et @aefeinfo.<\/strong>[\/vc_column_text][\/vc_column][\/vc_row][vc_row][vc_column][vc_custom_heading text=\u00a0\u00bbWebRadio intercontinentale entre les lyc\u00e9es de Nouakchott (Mauritanie), S\u00e9oul (Cor\u00e9e du Sud), Lisbonne (Portugal), Tunis (Tunisie), Vancouver (Canada), Hong Kong et Santiago (Chili).\u00a0\u00bb][vc_separator color=\u00a0\u00bborange\u00a0\u00bb style=\u00a0\u00bbdashed\u00a0\u00bb][vc_custom_heading text=\u00a0\u00bb#Emission1 : SOLIDARITE : \u00ab Faut-il \u00eatre solidaire pour pouvoir vivre ensemble ? \u00bb\u00a0\u00bb font_container=\u00a0\u00bbtag:h3|text_align:left\u00a0\u00bb google_fonts=\u00a0\u00bbfont_family:Sanchez%3Aregular%2Citalic|font_style:400%20regular%3A400%3Anormal\u00a0\u00bb][vc_raw_html]JTNDaWZyYW1lJTIwd2lkdGglM0QlMjIxMDAlMjUlMjIlMjBoZWlnaHQlM0QlMjIzMDAlMjIlMjBzY3JvbGxpbmclM0QlMjJubyUyMiUyMGZyYW1lYm9yZGVyJTNEJTIybm8lMjIlMjBhbGxvdyUzRCUyMmF1dG9wbGF5JTIyJTIwc3JjJTNEJTIyaHR0cHMlM0ElMkYlMkZ3LnNvdW5kY2xvdWQuY29tJTJGcGxheWVyJTJGJTNGdXJsJTNEaHR0cHMlMjUzQSUyRiUyRmFwaS5zb3VuZGNsb3VkLmNvbSUyRnRyYWNrcyUyRjkzOTg5MTcxMiUyNmNvbG9yJTNEJTI1MjNmZjU1MDAlMjZhdXRvX3BsYXklM0RmYWxzZSUyNmhpZGVfcmVsYXRlZCUzRGZhbHNlJTI2c2hvd19jb21tZW50cyUzRHRydWUlMjZzaG93X3VzZXIlM0R0cnVlJTI2c2hvd19yZXBvc3RzJTNEZmFsc2UlMjZzaG93X3RlYXNlciUzRHRydWUlMjZ2aXN1YWwlM0R0cnVlJTIyJTNFJTNDJTJGaWZyYW1lJTNFJTNDZGl2JTIwc3R5bGUlM0QlMjJmb250LXNpemUlM0ElMjAxMHB4JTNCJTIwY29sb3IlM0ElMjAlMjNjY2NjY2MlM0JsaW5lLWJyZWFrJTNBJTIwYW55d2hlcmUlM0J3b3JkLWJyZWFrJTNBJTIwbm9ybWFsJTNCb3ZlcmZsb3clM0ElMjBoaWRkZW4lM0J3aGl0ZS1zcGFjZSUzQSUyMG5vd3JhcCUzQnRleHQtb3ZlcmZsb3clM0ElMjBlbGxpcHNpcyUzQiUyMGZvbnQtZmFtaWx5JTNBJTIwSW50ZXJzdGF0ZSUyQ0x1Y2lkYSUyMEdyYW5kZSUyQ0x1Y2lkYSUyMFNhbnMlMjBVbmljb2RlJTJDTHVjaWRhJTIwU2FucyUyQ0dhcnVkYSUyQ1ZlcmRhbmElMkNUYWhvbWElMkNzYW5zLXNlcmlmJTNCZm9udC13ZWlnaHQlM0ElMjAxMDAlM0IlMjIlM0UlM0NhJTIwaHJlZiUzRCUyMmh0dHBzJTNBJTJGJTJGc291bmRjbG91ZC5jb20lMkZseWMtZS1hbnRvaW5lLWRlLXNhaW50LWV4dXAtcnklMjIlMjB0aXRsZSUzRCUyMkx5YyVDMyVBOWUlMjBTYWludC1FeHVwJUMzJUE5cnklMjIlMjB0YXJnZXQlM0QlMjJfYmxhbmslMjIlMjBzdHlsZSUzRCUyMmNvbG9yJTNBJTIwJTIzY2NjY2NjJTNCJTIwdGV4dC1kZWNvcmF0aW9uJTNBJTIwbm9uZSUzQiUyMiUzRUx5YyVDMyVBOWUlMjBTYWludC1FeHVwJUMzJUE5cnklM0MlMkZhJTNFJTIwJUMyJUI3JTIwJTNDYSUyMGhyZWYlM0QlMjJodHRwcyUzQSUyRiUyRnNvdW5kY2xvdWQuY29tJTJGbHljLWUtYW50b2luZS1kZS1zYWludC1leHVwLXJ5JTJGd2VicmFkaW8taW50ZXJjb250aW5lbnRhbGUtZW1pc3Npb24tMS1mYXV0LWlsLWV0cmUtc29saWRhaXJlLXBvdXItcG91dm9pci12aXZyZS1lbnNlbWJsZSUyMiUyMHRpdGxlJTNEJTIyV2VicmFkaW8lMjBpbnRlcmNvbnRpbmVudGFsZSUzQSUyMEVtaXNzaW9uJTIwMSUyMCVDMiVBQkZhdXQtaWwlMjAlQzMlQUF0cmUlMjBzb2xpZGFpcmUlMjBwb3VyJTIwcG91dm9pciUyMHZpdnJlJTIwZW5zZW1ibGUlMjBfJTIwJUMyJUJCJTIyJTIwdGFyZ2V0JTNEJTIyX2JsYW5rJTIyJTIwc3R5bGUlM0QlMjJjb2xvciUzQSUyMCUyM2NjY2NjYyUzQiUyMHRleHQtZGVjb3JhdGlvbiUzQSUyMG5vbmUlM0IlMjIlM0VXZWJyYWRpbyUyMGludGVyY29udGluZW50YWxlJTNBJTIwRW1pc3Npb24lMjAxJTIwJUMyJUFCRmF1dC1pbCUyMCVDMyVBQXRyZSUyMHNvbGlkYWlyZSUyMHBvdXIlMjBwb3V2b2lyJTIwdml2cmUlMjBlbnNlbWJsZSUyMF8lMjAlQzIlQkIlM0MlMkZhJTNFJTNDJTJGZGl2JTNF[\/vc_raw_html][vc_custom_heading text=\u00a0\u00bb#Emission 2 : SOLIDARITE INTERNATIONALE : \u00ab Comment nos actions personnelles et locales influencent mondialement la protection de notre plan\u00e8te ?\u00bb\u00a0\u00bb font_container=\u00a0\u00bbtag:h3|text_align:left\u00a0\u00bb google_fonts=\u00a0\u00bbfont_family:Sanchez%3Aregular%2Citalic|font_style:400%20regular%3A400%3Anormal\u00a0\u00bb][vc_raw_html]JTNDaWZyYW1lJTIwd2lkdGglM0QlMjIxMDAlMjUlMjIlMjBoZWlnaHQlM0QlMjIzMDAlMjIlMjBzY3JvbGxpbmclM0QlMjJubyUyMiUyMGZyYW1lYm9yZGVyJTNEJTIybm8lMjIlMjBhbGxvdyUzRCUyMmF1dG9wbGF5JTIyJTIwc3JjJTNEJTIyaHR0cHMlM0ElMkYlMkZ3LnNvdW5kY2xvdWQuY29tJTJGcGxheWVyJTJGJTNGdXJsJTNEaHR0cHMlMjUzQSUyRiUyRmFwaS5zb3VuZGNsb3VkLmNvbSUyRnRyYWNrcyUyRjkzODg0NjU4NyUyNmNvbG9yJTNEJTI1MjNmZjU1MDAlMjZhdXRvX3BsYXklM0RmYWxzZSUyNmhpZGVfcmVsYXRlZCUzRGZhbHNlJTI2c2hvd19jb21tZW50cyUzRHRydWUlMjZzaG93X3VzZXIlM0R0cnVlJTI2c2hvd19yZXBvc3RzJTNEZmFsc2UlMjZzaG93X3RlYXNlciUzRHRydWUlMjZ2aXN1YWwlM0R0cnVlJTIyJTNFJTNDJTJGaWZyYW1lJTNFJTNDZGl2JTIwc3R5bGUlM0QlMjJmb250LXNpemUlM0ElMjAxMHB4JTNCJTIwY29sb3IlM0ElMjAlMjNjY2NjY2MlM0JsaW5lLWJyZWFrJTNBJTIwYW55d2hlcmUlM0J3b3JkLWJyZWFrJTNBJTIwbm9ybWFsJTNCb3ZlcmZsb3clM0ElMjBoaWRkZW4lM0J3aGl0ZS1zcGFjZSUzQSUyMG5vd3JhcCUzQnRleHQtb3ZlcmZsb3clM0ElMjBlbGxpcHNpcyUzQiUyMGZvbnQtZmFtaWx5JTNBJTIwSW50ZXJzdGF0ZSUyQ0x1Y2lkYSUyMEdyYW5kZSUyQ0x1Y2lkYSUyMFNhbnMlMjBVbmljb2RlJTJDTHVjaWRhJTIwU2FucyUyQ0dhcnVkYSUyQ1ZlcmRhbmElMkNUYWhvbWElMkNzYW5zLXNlcmlmJTNCZm9udC13ZWlnaHQlM0ElMjAxMDAlM0IlMjIlM0UlM0NhJTIwaHJlZiUzRCUyMmh0dHBzJTNBJTJGJTJGc291bmRjbG91ZC5jb20lMkZseWMtZS1hbnRvaW5lLWRlLXNhaW50LWV4dXAtcnklMjIlMjB0aXRsZSUzRCUyMkx5YyVDMyVBOWUlMjBTYWludC1FeHVwJUMzJUE5cnklMjIlMjB0YXJnZXQlM0QlMjJfYmxhbmslMjIlMjBzdHlsZSUzRCUyMmNvbG9yJTNBJTIwJTIzY2NjY2NjJTNCJTIwdGV4dC1kZWNvcmF0aW9uJTNBJTIwbm9uZSUzQiUyMiUzRUx5YyVDMyVBOWUlMjBTYWludC1FeHVwJUMzJUE5cnklM0MlMkZhJTNFJTIwJUMyJUI3JTIwJTNDYSUyMGhyZWYlM0QlMjJodHRwcyUzQSUyRiUyRnNvdW5kY2xvdWQuY29tJTJGbHljLWUtYW50b2luZS1kZS1zYWludC1leHVwLXJ5JTJGd2VicmFkaW8taW50ZXJjb250aW5lbnRhbGUtZW1pc3Npb24tMi1zb2xpZGFyaXRlLWludGVybmF0aW9uYWxlJTIyJTIwdGl0bGUlM0QlMjJXZWJyYWRpbyUyMGludGVyY29udGluZW50YWxlJTIwLSUyMEVtaXNzaW9uJTIwMiUyMCUzQSUyMHNvbGlkYXJpdCVDMyVBOSUyMGludGVybmF0aW9uYWxlJTIyJTIwdGFyZ2V0JTNEJTIyX2JsYW5rJTIyJTIwc3R5bGUlM0QlMjJjb2xvciUzQSUyMCUyM2NjY2NjYyUzQiUyMHRleHQtZGVjb3JhdGlvbiUzQSUyMG5vbmUlM0IlMjIlM0VXZWJyYWRpbyUyMGludGVyY29udGluZW50YWxlJTIwLSUyMEVtaXNzaW9uJTIwMiUyMCUzQSUyMHNvbGlkYXJpdCVDMyVBOSUyMGludGVybmF0aW9uYWxlJTNDJTJGYSUzRSUzQyUyRmRpdiUzRQ==[\/vc_raw_html][vc_custom_heading text=\u00a0\u00bb#Emission 3 : EGALITE : \u00ab Doit-on nous disputer \u00e0 cause de nos diff\u00e9rences ? \u00bb\u00a0\u00bb font_container=\u00a0\u00bbtag:h3|text_align:left\u00a0\u00bb google_fonts=\u00a0\u00bbfont_family:Sanchez%3Aregular%2Citalic|font_style:400%20regular%3A400%3Anormal\u00a0\u00bb][vc_raw_html]JTNDaWZyYW1lJTIwd2lkdGglM0QlMjIxMDAlMjUlMjIlMjBoZWlnaHQlM0QlMjIzMDAlMjIlMjBzY3JvbGxpbmclM0QlMjJubyUyMiUyMGZyYW1lYm9yZGVyJTNEJTIybm8lMjIlMjBhbGxvdyUzRCUyMmF1dG9wbGF5JTIyJTIwc3JjJTNEJTIyaHR0cHMlM0ElMkYlMkZ3LnNvdW5kY2xvdWQuY29tJTJGcGxheWVyJTJGJTNGdXJsJTNEaHR0cHMlMjUzQSUyRiUyRmFwaS5zb3VuZGNsb3VkLmNvbSUyRnRyYWNrcyUyRjkzOTU0MjQ3MCUyNmNvbG9yJTNEJTI1MjNmZjU1MDAlMjZhdXRvX3BsYXklM0RmYWxzZSUyNmhpZGVfcmVsYXRlZCUzRGZhbHNlJTI2c2hvd19jb21tZW50cyUzRHRydWUlMjZzaG93X3VzZXIlM0R0cnVlJTI2c2hvd19yZXBvc3RzJTNEZmFsc2UlMjZzaG93X3RlYXNlciUzRHRydWUlMjZ2aXN1YWwlM0R0cnVlJTIyJTNFJTNDJTJGaWZyYW1lJTNFJTNDZGl2JTIwc3R5bGUlM0QlMjJmb250LXNpemUlM0ElMjAxMHB4JTNCJTIwY29sb3IlM0ElMjAlMjNjY2NjY2MlM0JsaW5lLWJyZWFrJTNBJTIwYW55d2hlcmUlM0J3b3JkLWJyZWFrJTNBJTIwbm9ybWFsJTNCb3ZlcmZsb3clM0ElMjBoaWRkZW4lM0J3aGl0ZS1zcGFjZSUzQSUyMG5vd3JhcCUzQnRleHQtb3ZlcmZsb3clM0ElMjBlbGxpcHNpcyUzQiUyMGZvbnQtZmFtaWx5JTNBJTIwSW50ZXJzdGF0ZSUyQ0x1Y2lkYSUyMEdyYW5kZSUyQ0x1Y2lkYSUyMFNhbnMlMjBVbmljb2RlJTJDTHVjaWRhJTIwU2FucyUyQ0dhcnVkYSUyQ1ZlcmRhbmElMkNUYWhvbWElMkNzYW5zLXNlcmlmJTNCZm9udC13ZWlnaHQlM0ElMjAxMDAlM0IlMjIlM0UlM0NhJTIwaHJlZiUzRCUyMmh0dHBzJTNBJTJGJTJGc291bmRjbG91ZC5jb20lMkZseWMtZS1hbnRvaW5lLWRlLXNhaW50LWV4dXAtcnklMjIlMjB0aXRsZSUzRCUyMkx5YyVDMyVBOWUlMjBTYWludC1FeHVwJUMzJUE5cnklMjIlMjB0YXJnZXQlM0QlMjJfYmxhbmslMjIlMjBzdHlsZSUzRCUyMmNvbG9yJTNBJTIwJTIzY2NjY2NjJTNCJTIwdGV4dC1kZWNvcmF0aW9uJTNBJTIwbm9uZSUzQiUyMiUzRUx5YyVDMyVBOWUlMjBTYWludC1FeHVwJUMzJUE5cnklM0MlMkZhJTNFJTIwJUMyJUI3JTIwJTNDYSUyMGhyZWYlM0QlMjJodHRwcyUzQSUyRiUyRnNvdW5kY2xvdWQuY29tJTJGbHljLWUtYW50b2luZS1kZS1zYWludC1leHVwLXJ5JTJGd2VicmFkaW8taW50ZXJjb250aW5lbnRhbGUtZW1pc3Npb24tMy1lZ2FsaXRlJTIyJTIwdGl0bGUlM0QlMjJXZWJyYWRpbyUyMGludGVyY29udGluZW50YWxlJTIwJTNBJTIwRW1pc3Npb24lMjAzJTIwLSUyMEVnYWxpdCVDMyVBOSUyMiUyMHRhcmdldCUzRCUyMl9ibGFuayUyMiUyMHN0eWxlJTNEJTIyY29sb3IlM0ElMjAlMjNjY2NjY2MlM0IlMjB0ZXh0LWRlY29yYXRpb24lM0ElMjBub25lJTNCJTIyJTNFV2VicmFkaW8lMjBpbnRlcmNvbnRpbmVudGFsZSUyMCUzQSUyMEVtaXNzaW9uJTIwMyUyMC0lMjBFZ2FsaXQlQzMlQTklM0MlMkZhJTNFJTNDJTJGZGl2JTNF[\/vc_raw_html][vc_custom_heading text=\u00a0\u00bb#Emission 4 : CITOYENNET\u00c9 : Un citoyen ou une citoyenne, est une personne,<br \/>\nenfant ou adulte, qui a des droits et des devoirs. \u00c0 l&rsquo;\u00e9cole aussi, tu as des droits et des devoirs : peux-tu donner un exemple d&rsquo;un comportement citoyen dans ton \u00e9cole ?\u00a0\u00bb font_container=\u00a0\u00bbtag:h3|text_align:left\u00a0\u00bb google_fonts=\u00a0\u00bbfont_family:Sanchez%3Aregular%2Citalic|font_style:400%20regular%3A400%3Anormal\u00a0\u00bb][vc_raw_html]JTNDaWZyYW1lJTIwd2lkdGglM0QlMjIxMDAlMjUlMjIlMjBoZWlnaHQlM0QlMjIzMDAlMjIlMjBzY3JvbGxpbmclM0QlMjJubyUyMiUyMGZyYW1lYm9yZGVyJTNEJTIybm8lMjIlMjBhbGxvdyUzRCUyMmF1dG9wbGF5JTIyJTIwc3JjJTNEJTIyaHR0cHMlM0ElMkYlMkZ3LnNvdW5kY2xvdWQuY29tJTJGcGxheWVyJTJGJTNGdXJsJTNEaHR0cHMlMjUzQSUyRiUyRmFwaS5zb3VuZGNsb3VkLmNvbSUyRnRyYWNrcyUyRjk0MDA2OTA1MSUyNmNvbG9yJTNEJTI1MjNmZjU1MDAlMjZhdXRvX3BsYXklM0RmYWxzZSUyNmhpZGVfcmVsYXRlZCUzRGZhbHNlJTI2c2hvd19jb21tZW50cyUzRHRydWUlMjZzaG93X3VzZXIlM0R0cnVlJTI2c2hvd19yZXBvc3RzJTNEZmFsc2UlMjZzaG93X3RlYXNlciUzRHRydWUlMjZ2aXN1YWwlM0R0cnVlJTIyJTNFJTNDJTJGaWZyYW1lJTNFJTNDZGl2JTIwc3R5bGUlM0QlMjJmb250LXNpemUlM0ElMjAxMHB4JTNCJTIwY29sb3IlM0ElMjAlMjNjY2NjY2MlM0JsaW5lLWJyZWFrJTNBJTIwYW55d2hlcmUlM0J3b3JkLWJyZWFrJTNBJTIwbm9ybWFsJTNCb3ZlcmZsb3clM0ElMjBoaWRkZW4lM0J3aGl0ZS1zcGFjZSUzQSUyMG5vd3JhcCUzQnRleHQtb3ZlcmZsb3clM0ElMjBlbGxpcHNpcyUzQiUyMGZvbnQtZmFtaWx5JTNBJTIwSW50ZXJzdGF0ZSUyQ0x1Y2lkYSUyMEdyYW5kZSUyQ0x1Y2lkYSUyMFNhbnMlMjBVbmljb2RlJTJDTHVjaWRhJTIwU2FucyUyQ0dhcnVkYSUyQ1ZlcmRhbmElMkNUYWhvbWElMkNzYW5zLXNlcmlmJTNCZm9udC13ZWlnaHQlM0ElMjAxMDAlM0IlMjIlM0UlM0NhJTIwaHJlZiUzRCUyMmh0dHBzJTNBJTJGJTJGc291bmRjbG91ZC5jb20lMkZseWMtZS1hbnRvaW5lLWRlLXNhaW50LWV4dXAtcnklMjIlMjB0aXRsZSUzRCUyMkx5YyVDMyVBOWUlMjBTYWludC1FeHVwJUMzJUE5cnklMjIlMjB0YXJnZXQlM0QlMjJfYmxhbmslMjIlMjBzdHlsZSUzRCUyMmNvbG9yJTNBJTIwJTIzY2NjY2NjJTNCJTIwdGV4dC1kZWNvcmF0aW9uJTNBJTIwbm9uZSUzQiUyMiUzRUx5YyVDMyVBOWUlMjBTYWludC1FeHVwJUMzJUE5cnklM0MlMkZhJTNFJTIwJUMyJUI3JTIwJTNDYSUyMGhyZWYlM0QlMjJodHRwcyUzQSUyRiUyRnNvdW5kY2xvdWQuY29tJTJGbHljLWUtYW50b2luZS1kZS1zYWludC1leHVwLXJ5JTJGd2VicmFkaW8taW50ZXJjb250aW5lbnRhbGUtZW1pc3Npb24tNC1jaXRveWVubmV0ZSUyMiUyMHRpdGxlJTNEJTIyV2VicmFkaW8lMjBpbnRlcmNvbnRpbmVudGFsZSUzQSUyMEVtaXNzaW9uJTIwNCUyMC0lMjBDSVRPWUVOTkVUJUMzJTg5JTIyJTIwdGFyZ2V0JTNEJTIyX2JsYW5rJTIyJTIwc3R5bGUlM0QlMjJjb2xvciUzQSUyMCUyM2NjY2NjYyUzQiUyMHRleHQtZGVjb3JhdGlvbiUzQSUyMG5vbmUlM0IlMjIlM0VXZWJyYWRpbyUyMGludGVyY29udGluZW50YWxlJTNBJTIwRW1pc3Npb24lMjA0JTIwLSUyMENJVE9ZRU5ORVQlQzMlODklM0MlMkZhJTNFJTNDJTJGZGl2JTNF[\/vc_raw_html][vc_custom_heading text=\u00a0\u00bb#Emission 5 : CITOYENNET\u00c9 : quels sont tes droits en tant que citoyen et comment penses-tu pouvoir les d\u00e9fendre ?\u00a0\u00bb font_container=\u00a0\u00bbtag:h3|text_align:left\u00a0\u00bb google_fonts=\u00a0\u00bbfont_family:Sanchez%3Aregular%2Citalic|font_style:400%20regular%3A400%3Anormal\u00a0\u00bb][vc_raw_html]JTNDaWZyYW1lJTIwd2lkdGglM0QlMjIxMDAlMjUlMjIlMjBoZWlnaHQlM0QlMjIzMDAlMjIlMjBzY3JvbGxpbmclM0QlMjJubyUyMiUyMGZyYW1lYm9yZGVyJTNEJTIybm8lMjIlMjBhbGxvdyUzRCUyMmF1dG9wbGF5JTIyJTIwc3JjJTNEJTIyaHR0cHMlM0ElMkYlMkZ3LnNvdW5kY2xvdWQuY29tJTJGcGxheWVyJTJGJTNGdXJsJTNEaHR0cHMlMjUzQSUyRiUyRmFwaS5zb3VuZGNsb3VkLmNvbSUyRnRyYWNrcyUyRjk0MDc5ODUxNiUyNmNvbG9yJTNEJTI1MjNmZjU1MDAlMjZhdXRvX3BsYXklM0RmYWxzZSUyNmhpZGVfcmVsYXRlZCUzRGZhbHNlJTI2c2hvd19jb21tZW50cyUzRHRydWUlMjZzaG93X3VzZXIlM0R0cnVlJTI2c2hvd19yZXBvc3RzJTNEZmFsc2UlMjZzaG93X3RlYXNlciUzRHRydWUlMjZ2aXN1YWwlM0R0cnVlJTIyJTNFJTNDJTJGaWZyYW1lJTNFJTNDZGl2JTIwc3R5bGUlM0QlMjJmb250LXNpemUlM0ElMjAxMHB4JTNCJTIwY29sb3IlM0ElMjAlMjNjY2NjY2MlM0JsaW5lLWJyZWFrJTNBJTIwYW55d2hlcmUlM0J3b3JkLWJyZWFrJTNBJTIwbm9ybWFsJTNCb3ZlcmZsb3clM0ElMjBoaWRkZW4lM0J3aGl0ZS1zcGFjZSUzQSUyMG5vd3JhcCUzQnRleHQtb3ZlcmZsb3clM0ElMjBlbGxpcHNpcyUzQiUyMGZvbnQtZmFtaWx5JTNBJTIwSW50ZXJzdGF0ZSUyQ0x1Y2lkYSUyMEdyYW5kZSUyQ0x1Y2lkYSUyMFNhbnMlMjBVbmljb2RlJTJDTHVjaWRhJTIwU2FucyUyQ0dhcnVkYSUyQ1ZlcmRhbmElMkNUYWhvbWElMkNzYW5zLXNlcmlmJTNCZm9udC13ZWlnaHQlM0ElMjAxMDAlM0IlMjIlM0UlM0NhJTIwaHJlZiUzRCUyMmh0dHBzJTNBJTJGJTJGc291bmRjbG91ZC5jb20lMkZseWMtZS1hbnRvaW5lLWRlLXNhaW50LWV4dXAtcnklMjIlMjB0aXRsZSUzRCUyMkx5YyVDMyVBOWUlMjBTYWludC1FeHVwJUMzJUE5cnklMjIlMjB0YXJnZXQlM0QlMjJfYmxhbmslMjIlMjBzdHlsZSUzRCUyMmNvbG9yJTNBJTIwJTIzY2NjY2NjJTNCJTIwdGV4dC1kZWNvcmF0aW9uJTNBJTIwbm9uZSUzQiUyMiUzRUx5YyVDMyVBOWUlMjBTYWludC1FeHVwJUMzJUE5cnklM0MlMkZhJTNFJTIwJUMyJUI3JTIwJTNDYSUyMGhyZWYlM0QlMjJodHRwcyUzQSUyRiUyRnNvdW5kY2xvdWQuY29tJTJGbHljLWUtYW50b2luZS1kZS1zYWludC1leHVwLXJ5JTJGZW1pc3Npb24tNS1jaXRveWVubmV0ZS1xdWVscy1zb250LXRlcy1kcm9pdHMtZW4tdGFudC1xdWUtY2l0b3llbi1ldC1jb21tZW50LXBlbnNlcy10dS1wb3V2b2lyLWxlcy1kZWZlbmRyZSUyMiUyMHRpdGxlJTNEJTIyRW1pc3Npb24lMjA1JTIwJTNBJTIwQ2l0b3llbm5ldCVDMyVBOSUyMCUzQSUyMFF1ZWxzJTIwc29udCUyMHRlcyUyMGRyb2l0cyUyMGVuJTIwdGFudCUyMHF1ZSUyMGNpdG95ZW4uLi4lMjIlMjB0YXJnZXQlM0QlMjJfYmxhbmslMjIlMjBzdHlsZSUzRCUyMmNvbG9yJTNBJTIwJTIzY2NjY2NjJTNCJTIwdGV4dC1kZWNvcmF0aW9uJTNBJTIwbm9uZSUzQiUyMiUzRUVtaXNzaW9uJTIwNSUyMCUzQSUyMENpdG95ZW5uZXQlQzMlQTklMjAlM0ElMjBRdWVscyUyMHNvbnQlMjB0ZXMlMjBkcm9pdHMlMjBlbiUyMHRhbnQlMjBxdWUlMjBjaXRveWVuLi4uJTNDJTJGYSUzRSUzQyUyRmRpdiUzRQ==[\/vc_raw_html][\/vc_column][\/vc_row][vc_row][vc_column][vc_separator][\/vc_column][\/vc_row][vc_row][vc_column][vc_custom_heading text=\u00a0\u00bbAfin de pr\u00e9parer les \u00e9l\u00e8ves de grande section \u00e0 l&rsquo;entr\u00e9e au CP, les copains d&rsquo;\u00e9l\u00e9mentaire se sont pr\u00e9sent\u00e9s au travers de petites vid\u00e9os. Une bonne fa\u00e7on d&rsquo;aider les plus petits \u00e0 d\u00e9couvrir l&rsquo;\u00e9cole des grands\u00ab\u00a0.\u00a0\u00bb font_container=\u00a0\u00bbtag:h4|text_align:left\u00a0\u00bb][\/vc_column][\/vc_row][vc_row][vc_column width=\u00a0\u00bb1\/3&Prime;][vc_video link=\u00a0\u00bbhttps:\/\/youtu.be\/ZlcvAWzFpL0&Prime;][\/vc_column][vc_column width=\u00a0\u00bb1\/3&Prime;][vc_video link=\u00a0\u00bbhttps:\/\/vimeo.com\/486364638\/43589347b9&Prime;][\/vc_column][vc_column width=\u00a0\u00bb1\/3&Prime;][vc_video link=\u00a0\u00bbhttps:\/\/vimeo.com\/486366819\/4fc4fd3d24&Prime;][\/vc_column][\/vc_row][vc_row][vc_column][vc_message message_box_style=\u00a0\u00bbsolid-icon\u00a0\u00bb message_box_color=\u00a0\u00bborange\u00a0\u00bb]<\/p>\n<ul>\n<li><a href=\"http:\/\/lafase.cl\/wp-content\/uploads\/2020\/11\/2020-11-slfm-dossier-de-presse.pdf\">Dossier de presse AEFE &#8211; 4\u00e8me \u00e9dition SLFM<\/a><\/li>\n<\/ul>\n<p>Nos partenaires cette ann\u00e9e pour la webradio intercontinentale :<\/p>\n<ul>\n<li><a href=\"http:\/\/lftm-mr.net\">Lyc\u00e9e fran\u00e7ais de Nouakchott<\/a><\/li>\n<li><a href=\"https:\/\/www.lfseoul.org\">Lyc\u00e9e fran\u00e7ais de S\u00e9oul<\/a><\/li>\n<li><a href=\"https:\/\/lfcl-lisbonne.eu\">Lyc\u00e9e fran\u00e7ais de Lisbonne<\/a><\/li>\n<li><a href=\"https:\/\/www.ert.tn\/pmf\/\">Lyc\u00e9e fran\u00e7ais de Tunis<\/a><\/li>\n<li><a href=\"https:\/\/www.fis.edu.hk\/fr\">Lyc\u00e9e fran\u00e7ais de Hong Kong<\/a><\/li>\n<li><a href=\"https:\/\/cousteauschool.org\/fr\/\">Lyc\u00e9e fran\u00e7ais de Vancouver<\/a><\/li>\n<\/ul>\n<p>[\/vc_message][\/vc_column][\/vc_row][vc_column width=\u00a0\u00bb1\/2&Prime;][\/vc_column]<\/p>\n<\/section>","protected":false},"excerpt":{"rendered":"<p>[vc_row][vc_column][vc_column_text]Du 30 novembre au 5 d\u00e9cembre 2020, voyagez au c\u0153ur du r\u00e9seau scolaire mondial AEFE. Cette ann\u00e9e, pour cette 4\u00e8me&nbsp;<a href=\"https:\/\/lafase.cl\/fr\/dernieres-nouvelles-fr\/semaine-des-lycees-francais-du-monde-levenement-qui-rassemble-tous-les-etablissements-du-reseau-2\/\">&hellip;<\/a><\/p>\n","protected":false},"author":3,"featured_media":26806,"comment_status":"open","ping_status":"open","sticky":false,"template":"","format":"standard","meta":{"om_disable_all_campaigns":false,"_monsterinsights_skip_tracking":false,"_monsterinsights_sitenote_active":false,"_monsterinsights_sitenote_note":"","_monsterinsights_sitenote_category":0},"categories":[527,39,616,398],"tags":[104,1240,1241,1210,229,144,172,402,1211,1170,1212,1213,1239,551,226,607,508,304,405,1225,1238,620],"aioseo_notices":[],"_links":{"self":[{"href":"https:\/\/lafase.cl\/fr\/wp-json\/wp\/v2\/posts\/26599"}],"collection":[{"href":"https:\/\/lafase.cl\/fr\/wp-json\/wp\/v2\/posts"}],"about":[{"href":"https:\/\/lafase.cl\/fr\/wp-json\/wp\/v2\/types\/post"}],"author":[{"embeddable":true,"href":"https:\/\/lafase.cl\/fr\/wp-json\/wp\/v2\/users\/3"}],"replies":[{"embeddable":true,"href":"https:\/\/lafase.cl\/fr\/wp-json\/wp\/v2\/comments?post=26599"}],"version-history":[{"count":14,"href":"https:\/\/lafase.cl\/fr\/wp-json\/wp\/v2\/posts\/26599\/revisions"}],"predecessor-version":[{"id":27027,"href":"https:\/\/lafase.cl\/fr\/wp-json\/wp\/v2\/posts\/26599\/revisions\/27027"}],"wp:featuredmedia":[{"embeddable":true,"href":"https:\/\/lafase.cl\/fr\/wp-json\/wp\/v2\/media\/26806"}],"wp:attachment":[{"href":"https:\/\/lafase.cl\/fr\/wp-json\/wp\/v2\/media?parent=26599"}],"wp:term":[{"taxonomy":"category","embeddable":true,"href":"https:\/\/lafase.cl\/fr\/wp-json\/wp\/v2\/categories?post=26599"},{"taxonomy":"post_tag","embeddable":true,"href":"https:\/\/lafase.cl\/fr\/wp-json\/wp\/v2\/tags?post=26599"}],"curies":[{"name":"wp","href":"https:\/\/api.w.org\/{rel}","templated":true}]}}