{"id":25219,"date":"2020-10-09T11:11:33","date_gmt":"2020-10-09T14:11:33","guid":{"rendered":"http:\/\/lafase.cl\/dernieres-nouvelles-fr\/fiesta-del-cine-de-animacion\/"},"modified":"2020-10-09T11:15:02","modified_gmt":"2020-10-09T14:15:02","slug":"fiesta-del-cine-de-animacion","status":"publish","type":"post","link":"https:\/\/lafase.cl\/fr\/dernieres-nouvelles-fr\/fiesta-del-cine-de-animacion\/","title":{"rendered":"F\u00eate du cin\u00e9ma d&rsquo;animation"},"content":{"rendered":"<p>\u00ab\u00a0Comme chaque ann\u00e9e, l\u2019Institut fran\u00e7ais d\u00e9ploie \u00e0 l\u2019international la\u00a0<strong>F\u00eate du cin\u00e9ma d\u2019animation\u00a0<\/strong>.<\/p>\n<p>Du\u00a0<strong>mercredi 14 au samedi 31 octobre 2020<\/strong>, 2 longs m\u00e9trages et 11 courts m\u00e9trages fran\u00e7ais et africains seront accessibles en ligne, gratuitement et sans inscription, via la page d\u00e9di\u00e9e \u00e0 cet \u00e9v\u00e9nement\u00a0<strong>:\u00a0<\/strong><a href=\"https:\/\/ifcinema.institutfrancais.com\/fr\/streaming\/animation\">https:\/\/ifcinema.institutfrancais.com\/fr\/streaming\/animation<\/a>\u00a0(cette page sera accessible \u00e0 partir du 14 octobre)<\/p>\n<p>&nbsp;<\/p>\n<p><strong>Adama\u00a0<\/strong>de Simon Rouby, 2015, 85 min<\/p>\n<p><em>Adama, 12 ans, vit dans un village isol\u00e9 d\u2019Afrique de l\u2019Ouest. Au-del\u00e0 des falaises, s\u2019\u00e9tend le Monde des Souffles. L\u00e0 o\u00f9 r\u00e8gnent les Nassaras. Une nuit, Samba, son fr\u00e8re a\u00een\u00e9, dispara\u00eet. Adama, bravant l\u2019interdit des anciens, d\u00e9cide de partir \u00e0 sa recherche. Il entame, avec la d\u00e9termination sans faille d\u2019un enfant devenant homme, une qu\u00eate qui va le mener au-del\u00e0 l\u00e0 des mers, au Nord, jusqu\u2019aux lignes de front de la Premi\u00e8re Guerre mondiale. Nous sommes en 1916.<\/em><\/p>\n<p><em>\u00a0<\/em><\/p>\n<p><strong>Gus petit oiseau, grand voyage\u00a0<\/strong>de Christian de Vita, 2014, 90 min<\/p>\n<p><em>\u00c0 l\u2019heure du d\u00e9part pour la grande migration, Darius, le doyen de la vol\u00e9e, est bless\u00e9. Il va devoir confier tous ses secrets et le nouvel itin\u00e9raire du voyage au premier oiseau venu. Et cet oiseau\u2026 c\u2019est notre h\u00e9ros, exalt\u00e9 \u00e0 l\u2019id\u00e9e de d\u00e9couvrir enfin le monde\u2026 mais pas du tout migrateur !<\/em><\/p>\n<p><em>\u00a0<\/em><\/p>\n<p><strong>Tales of Africa<\/strong><em>\u00a0<\/em>&#8211; 6 courts m\u00e9trages d&rsquo;animation r\u00e9alis\u00e9s dans diff\u00e9rents pays d&rsquo;Afrique (offre Cin\u00e9math\u00e8que Afrique)<\/p>\n<p><em>Shamazulu,\u00a0Le Chasseur et l&rsquo;antilope,\u00a0Malika et la sorci\u00e8re,\u00a0Le Cadeau,\u00a0Les Trois v\u00e9rit\u00e9s,\u00a0Le Lutteur<\/em><\/p>\n<p><em>\u00a0<\/em><\/p>\n<p><strong>Jeux et petites b\u00eatises<em>\u00a0<\/em><\/strong>\u2013 5 courts m\u00e9trages<strong>\u00a0<\/strong>sans paroles pour les 3-6 ans\u00a0:<\/p>\n<p><em>L\u2019Atelier, Matilda, Celui qui domptait les nuages, Beuaaark\u00a0!, Lunolin petit naturaliste\u00a0<\/em><\/p>\n<p><a href=\"http:\/\/lafase.cl\/wp-content\/uploads\/2020\/10\/images.png\"><img decoding=\"async\" loading=\"lazy\" class=\"alignleft wp-image-25214 size-medium\" src=\"http:\/\/lafase.cl\/wp-content\/uploads\/2020\/10\/images-291x173.png\" alt=\"\" width=\"291\" height=\"173\" \/><\/a><a href=\"http:\/\/lafase.cl\/wp-content\/uploads\/2020\/10\/IF_Chile-300x171.jpg\"><img decoding=\"async\" loading=\"lazy\" class=\"alignleft wp-image-25212 size-medium\" src=\"http:\/\/lafase.cl\/wp-content\/uploads\/2020\/10\/IF_Chile-300x171-300x171.jpg\" alt=\"\" width=\"300\" height=\"171\" \/><\/a><\/p>\n","protected":false},"excerpt":{"rendered":"<p>\u00ab\u00a0Comme chaque ann\u00e9e, l\u2019Institut fran\u00e7ais d\u00e9ploie \u00e0 l\u2019international la\u00a0F\u00eate du cin\u00e9ma d\u2019animation\u00a0. Du\u00a0mercredi 14 au samedi 31 octobre 2020, 2&nbsp;<a href=\"https:\/\/lafase.cl\/fr\/dernieres-nouvelles-fr\/fiesta-del-cine-de-animacion\/\">&hellip;<\/a><\/p>\n","protected":false},"author":3,"featured_media":25218,"comment_status":"open","ping_status":"open","sticky":false,"template":"","format":"standard","meta":{"om_disable_all_campaigns":false,"_monsterinsights_skip_tracking":false,"_monsterinsights_sitenote_active":false,"_monsterinsights_sitenote_note":"","_monsterinsights_sitenote_category":0},"categories":[39],"tags":[1151,1155,350,1152,1153,270,172,390,610,349],"aioseo_notices":[],"_links":{"self":[{"href":"https:\/\/lafase.cl\/fr\/wp-json\/wp\/v2\/posts\/25219"}],"collection":[{"href":"https:\/\/lafase.cl\/fr\/wp-json\/wp\/v2\/posts"}],"about":[{"href":"https:\/\/lafase.cl\/fr\/wp-json\/wp\/v2\/types\/post"}],"author":[{"embeddable":true,"href":"https:\/\/lafase.cl\/fr\/wp-json\/wp\/v2\/users\/3"}],"replies":[{"embeddable":true,"href":"https:\/\/lafase.cl\/fr\/wp-json\/wp\/v2\/comments?post=25219"}],"version-history":[{"count":3,"href":"https:\/\/lafase.cl\/fr\/wp-json\/wp\/v2\/posts\/25219\/revisions"}],"predecessor-version":[{"id":25222,"href":"https:\/\/lafase.cl\/fr\/wp-json\/wp\/v2\/posts\/25219\/revisions\/25222"}],"wp:featuredmedia":[{"embeddable":true,"href":"https:\/\/lafase.cl\/fr\/wp-json\/wp\/v2\/media\/25218"}],"wp:attachment":[{"href":"https:\/\/lafase.cl\/fr\/wp-json\/wp\/v2\/media?parent=25219"}],"wp:term":[{"taxonomy":"category","embeddable":true,"href":"https:\/\/lafase.cl\/fr\/wp-json\/wp\/v2\/categories?post=25219"},{"taxonomy":"post_tag","embeddable":true,"href":"https:\/\/lafase.cl\/fr\/wp-json\/wp\/v2\/tags?post=25219"}],"curies":[{"name":"wp","href":"https:\/\/api.w.org\/{rel}","templated":true}]}}