{"id":24271,"date":"2020-09-25T18:42:13","date_gmt":"2020-09-25T21:42:13","guid":{"rendered":"http:\/\/lafase.cl\/?p=24271"},"modified":"2020-09-25T18:44:12","modified_gmt":"2020-09-25T21:44:12","slug":"bailes-y-juegos-tradicionales-de-chile","status":"publish","type":"post","link":"https:\/\/lafase.cl\/fr\/dernieres-nouvelles-fr\/bailes-y-juegos-tradicionales-de-chile\/","title":{"rendered":"Dances et jeux traditionnels du Chili pour les Fiestas Patrias"},"content":{"rendered":"<section class=\"wpb-content-wrapper\"><p>[vc_row][vc_column][vc_custom_heading text=\u00a0\u00bbComme chaque ann\u00e9e, les \u00e9l\u00e8ves de Chamisero ont c\u00e9l\u00e9br\u00e9 les Fiestas Patrias par une d\u00e9monstration de quelques danses du Chili:<br \/>\nCM1, CM2: Ko Akuru<br \/>\nCP, CE1: Trote Nortino<br \/>\nCE2: Baile Cholate<\/p>\n<p>Sans oublier les jeux traditionnels..<\/p>\n<p>Un grand bravo \u00e0 tous, petits et grands.\u00ab\u00a0<br \/>\n\u00a0\u00bb font_container=\u00a0\u00bbtag:div|font_size:20|text_align:left\u00a0\u00bb google_fonts=\u00a0\u00bbfont_family:Sanchez%3Aregular%2Citalic|font_style:400%20regular%3A400%3Anormal\u00a0\u00bb][\/vc_column][\/vc_row][vc_row][vc_column][vc_custom_heading text=\u00a0\u00bbBailes tradicionales\u00a0\u00bb][vc_row_inner][vc_column_inner width=\u00a0\u00bb1\/3&Prime;][vc_video link=\u00a0\u00bbhttps:\/\/vimeo.com\/461862287&Prime;][\/vc_column_inner][vc_column_inner width=\u00a0\u00bb1\/3&Prime;][vc_video link=\u00a0\u00bbhttps:\/\/vimeo.com\/461858529&Prime;][\/vc_column_inner][vc_column_inner width=\u00a0\u00bb1\/3&Prime;][vc_video link=\u00a0\u00bbhttps:\/\/vimeo.com\/461851657&Prime;][\/vc_column_inner][\/vc_row_inner][\/vc_column][\/vc_row][vc_row][vc_column][vc_custom_heading text=\u00a0\u00bbJuegos tradicionales\u00a0\u00bb][vc_row_inner][vc_column_inner width=\u00a0\u00bb1\/3&Prime;][vc_video link=\u00a0\u00bbhttps:\/\/vimeo.com\/461851377&Prime; el_aspect=\u00a0\u00bb43&Prime;][\/vc_column_inner][vc_column_inner width=\u00a0\u00bb1\/3&Prime;][\/vc_column_inner][vc_column_inner width=\u00a0\u00bb1\/3&Prime;][\/vc_column_inner][\/vc_row_inner][\/vc_column][\/vc_row]<\/p>\n<\/section>","protected":false},"excerpt":{"rendered":"<p>[vc_row][vc_column][vc_custom_heading text=\u00a0\u00bbComme chaque ann\u00e9e, les \u00e9l\u00e8ves de Chamisero ont c\u00e9l\u00e9br\u00e9 les Fiestas Patrias par une d\u00e9monstration de quelques danses du&nbsp;<a href=\"https:\/\/lafase.cl\/fr\/dernieres-nouvelles-fr\/bailes-y-juegos-tradicionales-de-chile\/\">&hellip;<\/a><\/p>\n","protected":false},"author":3,"featured_media":24270,"comment_status":"open","ping_status":"open","sticky":false,"template":"","format":"standard","meta":{"om_disable_all_campaigns":false,"_monsterinsights_skip_tracking":false,"_monsterinsights_sitenote_active":false,"_monsterinsights_sitenote_note":"","_monsterinsights_sitenote_category":0},"categories":[39],"tags":[1128,1124,1129],"aioseo_notices":[],"_links":{"self":[{"href":"https:\/\/lafase.cl\/fr\/wp-json\/wp\/v2\/posts\/24271"}],"collection":[{"href":"https:\/\/lafase.cl\/fr\/wp-json\/wp\/v2\/posts"}],"about":[{"href":"https:\/\/lafase.cl\/fr\/wp-json\/wp\/v2\/types\/post"}],"author":[{"embeddable":true,"href":"https:\/\/lafase.cl\/fr\/wp-json\/wp\/v2\/users\/3"}],"replies":[{"embeddable":true,"href":"https:\/\/lafase.cl\/fr\/wp-json\/wp\/v2\/comments?post=24271"}],"version-history":[{"count":2,"href":"https:\/\/lafase.cl\/fr\/wp-json\/wp\/v2\/posts\/24271\/revisions"}],"predecessor-version":[{"id":24273,"href":"https:\/\/lafase.cl\/fr\/wp-json\/wp\/v2\/posts\/24271\/revisions\/24273"}],"wp:featuredmedia":[{"embeddable":true,"href":"https:\/\/lafase.cl\/fr\/wp-json\/wp\/v2\/media\/24270"}],"wp:attachment":[{"href":"https:\/\/lafase.cl\/fr\/wp-json\/wp\/v2\/media?parent=24271"}],"wp:term":[{"taxonomy":"category","embeddable":true,"href":"https:\/\/lafase.cl\/fr\/wp-json\/wp\/v2\/categories?post=24271"},{"taxonomy":"post_tag","embeddable":true,"href":"https:\/\/lafase.cl\/fr\/wp-json\/wp\/v2\/tags?post=24271"}],"curies":[{"name":"wp","href":"https:\/\/api.w.org\/{rel}","templated":true}]}}