{"id":21690,"date":"2020-07-14T11:35:52","date_gmt":"2020-07-14T15:35:52","guid":{"rendered":"http:\/\/lafase.cl\/dernieres-nouvelles-fr\/des-projets-pour-la-fete-nationale-du-14-juillet\/"},"modified":"2020-07-14T11:38:16","modified_gmt":"2020-07-14T15:38:16","slug":"des-projets-pour-la-fete-nationale-du-14-juillet","status":"publish","type":"post","link":"https:\/\/lafase.cl\/fr\/dernieres-nouvelles-fr\/des-projets-pour-la-fete-nationale-du-14-juillet\/","title":{"rendered":"Des projets pour la F\u00eate nationale du 14 juillet"},"content":{"rendered":"<section class=\"wpb-content-wrapper\"><p>[vc_row][vc_column][vc_custom_heading text=\u00a0\u00bbMalgr\u00e9 la distance c\u00e9l\u00e9brons ensemble la F\u00eate nationale fran\u00e7aise\u00a0\u00bb google_fonts=\u00a0\u00bbfont_family:Alice%3Aregular|font_style:400%20regular%3A400%3Anormal\u00a0\u00bb][\/vc_column][\/vc_row][vc_row][vc_column width=\u00a0\u00bb1\/2&Prime;][vc_raw_html]JTNDaWZyYW1lJTIwc3JjJTNEJTIyaHR0cHMlM0ElMkYlMkZwbGF5ZXIudmltZW8uY29tJTJGdmlkZW8lMkY0MzgyMjI0ODAlMjIlMjB3aWR0aCUzRCUyMjY0MCUyMiUyMGhlaWdodCUzRCUyMjM2MCUyMiUyMGZyYW1lYm9yZGVyJTNEJTIyMCUyMiUyMGFsbG93JTNEJTIyYXV0b3BsYXklM0IlMjBmdWxsc2NyZWVuJTIyJTIwYWxsb3dmdWxsc2NyZWVuJTNFJTNDJTJGaWZyYW1lJTNF[\/vc_raw_html][vc_column_text]En plena pandemia, a partir de una colaboraci\u00f3n de una empresa francesa con la Municipalidad de La Pintana surge la idea de dar vida a un proyecto musical inclusivo: ni\u00f1os del colegio Alianza Francesa y de la Corporaci\u00f3n Cultural de La Pintana se conocieron y se organizaron para interpretar juntos \u201cLa Fille aux cheveux de lin\u201d, de Claude Debussy, y \u201cBerseuses\u201d del compositor chileno Enrique Soro, artistas contempor\u00e1neos. Un ejemplo real de que las crisis son tambi\u00e9n una oportunidad para unirnos como sociedad, esta vez a trav\u00e9s de la m\u00fasica.[\/vc_column_text][\/vc_column][vc_column width=\u00a0\u00bb1\/2&Prime;][vc_raw_html]JTNDaWZyYW1lJTIwc3JjJTNEJTIyaHR0cHMlM0ElMkYlMkZwbGF5ZXIudmltZW8uY29tJTJGdmlkZW8lMkY0Mzc5OTc5NDAlMjIlMjB3aWR0aCUzRCUyMjY0MCUyMiUyMGhlaWdodCUzRCUyMjY0MCUyMiUyMGZyYW1lYm9yZGVyJTNEJTIyMCUyMiUyMGFsbG93JTNEJTIyYXV0b3BsYXklM0IlMjBmdWxsc2NyZWVuJTIyJTIwYWxsb3dmdWxsc2NyZWVuJTNFJTNDJTJGaWZyYW1lJTNF[\/vc_raw_html][vc_column_text]A cette occasion, les \u00e9l\u00e8ves et \u00e9quipes de petite section de Vitacura nous ont pr\u00e9par\u00e9 une belle surprise, sur un rythme bien fran\u00e7ais.[\/vc_column_text][\/vc_column][\/vc_row][vc_row][vc_column][vc_separator style=\u00a0\u00bbdashed\u00a0\u00bb][\/vc_column][\/vc_row][vc_row][vc_column width=\u00a0\u00bb1\/2&Prime;][vc_single_image image=\u00a0\u00bb21680&Prime; img_size=\u00a0\u00bblarge\u00a0\u00bb onclick=\u00a0\u00bbcustom_link\u00a0\u00bb link=\u00a0\u00bbhttps:\/\/padlet.com\/aurelia_ottaviano\/expositionGS\u00a0\u00bb][\/vc_column][vc_column width=\u00a0\u00bb1\/2&Prime;][vc_column_text]<\/p>\n<div>\u00ab\u00a0Pour c\u00e9l\u00e9brer la f\u00eate nationale de la France, les enfants de Grande Section de Chamisero ont travaill\u00e9 sur l&rsquo;histoire de la Tour Eiffel et ont r\u00e9alis\u00e9 des Tours\u00a0Eiffel avec diff\u00e9rentes techniques selon les classes:<\/div>\n<div>GS7: des Tours Eiffel et ses feux d&rsquo;artifices sur essuie-tout, avec feutres et eau.<\/div>\n<div>GS8: des Tours Eiffel en alphabet<\/div>\n<div>GS9: des Tours Eiffel \u00e0 la mani\u00e8re de Delaunay<\/div>\n<div>GS10: des Tours Eiffels en Land&rsquo;Art<\/div>\n<div><\/div>\n<div>Pour y acc\u00e9der:<\/div>\n<div><strong><a href=\"https:\/\/padlet.com\/aurelia_ottaviano\/expositionGS\">https:\/\/padlet.com\/aurelia_ottaviano\/expositionGS<\/a><\/strong><\/div>\n<div><\/div>\n<div>Bonne visite virtuelle!<\/div>\n<p>[\/vc_column_text][\/vc_column][\/vc_row]<\/p>\n<\/section>","protected":false},"excerpt":{"rendered":"<p>[vc_row][vc_column][vc_custom_heading text=\u00a0\u00bbMalgr\u00e9 la distance c\u00e9l\u00e9brons ensemble la F\u00eate nationale fran\u00e7aise\u00a0\u00bb google_fonts=\u00a0\u00bbfont_family:Alice%3Aregular|font_style:400%20regular%3A400%3Anormal\u00a0\u00bb][\/vc_column][\/vc_row][vc_row][vc_column width=\u00a0\u00bb1\/2&Prime;][vc_raw_html]JTNDaWZyYW1lJTIwc3JjJTNEJTIyaHR0cHMlM0ElMkYlMkZwbGF5ZXIudmltZW8uY29tJTJGdmlkZW8lMkY0MzgyMjI0ODAlMjIlMjB3aWR0aCUzRCUyMjY0MCUyMiUyMGhlaWdodCUzRCUyMjM2MCUyMiUyMGZyYW1lYm9yZGVyJTNEJTIyMCUyMiUyMGFsbG93JTNEJTIyYXV0b3BsYXklM0IlMjBmdWxsc2NyZWVuJTIyJTIwYWxsb3dmdWxsc2NyZWVuJTNFJTNDJTJGaWZyYW1lJTNF[\/vc_raw_html][vc_column_text]En plena pandemia, a partir de una colaboraci\u00f3n de&nbsp;<a href=\"https:\/\/lafase.cl\/fr\/dernieres-nouvelles-fr\/des-projets-pour-la-fete-nationale-du-14-juillet\/\">&hellip;<\/a><\/p>\n","protected":false},"author":3,"featured_media":21686,"comment_status":"open","ping_status":"open","sticky":false,"template":"","format":"standard","meta":{"om_disable_all_campaigns":false,"_monsterinsights_skip_tracking":false,"_monsterinsights_sitenote_active":false,"_monsterinsights_sitenote_note":"","_monsterinsights_sitenote_category":0},"categories":[1008,958,39,706,398],"tags":[1044,270,268,207,1045],"aioseo_notices":[],"_links":{"self":[{"href":"https:\/\/lafase.cl\/fr\/wp-json\/wp\/v2\/posts\/21690"}],"collection":[{"href":"https:\/\/lafase.cl\/fr\/wp-json\/wp\/v2\/posts"}],"about":[{"href":"https:\/\/lafase.cl\/fr\/wp-json\/wp\/v2\/types\/post"}],"author":[{"embeddable":true,"href":"https:\/\/lafase.cl\/fr\/wp-json\/wp\/v2\/users\/3"}],"replies":[{"embeddable":true,"href":"https:\/\/lafase.cl\/fr\/wp-json\/wp\/v2\/comments?post=21690"}],"version-history":[{"count":1,"href":"https:\/\/lafase.cl\/fr\/wp-json\/wp\/v2\/posts\/21690\/revisions"}],"predecessor-version":[{"id":21692,"href":"https:\/\/lafase.cl\/fr\/wp-json\/wp\/v2\/posts\/21690\/revisions\/21692"}],"wp:featuredmedia":[{"embeddable":true,"href":"https:\/\/lafase.cl\/fr\/wp-json\/wp\/v2\/media\/21686"}],"wp:attachment":[{"href":"https:\/\/lafase.cl\/fr\/wp-json\/wp\/v2\/media?parent=21690"}],"wp:term":[{"taxonomy":"category","embeddable":true,"href":"https:\/\/lafase.cl\/fr\/wp-json\/wp\/v2\/categories?post=21690"},{"taxonomy":"post_tag","embeddable":true,"href":"https:\/\/lafase.cl\/fr\/wp-json\/wp\/v2\/tags?post=21690"}],"curies":[{"name":"wp","href":"https:\/\/api.w.org\/{rel}","templated":true}]}}