{"id":20823,"date":"2020-06-19T12:06:48","date_gmt":"2020-06-19T16:06:48","guid":{"rendered":"http:\/\/lafase.cl\/?p=20823"},"modified":"2020-06-23T15:35:26","modified_gmt":"2020-06-23T19:35:26","slug":"de-mi-ventana-veo-proyectos-zona-amlasud-2020","status":"publish","type":"post","link":"https:\/\/lafase.cl\/fr\/dernieres-nouvelles-fr\/de-mi-ventana-veo-proyectos-zona-amlasud-2020\/","title":{"rendered":"Par ma fen\u00eatre je vois : projet Amlasud 2020"},"content":{"rendered":"<section class=\"wpb-content-wrapper\"><p>[vc_row][vc_column][vc_row_inner][vc_column_inner width=\u00a0\u00bb1\/3&Prime;][vc_custom_heading text=\u00a0\u00bbPlusieurs \u00e9tablissements appartenant \u00e0 la zone #Amlasud on particip\u00e9 au projet \u00ab\u00a0Par ma fen\u00eatre je vois&#8230;\u00ab\u00a0 dans le cadre de la semaine des langues.<br \/>\nEn ce qui nous concerne, les \u00e9l\u00e8ves de GS, CPG et CP\/CE1K ont expos\u00e9 leurs oeuvres. Bonne visite!\u00a0\u00bb font_container=\u00a0\u00bbtag:div|text_align:left\u00a0\u00bb google_fonts=\u00a0\u00bbfont_family:Sanchez%3Aregular%2Citalic|font_style:400%20regular%3A400%3Anormal\u00a0\u00bb][\/vc_column_inner][vc_column_inner width=\u00a0\u00bb1\/3&Prime;][vc_video link=\u00a0\u00bbhttps:\/\/vimeo.com\/431468893\/40239a32cf\u00a0\u00bb][\/vc_column_inner][vc_column_inner width=\u00a0\u00bb1\/3&Prime;][vc_video link=\u00a0\u00bbhttps:\/\/vimeo.com\/431510599\/4fe37730b3&Prime;][\/vc_column_inner][\/vc_row_inner][vc_btn title=\u00a0\u00bbOuvrir le padlet dans une nouvelle fen\u00eatre\u00a0\u00bb shape=\u00a0\u00bbsquare\u00a0\u00bb color=\u00a0\u00bbviolet\u00a0\u00bb link=\u00a0\u00bburl:https%3A%2F%2Fpadlet.com%2Finspectionamlasud%2Flangues2020|||\u00a0\u00bb][vc_empty_space][vc_raw_html]JTVCYWR2YW5jZWRfaWZyYW1lJTIwdXNlX3Nob3J0Y29kZV9hdHRyaWJ1dGVzX29ubHklM0QlMjJ0cnVlJTIyJTIwc3JjJTNEJTIyaHR0cHMlM0ElMkYlMkZwYWRsZXQuY29tJTJGaW5zcGVjdGlvbmFtbGFzdWQlMkZsYW5ndWVzMjAyMCUyMiUyMHdpZHRoJTNEJTIyMTAwJTI1JTIyJTIwaGVpZ2h0JTNEJTIyNjAwJTIyJTIwc2Nyb2xsaW5nJTNEJTIyYXV0byUyMiU1RA==[\/vc_raw_html][\/vc_column][\/vc_row]<\/p>\n<\/section>","protected":false},"excerpt":{"rendered":"<p>[vc_row][vc_column][vc_row_inner][vc_column_inner width=\u00a0\u00bb1\/3&Prime;][vc_custom_heading text=\u00a0\u00bbPlusieurs \u00e9tablissements appartenant \u00e0 la zone #Amlasud on particip\u00e9 au projet \u00ab\u00a0Par ma fen\u00eatre je vois&#8230;\u00ab\u00a0 dans le&nbsp;<a href=\"https:\/\/lafase.cl\/fr\/dernieres-nouvelles-fr\/de-mi-ventana-veo-proyectos-zona-amlasud-2020\/\">&hellip;<\/a><\/p>\n","protected":false},"author":3,"featured_media":20825,"comment_status":"open","ping_status":"open","sticky":false,"template":"","format":"standard","meta":{"om_disable_all_campaigns":false,"_monsterinsights_skip_tracking":false,"_monsterinsights_sitenote_active":false,"_monsterinsights_sitenote_note":"","_monsterinsights_sitenote_category":0},"categories":[527,705,294,419,422,39,397,148,300,706],"tags":[104,994,995,996,550,998,997,551],"aioseo_notices":[],"_links":{"self":[{"href":"https:\/\/lafase.cl\/fr\/wp-json\/wp\/v2\/posts\/20823"}],"collection":[{"href":"https:\/\/lafase.cl\/fr\/wp-json\/wp\/v2\/posts"}],"about":[{"href":"https:\/\/lafase.cl\/fr\/wp-json\/wp\/v2\/types\/post"}],"author":[{"embeddable":true,"href":"https:\/\/lafase.cl\/fr\/wp-json\/wp\/v2\/users\/3"}],"replies":[{"embeddable":true,"href":"https:\/\/lafase.cl\/fr\/wp-json\/wp\/v2\/comments?post=20823"}],"version-history":[{"count":7,"href":"https:\/\/lafase.cl\/fr\/wp-json\/wp\/v2\/posts\/20823\/revisions"}],"predecessor-version":[{"id":20956,"href":"https:\/\/lafase.cl\/fr\/wp-json\/wp\/v2\/posts\/20823\/revisions\/20956"}],"wp:featuredmedia":[{"embeddable":true,"href":"https:\/\/lafase.cl\/fr\/wp-json\/wp\/v2\/media\/20825"}],"wp:attachment":[{"href":"https:\/\/lafase.cl\/fr\/wp-json\/wp\/v2\/media?parent=20823"}],"wp:term":[{"taxonomy":"category","embeddable":true,"href":"https:\/\/lafase.cl\/fr\/wp-json\/wp\/v2\/categories?post=20823"},{"taxonomy":"post_tag","embeddable":true,"href":"https:\/\/lafase.cl\/fr\/wp-json\/wp\/v2\/tags?post=20823"}],"curies":[{"name":"wp","href":"https:\/\/api.w.org\/{rel}","templated":true}]}}