{"id":20719,"date":"2020-06-15T11:28:46","date_gmt":"2020-06-15T15:28:46","guid":{"rendered":"http:\/\/lafase.cl\/?p=20719"},"modified":"2020-06-15T12:14:08","modified_gmt":"2020-06-15T16:14:08","slug":"podcast-confines-pour-le-meilleur-et-pour-le-pire","status":"publish","type":"post","link":"https:\/\/lafase.cl\/fr\/dernieres-nouvelles-fr\/podcast-confines-pour-le-meilleur-et-pour-le-pire\/","title":{"rendered":"Podcast : Confin\u00e9s , pour le meilleur et pour le pire!"},"content":{"rendered":"<section class=\"wpb-content-wrapper\"><p>[vc_row][vc_column][vc_custom_heading text=\u00a0\u00bbVoici en exclusivit\u00e9 le 1er \u00e9pisode d&rsquo;un \u00ab\u00a0radio th\u00e9\u00e2tre\u00ab\u00a0 \u00e9crit et enregistr\u00e9 en confinement par l&rsquo;option th\u00e9\u00e2tre de 1\u00e8re.\u00a0\u00bb font_container=\u00a0\u00bbtag:div|text_align:left\u00a0\u00bb google_fonts=\u00a0\u00bbfont_family:Sanchez%3Aregular%2Citalic|font_style:400%20regular%3A400%3Anormal\u00a0\u00bb][vc_empty_space][vc_raw_html]JTVCYWR2YW5jZWRfaWZyYW1lJTIwdXNlX3Nob3J0Y29kZV9hdHRyaWJ1dGVzX29ubHklM0QlMjJ0cnVlJTIyJTIwc3JjJTNEJTIyaHR0cHMlM0ElMkYlMkZuYWRpbmVkZWpvbmcud2l4c2l0ZS5jb20lMkZmaWN0aW9ucmFkaW8lMjIlMjB3aWR0aCUzRCUyMjEwMCUyNSUyMiUyMGhlaWdodCUzRCUyMjYwMCUyMiUyMHNjcm9sbGluZyUzRCUyMmF1dG8lMjIlNUQ=[\/vc_raw_html][\/vc_column][\/vc_row][vc_row][vc_column][\/vc_column][\/vc_row]<\/p>\n<\/section>","protected":false},"excerpt":{"rendered":"<p>[vc_row][vc_column][vc_custom_heading text=\u00a0\u00bbVoici en exclusivit\u00e9 le 1er \u00e9pisode d&rsquo;un \u00ab\u00a0radio th\u00e9\u00e2tre\u00ab\u00a0 \u00e9crit et enregistr\u00e9 en confinement par l&rsquo;option th\u00e9\u00e2tre de 1\u00e8re.\u00a0\u00bb&nbsp;<a href=\"https:\/\/lafase.cl\/fr\/dernieres-nouvelles-fr\/podcast-confines-pour-le-meilleur-et-pour-le-pire\/\">&hellip;<\/a><\/p>\n","protected":false},"author":3,"featured_media":20721,"comment_status":"open","ping_status":"open","sticky":false,"template":"","format":"standard","meta":{"om_disable_all_campaigns":false,"_monsterinsights_skip_tracking":false,"_monsterinsights_sitenote_active":false,"_monsterinsights_sitenote_note":"","_monsterinsights_sitenote_category":0},"categories":[705,958,39,616,150,468,399],"tags":[986,987,836,991],"aioseo_notices":[],"_links":{"self":[{"href":"https:\/\/lafase.cl\/fr\/wp-json\/wp\/v2\/posts\/20719"}],"collection":[{"href":"https:\/\/lafase.cl\/fr\/wp-json\/wp\/v2\/posts"}],"about":[{"href":"https:\/\/lafase.cl\/fr\/wp-json\/wp\/v2\/types\/post"}],"author":[{"embeddable":true,"href":"https:\/\/lafase.cl\/fr\/wp-json\/wp\/v2\/users\/3"}],"replies":[{"embeddable":true,"href":"https:\/\/lafase.cl\/fr\/wp-json\/wp\/v2\/comments?post=20719"}],"version-history":[{"count":1,"href":"https:\/\/lafase.cl\/fr\/wp-json\/wp\/v2\/posts\/20719\/revisions"}],"predecessor-version":[{"id":20723,"href":"https:\/\/lafase.cl\/fr\/wp-json\/wp\/v2\/posts\/20719\/revisions\/20723"}],"wp:featuredmedia":[{"embeddable":true,"href":"https:\/\/lafase.cl\/fr\/wp-json\/wp\/v2\/media\/20721"}],"wp:attachment":[{"href":"https:\/\/lafase.cl\/fr\/wp-json\/wp\/v2\/media?parent=20719"}],"wp:term":[{"taxonomy":"category","embeddable":true,"href":"https:\/\/lafase.cl\/fr\/wp-json\/wp\/v2\/categories?post=20719"},{"taxonomy":"post_tag","embeddable":true,"href":"https:\/\/lafase.cl\/fr\/wp-json\/wp\/v2\/tags?post=20719"}],"curies":[{"name":"wp","href":"https:\/\/api.w.org\/{rel}","templated":true}]}}