{"id":20087,"date":"2020-05-28T17:41:32","date_gmt":"2020-05-28T21:41:32","guid":{"rendered":"http:\/\/lafase.cl\/?p=20087"},"modified":"2020-05-28T17:45:42","modified_gmt":"2020-05-28T21:45:42","slug":"arte-ven-a-descubrir-la-expo-virtual-de-secundaria-chamisero","status":"publish","type":"post","link":"https:\/\/lafase.cl\/fr\/dernieres-nouvelles-fr\/arte-ven-a-descubrir-la-expo-virtual-de-secundaria-chamisero\/","title":{"rendered":"Arts: d\u00e9couvrez l&rsquo;expo virtuelle du secondaire de Chamisero"},"content":{"rendered":"<section class=\"wpb-content-wrapper\"><p>[vc_row][vc_column][vc_custom_heading text=\u00a0\u00bbDans le cadre du projet d&rsquo;expo d&rsquo;arts plastiques, les \u00e9l\u00e8ves de 4\u00e8me et 5\u00e8me de Chamisero ont expos\u00e9 virtuellement leurs travaux. 2 th\u00e9mathiques \u00e0 l&rsquo;honneur: le cubisme (4\u00e8me) et la perspective (5\u00e8me), une belle initiative de leur professeur Alexandre Ardhuin. Nous vous invitons \u00e0 parcourir leur mus\u00e9e virtuel. Les 6\u00e8mes auront bient\u00f4t quant \u00e0 eux une galerie d\u00e9di\u00e9e \u00e0 l&rsquo;Egypte, mais patience. \u00a0\u00bb font_container=\u00a0\u00bbtag:div|text_align:left\u00a0\u00bb google_fonts=\u00a0\u00bbfont_family:Belgrano%3Aregular|font_style:400%20regular%3A400%3Anormal\u00a0\u00bb][vc_empty_space][vc_raw_html]JTNDaWZyYW1lJTIwaWQlM0QlMjJpZnJhbWVfY29udGFpbmVyJTIyJTIwZnJhbWVib3JkZXIlM0QlMjIwJTIyJTIwd2Via2l0YWxsb3dmdWxsc2NyZWVuJTNEJTIyJTIyJTIwbW96YWxsb3dmdWxsc2NyZWVuJTNEJTIyJTIyJTIwYWxsb3dmdWxsc2NyZWVuJTNEJTIyJTIyJTIwYWxsb3clM0QlMjJhdXRvcGxheSUzQiUyMGZ1bGxzY3JlZW4lMjIlMjB3aWR0aCUzRCUyMjEwMCUyNSUyMiUyMGhlaWdodCUzRCUyMjQwMCUyMiUyMHNyYyUzRCUyMmh0dHBzJTNBJTJGJTJGd3d3LmFydHN0ZXBzLmNvbSUyRmVtYmVkJTJGNWVjOTZjZGZiM2M3MjM1ODVhZGNmNzAzJTJGNTYwJTJGMzE1JTNGZmJjbGlkJTNESXdBUjJFV1FldTBETUpib2l5eTRtb2JTOFIxOUlkWE8wU2w5MEJoWkRhcW03RlFwd1YzM2J5dXljMV9lSSUyRiUzRmJnY29sb3IlM0RmZmZmZmYlMjZhbXAlM0Jsb2NrX3RvX3BhdGglM0QwJTI2YW1wJTNCYXV0b3BsYXklM0QwJTI2YW1wJTNCYXV0b2hpZGVfY3RybHMlM0QwJTI2YW1wJTNCbGFuZGluZ19kYXRhJTNEYkhWWlptTmFOREJJV25OamRFVkVORFJoWkRGTlpHTklVRTQzTUhkTE5XcHNkRkpMYjJaSGFuSTBkRFpuT1ZOTmJtazNlbmxsUVVwclRrbFZXWGQ2SzFGUlBUMCUyNmFtcCUzQmxhbmRpbmdfc2lnbiUzRFpkdkVWc3N3Snp6NEpMRkxCUkRNeVZuNmJ0ZE14NXVjSUhjNEh0NUN4bVElMjIlM0UlM0MlMkZpZnJhbWUlM0U=[\/vc_raw_html][\/vc_column][\/vc_row]<\/p>\n<\/section>","protected":false},"excerpt":{"rendered":"<p>[vc_row][vc_column][vc_custom_heading text=\u00a0\u00bbDans le cadre du projet d&rsquo;expo d&rsquo;arts plastiques, les \u00e9l\u00e8ves de 4\u00e8me et 5\u00e8me de Chamisero ont expos\u00e9 virtuellement&nbsp;<a href=\"https:\/\/lafase.cl\/fr\/dernieres-nouvelles-fr\/arte-ven-a-descubrir-la-expo-virtual-de-secundaria-chamisero\/\">&hellip;<\/a><\/p>\n","protected":false},"author":3,"featured_media":20086,"comment_status":"open","ping_status":"open","sticky":false,"template":"","format":"standard","meta":{"om_disable_all_campaigns":false,"_monsterinsights_skip_tracking":false,"_monsterinsights_sitenote_active":false,"_monsterinsights_sitenote_note":"","_monsterinsights_sitenote_category":0},"categories":[705,396,39,150,468],"tags":[922,919,663,946,943,944,948,949,945,947,895,897],"aioseo_notices":[],"_links":{"self":[{"href":"https:\/\/lafase.cl\/fr\/wp-json\/wp\/v2\/posts\/20087"}],"collection":[{"href":"https:\/\/lafase.cl\/fr\/wp-json\/wp\/v2\/posts"}],"about":[{"href":"https:\/\/lafase.cl\/fr\/wp-json\/wp\/v2\/types\/post"}],"author":[{"embeddable":true,"href":"https:\/\/lafase.cl\/fr\/wp-json\/wp\/v2\/users\/3"}],"replies":[{"embeddable":true,"href":"https:\/\/lafase.cl\/fr\/wp-json\/wp\/v2\/comments?post=20087"}],"version-history":[{"count":3,"href":"https:\/\/lafase.cl\/fr\/wp-json\/wp\/v2\/posts\/20087\/revisions"}],"predecessor-version":[{"id":20090,"href":"https:\/\/lafase.cl\/fr\/wp-json\/wp\/v2\/posts\/20087\/revisions\/20090"}],"wp:featuredmedia":[{"embeddable":true,"href":"https:\/\/lafase.cl\/fr\/wp-json\/wp\/v2\/media\/20086"}],"wp:attachment":[{"href":"https:\/\/lafase.cl\/fr\/wp-json\/wp\/v2\/media?parent=20087"}],"wp:term":[{"taxonomy":"category","embeddable":true,"href":"https:\/\/lafase.cl\/fr\/wp-json\/wp\/v2\/categories?post=20087"},{"taxonomy":"post_tag","embeddable":true,"href":"https:\/\/lafase.cl\/fr\/wp-json\/wp\/v2\/tags?post=20087"}],"curies":[{"name":"wp","href":"https:\/\/api.w.org\/{rel}","templated":true}]}}