{"id":19882,"date":"2020-05-18T15:27:14","date_gmt":"2020-05-18T19:27:14","guid":{"rendered":"http:\/\/lafase.cl\/?p=19882"},"modified":"2020-05-25T16:28:19","modified_gmt":"2020-05-25T20:28:19","slug":"testimonios-una-reflexion-de-la-pandemia-desde-los-alumnos","status":"publish","type":"post","link":"https:\/\/lafase.cl\/fr\/dernieres-nouvelles-fr\/testimonios-una-reflexion-de-la-pandemia-desde-los-alumnos\/","title":{"rendered":"R\u00e9flexion et  expression des \u00e9l\u00e8ves durant la pand\u00e9mie"},"content":{"rendered":"<section class=\"wpb-content-wrapper\"><p>[vc_row][vc_column][vc_custom_heading text=\u00a0\u00bbDes t\u00e9moignages artistiques, po\u00e9tiques, \u00e0 fleur de peau\u00a0\u00bb google_fonts=\u00a0\u00bbfont_family:Bentham%3Aregular|font_style:400%20regular%3A400%3Anormal\u00a0\u00bb][vc_column_text]Ces travaux ont \u00e9t\u00e9 r\u00e9alis\u00e9s dans le cadre d&rsquo;une activit\u00e9 de r\u00e9flexion sur les pand\u00e9mies v\u00e9cues au fil de l&rsquo;Histoire, une initiative de Felipe Arellano et Marcela Espinoza, professeurs d&rsquo;Histoire &#8211; G\u00e9ographie.[\/vc_column_text][\/vc_column][\/vc_row][vc_row][vc_column width=\u00a0\u00bb1\/2&Prime;][vc_video link=\u00a0\u00bbhttps:\/\/vimeo.com\/420025000&Prime;][\/vc_column][vc_column width=\u00a0\u00bb1\/2&Prime;][vc_custom_heading text=\u00a0\u00bbUne chor\u00e9graphie qui retrace les moments d&rsquo;isolement social que nous vivons actuellement.<br \/>\nUne oeuvre de Violeta Moreno (2C).\u00a0\u00bb font_container=\u00a0\u00bbtag:div|text_align:left\u00a0\u00bb google_fonts=\u00a0\u00bbfont_family:Sanchez%3Aregular%2Citalic|font_style:400%20regular%3A400%3Anormal\u00a0\u00bb][\/vc_column][\/vc_row][vc_row][vc_column][vc_row_inner][vc_column_inner width=\u00a0\u00bb1\/2&Prime;][vc_custom_heading text=\u00a0\u00bbPo\u00e9sie\u00a0\u00bb font_container=\u00a0\u00bbtag:h3|text_align:left\u00a0\u00bb google_fonts=\u00a0\u00bbfont_family:Bentham%3Aregular|font_style:400%20regular%3A400%3Anormal\u00a0\u00bb][vc_gallery interval=\u00a0\u00bb3&Prime; images=\u00a0\u00bb19826,19828,19830,19832,19834,19836,19838,19840,19842,19844&Prime; img_size=\u00a0\u00bbfull\u00a0\u00bb][\/vc_column_inner][vc_column_inner width=\u00a0\u00bb1\/2&Prime;][vc_custom_heading text=\u00a0\u00bbAffiches\u00a0\u00bb font_container=\u00a0\u00bbtag:h3|text_align:left\u00a0\u00bb google_fonts=\u00a0\u00bbfont_family:Bentham%3Aregular|font_style:400%20regular%3A400%3Anormal\u00a0\u00bb][vc_gallery interval=\u00a0\u00bb3&Prime; images=\u00a0\u00bb19877,19875,19873,19871,19869,19867,19865,19863,19861,19859,19857,19855,19853&Prime; img_size=\u00a0\u00bbfull\u00a0\u00bb][\/vc_column_inner][\/vc_row_inner][\/vc_column][\/vc_row]<\/p>\n<\/section>","protected":false},"excerpt":{"rendered":"<p>[vc_row][vc_column][vc_custom_heading text=\u00a0\u00bbDes t\u00e9moignages artistiques, po\u00e9tiques, \u00e0 fleur de peau\u00a0\u00bb google_fonts=\u00a0\u00bbfont_family:Bentham%3Aregular|font_style:400%20regular%3A400%3Anormal\u00a0\u00bb][vc_column_text]Ces travaux ont \u00e9t\u00e9 r\u00e9alis\u00e9s dans le cadre d&rsquo;une activit\u00e9 de&nbsp;<a href=\"https:\/\/lafase.cl\/fr\/dernieres-nouvelles-fr\/testimonios-una-reflexion-de-la-pandemia-desde-los-alumnos\/\">&hellip;<\/a><\/p>\n","protected":false},"author":3,"featured_media":19866,"comment_status":"open","ping_status":"open","sticky":false,"template":"","format":"standard","meta":{"om_disable_all_campaigns":false,"_monsterinsights_skip_tracking":false,"_monsterinsights_sitenote_active":false,"_monsterinsights_sitenote_note":"","_monsterinsights_sitenote_category":0},"categories":[705,39,150,468],"tags":[853,662,936,808,935,931,924,937,939,903,938,933],"aioseo_notices":[],"_links":{"self":[{"href":"https:\/\/lafase.cl\/fr\/wp-json\/wp\/v2\/posts\/19882"}],"collection":[{"href":"https:\/\/lafase.cl\/fr\/wp-json\/wp\/v2\/posts"}],"about":[{"href":"https:\/\/lafase.cl\/fr\/wp-json\/wp\/v2\/types\/post"}],"author":[{"embeddable":true,"href":"https:\/\/lafase.cl\/fr\/wp-json\/wp\/v2\/users\/3"}],"replies":[{"embeddable":true,"href":"https:\/\/lafase.cl\/fr\/wp-json\/wp\/v2\/comments?post=19882"}],"version-history":[{"count":7,"href":"https:\/\/lafase.cl\/fr\/wp-json\/wp\/v2\/posts\/19882\/revisions"}],"predecessor-version":[{"id":19890,"href":"https:\/\/lafase.cl\/fr\/wp-json\/wp\/v2\/posts\/19882\/revisions\/19890"}],"wp:featuredmedia":[{"embeddable":true,"href":"https:\/\/lafase.cl\/fr\/wp-json\/wp\/v2\/media\/19866"}],"wp:attachment":[{"href":"https:\/\/lafase.cl\/fr\/wp-json\/wp\/v2\/media?parent=19882"}],"wp:term":[{"taxonomy":"category","embeddable":true,"href":"https:\/\/lafase.cl\/fr\/wp-json\/wp\/v2\/categories?post=19882"},{"taxonomy":"post_tag","embeddable":true,"href":"https:\/\/lafase.cl\/fr\/wp-json\/wp\/v2\/tags?post=19882"}],"curies":[{"name":"wp","href":"https:\/\/api.w.org\/{rel}","templated":true}]}}