{"id":19701,"date":"2020-05-14T16:11:30","date_gmt":"2020-05-14T20:11:30","guid":{"rendered":"http:\/\/lafase.cl\/?p=19701"},"modified":"2020-05-14T16:25:49","modified_gmt":"2020-05-14T20:25:49","slug":"ciencia-nuestros-pequenos-genios-a-la-obra","status":"publish","type":"post","link":"https:\/\/lafase.cl\/fr\/dernieres-nouvelles-fr\/ciencia-nuestros-pequenos-genios-a-la-obra\/","title":{"rendered":"Sciences : nos petits g\u00e9nies \u00e0 l&rsquo;oeuvre"},"content":{"rendered":"<section class=\"wpb-content-wrapper\"><p>[vc_row][vc_column][vc_custom_heading text=\u00a0\u00bbD\u00e9fi sciences en primaire\u00a0\u00bb google_fonts=\u00a0\u00bbfont_family:Duru%20Sans%3Aregular|font_style:400%20regular%3A400%3Anormal\u00a0\u00bb][vc_custom_heading text=\u00a0\u00bbDans ce premier volet du d\u00e9fi sciences en CM2, Tobias et Camila nous montrent comment construire un bateau, le but \u00e9tant de le faire avancer sans l&rsquo;aide des mains. Toutes les th\u00e9ories sont bonnes et chacun a la sienne! Enseigner les sciences \u00e0 distance est possible! #continuit\u00e9p\u00e9dagogique\u00a0\u00bb font_container=\u00a0\u00bbtag:div|text_align:left\u00a0\u00bb google_fonts=\u00a0\u00bbfont_family:Sanchez%3Aregular%2Citalic|font_style:400%20regular%3A400%3Anormal\u00a0\u00bb][vc_empty_space][vc_row_inner][vc_column_inner width=\u00a0\u00bb1\/2&Prime;][vc_video link=\u00a0\u00bbhttps:\/\/youtu.be\/ihaiBD7lNEo\u00a0\u00bb][\/vc_column_inner][vc_column_inner width=\u00a0\u00bb1\/2&Prime;][vc_video link=\u00a0\u00bbhttps:\/\/vimeo.com\/418600518&Prime;][\/vc_column_inner][\/vc_row_inner][\/vc_column][\/vc_row]<\/p>\n<\/section>","protected":false},"excerpt":{"rendered":"<p>[vc_row][vc_column][vc_custom_heading text=\u00a0\u00bbD\u00e9fi sciences en primaire\u00a0\u00bb google_fonts=\u00a0\u00bbfont_family:Duru%20Sans%3Aregular|font_style:400%20regular%3A400%3Anormal\u00a0\u00bb][vc_custom_heading text=\u00a0\u00bbDans ce premier volet du d\u00e9fi sciences en CM2, Tobias et Camila nous montrent&nbsp;<a href=\"https:\/\/lafase.cl\/fr\/dernieres-nouvelles-fr\/ciencia-nuestros-pequenos-genios-a-la-obra\/\">&hellip;<\/a><\/p>\n","protected":false},"author":3,"featured_media":19698,"comment_status":"open","ping_status":"open","sticky":false,"template":"","format":"standard","meta":{"om_disable_all_campaigns":false,"_monsterinsights_skip_tracking":false,"_monsterinsights_sitenote_active":false,"_monsterinsights_sitenote_note":"","_monsterinsights_sitenote_category":0},"categories":[294,914,39,910,609],"tags":[911,912,693,891,807,913,365,560,591,915],"aioseo_notices":[],"_links":{"self":[{"href":"https:\/\/lafase.cl\/fr\/wp-json\/wp\/v2\/posts\/19701"}],"collection":[{"href":"https:\/\/lafase.cl\/fr\/wp-json\/wp\/v2\/posts"}],"about":[{"href":"https:\/\/lafase.cl\/fr\/wp-json\/wp\/v2\/types\/post"}],"author":[{"embeddable":true,"href":"https:\/\/lafase.cl\/fr\/wp-json\/wp\/v2\/users\/3"}],"replies":[{"embeddable":true,"href":"https:\/\/lafase.cl\/fr\/wp-json\/wp\/v2\/comments?post=19701"}],"version-history":[{"count":3,"href":"https:\/\/lafase.cl\/fr\/wp-json\/wp\/v2\/posts\/19701\/revisions"}],"predecessor-version":[{"id":19708,"href":"https:\/\/lafase.cl\/fr\/wp-json\/wp\/v2\/posts\/19701\/revisions\/19708"}],"wp:featuredmedia":[{"embeddable":true,"href":"https:\/\/lafase.cl\/fr\/wp-json\/wp\/v2\/media\/19698"}],"wp:attachment":[{"href":"https:\/\/lafase.cl\/fr\/wp-json\/wp\/v2\/media?parent=19701"}],"wp:term":[{"taxonomy":"category","embeddable":true,"href":"https:\/\/lafase.cl\/fr\/wp-json\/wp\/v2\/categories?post=19701"},{"taxonomy":"post_tag","embeddable":true,"href":"https:\/\/lafase.cl\/fr\/wp-json\/wp\/v2\/tags?post=19701"}],"curies":[{"name":"wp","href":"https:\/\/api.w.org\/{rel}","templated":true}]}}