{"id":19144,"date":"2020-09-04T09:21:01","date_gmt":"2020-09-04T13:21:01","guid":{"rendered":"http:\/\/lafase.cl\/dernieres-nouvelles-fr\/cest-du-fait-maison\/"},"modified":"2020-09-04T14:55:28","modified_gmt":"2020-09-04T18:55:28","slug":"cest-du-fait-maison","status":"publish","type":"post","link":"https:\/\/lafase.cl\/fr\/non-classifiee\/cest-du-fait-maison\/","title":{"rendered":"Web Radio : \u00ab\u00a0C&rsquo;est du fait maison\u00a0\u00bb"},"content":{"rendered":"<section class=\"wpb-content-wrapper\"><p>[vc_row][vc_column width=\u00a0\u00bb1\/2&Prime;][vc_column_text]Projet radiophonique pour Radio R\u00e9seau : \u00ab C\u2019est du fait maison \u00bb, quand nos journalistes en herbe racontent leur confinement\u2026<\/p>\n<p>[\/vc_column_text][vc_custom_heading text=\u00a0\u00bb\u00ab\u00a0C&rsquo;est du fait maison\u00ab\u00a0: le confinement \u00e0 Santiago du Chili\u00a0\u00bb google_fonts=\u00a0\u00bbfont_family:Gudea%3Aregular%2Citalic%2C700|font_style:400%20regular%3A400%3Anormal\u00a0\u00bb][\/vc_column][vc_column width=\u00a0\u00bb1\/2&Prime;][vc_single_image image=\u00a0\u00bb23666&Prime; img_size=\u00a0\u00bbmedium\u00a0\u00bb add_caption=\u00a0\u00bbyes\u00a0\u00bb][\/vc_column][\/vc_row][vc_row][vc_column][vc_column_text]Suite \u00e0 la vague de pand\u00e9mie au Chili, Sophie Guzman, \u00e9l\u00e8ve de 4\u00e8me au Lyc\u00e9e Antoine de Saint-Exup\u00e9ry \u00e0 Santiago \u00a0a interrog\u00e9 un \u00e9l\u00e8ve de CP, une camarade de classe , une \u00e9l\u00e8ve de terminale et une enseignante sur leurs ressentis pendant la p\u00e9riode de confinement. Au sommaire de ce journal radiophonique, l&rsquo;organisation des activit\u00e9s qui rythment les journ\u00e9es et de la classe \u00e0 la maison sont les grands th\u00e8mes abord\u00e9s.\u00a0Comment ont-ils v\u00e9cu cette situation tant inattendue?<\/p>\n<!--[if lt IE 9]><script>document.createElement('audio');<\/script><![endif]-->\n\t<div class=\"wp-playlist wp-audio-playlist wp-playlist-light\">\n\t\t\t<div class=\"wp-playlist-current-item\"><\/div>\n\t\t<audio controls=\"controls\" preload=\"none\" width=\"1178\"\n\t\t\t><\/audio>\n\t<div class=\"wp-playlist-next\"><\/div>\n\t<div class=\"wp-playlist-prev\"><\/div>\n\t<noscript>\n\t<ol>\n\t\t<li><a href='https:\/\/lafase.cl\/wp-content\/uploads\/2020\/04\/SophiePodcast_mixdown.mp3'>SophiePodcast_mixdown<\/a><\/li>\t<\/ol>\n\t<\/noscript>\n\t<script type=\"application\/json\" class=\"wp-playlist-script\">{\"type\":\"audio\",\"tracklist\":true,\"tracknumbers\":true,\"images\":true,\"artists\":true,\"tracks\":[{\"src\":\"https:\\\/\\\/lafase.cl\\\/wp-content\\\/uploads\\\/2020\\\/04\\\/SophiePodcast_mixdown.mp3\",\"type\":\"audio\\\/mpeg\",\"title\":\"SophiePodcast_mixdown\",\"caption\":\"\",\"description\":\"\\\"SophiePodcast_mixdown\\\". Lanzamiento: 2020.\",\"meta\":{\"year\":\"2020\",\"length_formatted\":\"10:07\"},\"image\":{\"src\":\"https:\\\/\\\/lafase.cl\\\/wp-includes\\\/images\\\/media\\\/audio.png\",\"width\":48,\"height\":64},\"thumb\":{\"src\":\"https:\\\/\\\/lafase.cl\\\/wp-includes\\\/images\\\/media\\\/audio.png\",\"width\":48,\"height\":64}}]}<\/script>\n<\/div>\n\t\n<p>[\/vc_column_text][\/vc_column][\/vc_row]<\/p>\n<\/section>","protected":false},"excerpt":{"rendered":"<p>[vc_row][vc_column width=\u00a0\u00bb1\/2&Prime;][vc_column_text]Projet radiophonique pour Radio R\u00e9seau : \u00ab C\u2019est du fait maison \u00bb, quand nos journalistes en herbe racontent leur&nbsp;<a href=\"https:\/\/lafase.cl\/fr\/non-classifiee\/cest-du-fait-maison\/\">&hellip;<\/a><\/p>\n","protected":false},"author":3,"featured_media":19135,"comment_status":"open","ping_status":"open","sticky":false,"template":"","format":"standard","meta":{"om_disable_all_campaigns":false,"_monsterinsights_skip_tracking":false,"_monsterinsights_sitenote_active":false,"_monsterinsights_sitenote_note":"","_monsterinsights_sitenote_category":0},"categories":[527,39,8,706,616],"tags":[104,852,970,1107,238,1108],"aioseo_notices":[],"_links":{"self":[{"href":"https:\/\/lafase.cl\/fr\/wp-json\/wp\/v2\/posts\/19144"}],"collection":[{"href":"https:\/\/lafase.cl\/fr\/wp-json\/wp\/v2\/posts"}],"about":[{"href":"https:\/\/lafase.cl\/fr\/wp-json\/wp\/v2\/types\/post"}],"author":[{"embeddable":true,"href":"https:\/\/lafase.cl\/fr\/wp-json\/wp\/v2\/users\/3"}],"replies":[{"embeddable":true,"href":"https:\/\/lafase.cl\/fr\/wp-json\/wp\/v2\/comments?post=19144"}],"version-history":[{"count":4,"href":"https:\/\/lafase.cl\/fr\/wp-json\/wp\/v2\/posts\/19144\/revisions"}],"predecessor-version":[{"id":23677,"href":"https:\/\/lafase.cl\/fr\/wp-json\/wp\/v2\/posts\/19144\/revisions\/23677"}],"wp:featuredmedia":[{"embeddable":true,"href":"https:\/\/lafase.cl\/fr\/wp-json\/wp\/v2\/media\/19135"}],"wp:attachment":[{"href":"https:\/\/lafase.cl\/fr\/wp-json\/wp\/v2\/media?parent=19144"}],"wp:term":[{"taxonomy":"category","embeddable":true,"href":"https:\/\/lafase.cl\/fr\/wp-json\/wp\/v2\/categories?post=19144"},{"taxonomy":"post_tag","embeddable":true,"href":"https:\/\/lafase.cl\/fr\/wp-json\/wp\/v2\/tags?post=19144"}],"curies":[{"name":"wp","href":"https:\/\/api.w.org\/{rel}","templated":true}]}}