{"id":17986,"date":"2020-03-03T08:59:00","date_gmt":"2020-03-03T11:59:00","guid":{"rendered":"http:\/\/lafase.cl\/?p=17986"},"modified":"2020-03-03T08:59:40","modified_gmt":"2020-03-03T11:59:40","slug":"pedagogie-la-grammaire-en-couleurs","status":"publish","type":"post","link":"https:\/\/lafase.cl\/fr\/non-classifiee\/pedagogie-la-grammaire-en-couleurs\/","title":{"rendered":"P\u00e9dagogie : la grammaire en couleurs"},"content":{"rendered":"<section class=\"wpb-content-wrapper\"><p>[vc_row][vc_column][vc_custom_heading text=\u00a0\u00bbL\u2019AP 6\u00e8me brandit \u00e0 nouveau les couleurs de la grammaire en couleurs cette ann\u00e9e !\u00a0\u00bb font_container=\u00a0\u00bbtag:h2|text_align:left|color:%231e73be\u00a0\u00bb google_fonts=\u00a0\u00bbfont_family:Actor%3Aregular|font_style:400%20regular%3A400%3Anormal\u00a0\u00bb][vc_column_text]La \u00ab grammaire en couleurs \u00bb \u00a9 est une approche r\u00e9flexive et ludique du fonctionnement de la langue cr\u00e9\u00e9e par Maurice Laurent dans le cadre de l\u2019association\u00a0 Une \u00c9ducation pour demain \u00a9. Depuis 2018, ces outils sont mis en place pendant les p\u00e9riodes d\u2019AP de 6e, tant \u00e0 Vitacura qu\u2019\u00e0 Chamisero. L\u2019initiatrice du projet est H\u00e9lo\u00efse Simon, qui a d\u00e9couvert et approfondi cette approche lors d\u2019une formation \u00e0 Grenoble et dans ses classes en France. Claire Biseau, V\u00e9ronique Hall\u00e9 et Nadine Dejong se sont jointes \u00e0 elle. Ensemble, elles ont adapt\u00e9 les outils de Maurice Laurent au programme du coll\u00e8ge. Cette ann\u00e9e, forte du succ\u00e8s du projet, l\u2019\u00e9quipe s\u2019\u00e9toffe de deux professeurs, Isabelle Pfeiffer et M\u00e9ghane Raymond, afin de former une troisi\u00e8me g\u00e9n\u00e9ration\u00a0 \u00e0 la grammaire en couleurs, portant \u00e0 plus de 500 le nombre d&rsquo;\u00e9l\u00e8ves b\u00e9n\u00e9ficiaires de ce dispositif assez unique encore en Am\u00e9rique\u2026 et m\u00eame dans le monde !<\/p>\n<p>[\/vc_column_text][vc_message]<strong>Pour en savoir plus : consultez le site de la grammaire en couleurs au coll\u00e8ge : <a href=\"https:\/\/grammaireencouleur.wixsite.com\/ap6e\">https:\/\/grammaireencouleur.wixsite.com\/ap6e<\/a><\/strong>[\/vc_message][vc_row_inner][vc_column_inner width=\u00a0\u00bb1\/2&Prime;][vc_custom_heading text=\u00a0\u00bb\u00ab\u00a0plus de 500 \u00e9l\u00e8ves b\u00e9n\u00e9ficiaires de ce dispositif encore assez unique en Am\u00e9rique\u00ab\u00a0\u00a0\u00bb google_fonts=\u00a0\u00bbfont_family:Abel%3Aregular|font_style:400%20regular%3A400%3Anormal\u00a0\u00bb][\/vc_column_inner][vc_column_inner width=\u00a0\u00bb1\/2&Prime;][vc_column_text]Les professeurs soulignent l\u2019efficacit\u00e9 et la profondeur de cette approche de la langue ainsi que l\u2019intensit\u00e9 de la production orale qu\u2019elle implique, un travail tr\u00e8s n\u00e9cessaire dans le contexte bilingue de notre coll\u00e8ge. Les \u00e9l\u00e8ves sont quant \u00e0 eux s\u00e9duits par les manipulations concr\u00e8tes et la posture active inh\u00e9rentes \u00e0 la m\u00e9thode de Maurice Laurent, qui les m\u00e8ne \u00e0 produire des r\u00e9flexions approfondies sur la langue dans la joie et la bonne humeur\u2026<\/p>\n<p>Nous souhaitons longue vie \u00e0 ce projet qui semble bien avoir le vent en poupe ![\/vc_column_text][\/vc_column_inner][\/vc_row_inner][\/vc_column][\/vc_row]<\/p>\n<\/section>","protected":false},"excerpt":{"rendered":"<p>[vc_row][vc_column][vc_custom_heading text=\u00a0\u00bbL\u2019AP 6\u00e8me brandit \u00e0 nouveau les couleurs de la grammaire en couleurs cette ann\u00e9e !\u00a0\u00bb font_container=\u00a0\u00bbtag:h2|text_align:left|color:%231e73be\u00a0\u00bb google_fonts=\u00a0\u00bbfont_family:Actor%3Aregular|font_style:400%20regular%3A400%3Anormal\u00a0\u00bb][vc_column_text]La \u00ab grammaire&nbsp;<a href=\"https:\/\/lafase.cl\/fr\/non-classifiee\/pedagogie-la-grammaire-en-couleurs\/\">&hellip;<\/a><\/p>\n","protected":false},"author":3,"featured_media":18239,"comment_status":"open","ping_status":"open","sticky":false,"template":"","format":"standard","meta":{"om_disable_all_campaigns":false,"_monsterinsights_skip_tracking":false,"_monsterinsights_sitenote_active":false,"_monsterinsights_sitenote_note":"","_monsterinsights_sitenote_category":0},"categories":[39,8],"tags":[89,768,769,213,694],"aioseo_notices":[],"_links":{"self":[{"href":"https:\/\/lafase.cl\/fr\/wp-json\/wp\/v2\/posts\/17986"}],"collection":[{"href":"https:\/\/lafase.cl\/fr\/wp-json\/wp\/v2\/posts"}],"about":[{"href":"https:\/\/lafase.cl\/fr\/wp-json\/wp\/v2\/types\/post"}],"author":[{"embeddable":true,"href":"https:\/\/lafase.cl\/fr\/wp-json\/wp\/v2\/users\/3"}],"replies":[{"embeddable":true,"href":"https:\/\/lafase.cl\/fr\/wp-json\/wp\/v2\/comments?post=17986"}],"version-history":[{"count":1,"href":"https:\/\/lafase.cl\/fr\/wp-json\/wp\/v2\/posts\/17986\/revisions"}],"predecessor-version":[{"id":17988,"href":"https:\/\/lafase.cl\/fr\/wp-json\/wp\/v2\/posts\/17986\/revisions\/17988"}],"wp:featuredmedia":[{"embeddable":true,"href":"https:\/\/lafase.cl\/fr\/wp-json\/wp\/v2\/media\/18239"}],"wp:attachment":[{"href":"https:\/\/lafase.cl\/fr\/wp-json\/wp\/v2\/media?parent=17986"}],"wp:term":[{"taxonomy":"category","embeddable":true,"href":"https:\/\/lafase.cl\/fr\/wp-json\/wp\/v2\/categories?post=17986"},{"taxonomy":"post_tag","embeddable":true,"href":"https:\/\/lafase.cl\/fr\/wp-json\/wp\/v2\/tags?post=17986"}],"curies":[{"name":"wp","href":"https:\/\/api.w.org\/{rel}","templated":true}]}}