{"id":17929,"date":"2020-03-02T09:55:17","date_gmt":"2020-03-02T12:55:17","guid":{"rendered":"http:\/\/lafase.cl\/non-classifiee\/desde-hoy-inscripciones-a-las-ramas-deportivas\/"},"modified":"2020-03-02T10:03:44","modified_gmt":"2020-03-02T13:03:44","slug":"desde-hoy-inscripciones-a-las-ramas-deportivas","status":"publish","type":"post","link":"https:\/\/lafase.cl\/fr\/dernieres-nouvelles-fr\/desde-hoy-inscripciones-a-las-ramas-deportivas\/","title":{"rendered":"Inscripciones a las ramas deportivas"},"content":{"rendered":"<section class=\"wpb-content-wrapper\"><p>[vc_row][vc_column][vc_btn title=\u00a0\u00bbPrograma de deportes Vitacura\u00a0\u00bb style=\u00a0\u00bbflat\u00a0\u00bb shape=\u00a0\u00bbsquare\u00a0\u00bb color=\u00a0\u00bbprimary\u00a0\u00bb i_icon_fontawesome=\u00a0\u00bbfa fa-file-pdf-o\u00a0\u00bb add_icon=\u00a0\u00bbtrue\u00a0\u00bb link=\u00a0\u00bburl:http%3A%2F%2Flafase.cl%2Fwp-content%2Fuploads%2F2020%2F03%2FHORARIOS-RAMAS-DEPORTIVAS-VITACURA-2020.pdf|title:Programa%20de%20deportes%20Vitacura|target:%20_blank|\u00a0\u00bb][vc_btn title=\u00a0\u00bbPrograma de deportes Chamisero\u00a0\u00bb style=\u00a0\u00bbflat\u00a0\u00bb shape=\u00a0\u00bbsquare\u00a0\u00bb color=\u00a0\u00bbprimary\u00a0\u00bb i_icon_fontawesome=\u00a0\u00bbfa fa-file-pdf-o\u00a0\u00bb add_icon=\u00a0\u00bbtrue\u00a0\u00bb link=\u00a0\u00bburl:http%3A%2F%2Flafase.cl%2Fwp-content%2Fuploads%2F2020%2F03%2FRAMAS-DEPORTIVAS-CHAMISERO-2020.pdf|title:Programa%20de%20deportes%20Chamisero|target:%20_blank|\u00a0\u00bb][vc_column_text]<\/p>\n<h3>RAMAS DEPORTIVAS<\/h3>\n<p><strong><u>Objetivos<\/u><\/strong><\/p>\n<ul>\n<li>Ofrecer a todos los alumnos que tengan inter\u00e9s en participar y progresar en actividades deportivas, un medio educativo regular y permanente para su pr\u00e1ctica.<\/li>\n<li>Conceder oportunidades de mayor progreso a ni\u00f1os y j\u00f3venes que tengan aptitudes y que manifiesten un real compromiso, con la finalidad de proyectar el nombre del colegio Alianza Francesa hacia la comunidad.<\/li>\n<li>Capacitar grupos de alumnos en materias relacionadas con: administraci\u00f3n, arbitrajes y organizaci\u00f3n de eventos deportivos; como medio que les permita la oportunidad de ejercer liderazgo en la comunidad escolar y apoyar las acciones y proyectos impulsados por los profesores del Departamento de Educaci\u00f3n F\u00edsica.<\/li>\n<\/ul>\n<p><strong><u>Inscripciones<\/u><\/strong><\/p>\n<ul>\n<li>\n<div><span style=\"font-size: large;\">Las inscripciones se realizar\u00e1n desde el lunes 02 de marzo, m\u00e1s las tardes en horario de 16:30 a 17:00 hrs.<\/span><\/div>\n<div><span style=\"font-size: large;\">Cada alumno interesado en participar de una rama deportiva debe preguntar a cualquier profesor de EPS y solicitar la ficha de inscripci\u00f3n.<\/span><\/div>\n<\/li>\n<li>Durante el a\u00f1o con los profesores responsables de las actividades y dependiendo de los cupos disponibles.<\/li>\n<li>Se dar\u00e1 prioridad a los alumnos antiguos que durante el a\u00f1o precedente hayan asistido de manera regular a los entrenamientos y competencias programadas.<\/li>\n<\/ul>\n<p><strong><u>Requisitos de ingreso<\/u><\/strong><\/p>\n<ul>\n<li>Ser alumno regular del colegio Alianza Francesa<\/li>\n<li>Salud compatible con la pr\u00e1ctica deportiva.<\/li>\n<li>Asistencia regular y sistem\u00e1ticas a clases de educaci\u00f3n f\u00edsica<\/li>\n<li>Disponer de un Seguro Escolar de Accidente.<\/li>\n<li>Estar autorizado por el apoderado a trav\u00e9s de la ficha de Inscripci\u00f3n.<\/li>\n<\/ul>\n<p><strong><u>Norma de ingreso y cobro de la actividad<\/u><\/strong><\/p>\n<ul>\n<li>Se permitir\u00e1 al alumno una sesi\u00f3n de prueba, <strong><u>A PARTIR DE LA SEGUNDA ASISTENCIA QUEDAR\u00c1 INSCRITO Y DEBER\u00c1 PAGAR LA CUOTA SEMESTRAL CORRESPONDIENTE (3,5UF \u2013 4 UF)<\/u><\/strong><\/li>\n<\/ul>\n<ul>\n<li>No obstante, todo retiro debe ser comunicado en forma oportuna y por escrito al profesor responsable de la actividad. Esta comunicaci\u00f3n no exime al apoderado del cobro de la cuota semestral.<\/li>\n<li>Habr\u00e1 dos fechas de pago, la primera cuota\u00a0 en el mes de mayo y la segunda\u00a0 cuota el mes de septiembre<\/li>\n<\/ul>\n<p><strong><u>Compromiso Deportivo<\/u><\/strong><\/p>\n<ul>\n<li>El alumno inscrito \u00a0se compromete asistir a los entrenamientos de manera regular y a las eventuales competencias deportivas a las cuales sea citado<\/li>\n<li>Mantener un rendimiento acad\u00e9mico aceptable que le permita participar regularmente en los entrenamientos y competencias programadas.<\/li>\n<li>Una actitud responsable y positiva acorde a los valores deportivos<\/li>\n<\/ul>\n<p><strong><u>Horarios de Entrenamiento Sede Vitacura<\/u><\/strong><\/p>\n<ul>\n<li>Lunes a viernes<\/li>\n<li>16:30 a 18:00h. Alumnos de CP a 4\u00e8me<\/li>\n<li>18:00 a 19:30h- Alumnos de 3\u00e8me a Terminal<\/li>\n<\/ul>\n<p><strong><u>\u00a0<\/u><\/strong><\/p>\n<p><strong><u>Horarios de Entrenamientos Sede Chamisero<\/u><\/strong><\/p>\n<ul>\n<li>Lunes a Viernes de 16:30 a 18:00h. (Gimnasia art\u00edstica hasta las 18:45 hrs)<\/li>\n<\/ul>\n<p><strong><u>Valores<\/u><\/strong><\/p>\n<p>Atletismo \u2013 B\u00e1dminton \u2013 B\u00e1squetbol \u2013 Escalada &#8211; F\u00fatbol &#8211; V\u00f3leibol<\/p>\n<ul>\n<li>UF 7 anuales. Primera cuota en mayo (3,5 UF), segunda cuota en septiembre (3,5 UF)<\/li>\n<\/ul>\n<p>Gimnasia Art\u00edstica \u2013 Gimnasia R\u00edtmica<\/p>\n<ul>\n<li>UF 8 anuales Primera cuota en mayo (4UF), segunda cuota en septiembre (4 UF)<\/li>\n<\/ul>\n<p><strong><u>Sesiones de Entrenamiento<\/u><\/strong><\/p>\n<ul>\n<li>S\u00f3lo alumnos (as) con ficha de inscripci\u00f3n firmada por el apoderado pueden participar en los entrenamientos.<\/li>\n<li>El m\u00ednimo de sesiones apropiadas para el cumplimiento de los logros es de 2 veces semanales, no obstante en algunas disciplinas deportivas y seg\u00fan sea el caso se permitir\u00e1 un incremento o una disminuci\u00f3n de esta norma.<\/li>\n<li>La ausencia a los entrenamientos deber\u00e1 ser justificada por el apoderado a trav\u00e9s de Pronote.<\/li>\n<li>En caso de ausencias reiteradas y sin justificativo se podr\u00e1 caducar la inscripci\u00f3n del alumno<\/li>\n<li>El alumno deber\u00e1 presentarse a los entrenamientos con ropa deportiva adecuada, completa y limpia (zapatilla, short o buzo y polera deportiva)<\/li>\n<\/ul>\n<p><strong><u>Competencias Deportivas<\/u><\/strong><\/p>\n<ul>\n<li>Se desarrollar\u00e1n de preferencia los d\u00edas s\u00e1bado y\/o fines de semana, pero en algunos deportes se competir\u00e1 durante la semana, en horario avisados a los apoderados al menos con 72 horas de anticipaci\u00f3n , para lo cual el apoderado deber\u00e1 autorizar a su hijo (a) en la circular informativa correspondiente.<\/li>\n<li>Cuando las competencias est\u00e1n programadas en horarios de clases la Direcci\u00f3n del establecimiento podr\u00e1 autorizar o no la participaci\u00f3n de los alumnos, pero es el apoderado que en primera instancia autoriza a su hijo (a) a competir en estos horarios.<\/li>\n<li>Cuando la competencia se desarrolla fuera del colegio, en la circular informativa se especifica si el transporte tanto de ida y regreso estar\u00e1 a cargo del colegio o a cargo del apoderado.<\/li>\n<li>El uniforme oficial de selecci\u00f3n (camiseta, short) s\u00f3lo debe usarse el d\u00eda y en el horario correspondiente a la competencia deportiva, no debe utilizarse y no est\u00e1 permitido su uso en clases de educaci\u00f3n f\u00edsica, liga u otra actividad deportiva al interior del establecimiento.<\/li>\n<\/ul>\n<p><strong><u>Eximidos de educaci\u00f3n f\u00edsica<\/u><\/strong><\/p>\n<ul>\n<li>Los (as) alumnos (as) eximidos en educaci\u00f3n f\u00edsica no pueden ni deben participar en los entrenamientos ni competencias deportivas.<\/li>\n<\/ul>\n<p><strong><u>Cambio de Actividad Deportiva<\/u><\/strong><\/p>\n<ul>\n<li>No se permitir\u00e1 cambiar de actividad deportiva en el curso del semestre, el alumno deber\u00e1 permanecer en la actividad de origen y podr\u00e1 cambiar de actividad al t\u00e9rmino del semestre, siempre y cuando exista cupo disponible en la nueva actividad. (Debe informar al profesor de la primera actividad que realiza).<\/li>\n<\/ul>\n<p><strong><u>D\u00edas de lluvia y\/o contaminaci\u00f3n ambiental<\/u><\/strong><\/p>\n<ul>\n<li>Las actividades no se suspenden, se adec\u00faan y se orientan hacia la formaci\u00f3n de jueces y \u00e1rbitros, seg\u00fan disciplina deportiva.<\/li>\n<\/ul>\n<p>[\/vc_column_text][vc_column_text]<strong>COORDINADORES DEPORTIVOS VITACURA <\/strong><\/p>\n<p>Mar\u00eda Eugenia Oller (DEPORTES INDIVIDUALES) <a href=\"mailto:maria.oller@lafase.cl\"><strong>maria.oller<\/strong><strong>@<\/strong><strong>lafase.cl<\/strong><\/a> y CLAUDIO RODRIGUEZ <a href=\"mailto:claudio.rodriguez@lafase.cl\"><strong>claudio.rodriguez<\/strong><strong>@<\/strong><strong>lafase.cl<\/strong><\/a>(DEPORTES COLECTIVOS)<\/p>\n<p>&nbsp;<\/p>\n<p><strong>COORDINADOR DEPORTIVO CHAMISERO<\/strong><\/p>\n<p>Gonzalo Saavedra saavedra<a href=\"mailto:%20gonzalo.saavedra@lafase.cl\"><strong> gonzalo.saavedra<\/strong><strong>@<\/strong><strong>lafase.cl<\/strong><\/a>[\/vc_column_text][\/vc_column][\/vc_row]<\/p>\n<\/section>","protected":false},"excerpt":{"rendered":"<p>[vc_row][vc_column][vc_btn title=\u00a0\u00bbPrograma de deportes Vitacura\u00a0\u00bb style=\u00a0\u00bbflat\u00a0\u00bb shape=\u00a0\u00bbsquare\u00a0\u00bb color=\u00a0\u00bbprimary\u00a0\u00bb i_icon_fontawesome=\u00a0\u00bbfa fa-file-pdf-o\u00a0\u00bb add_icon=\u00a0\u00bbtrue\u00a0\u00bb link=\u00a0\u00bburl:http%3A%2F%2Flafase.cl%2Fwp-content%2Fuploads%2F2020%2F03%2FHORARIOS-RAMAS-DEPORTIVAS-VITACURA-2020.pdf|title:Programa%20de%20deportes%20Vitacura|target:%20_blank|\u00a0\u00bb][vc_btn title=\u00a0\u00bbPrograma de deportes Chamisero\u00a0\u00bb style=\u00a0\u00bbflat\u00a0\u00bb shape=\u00a0\u00bbsquare\u00a0\u00bb color=\u00a0\u00bbprimary\u00a0\u00bb i_icon_fontawesome=\u00a0\u00bbfa&nbsp;<a href=\"https:\/\/lafase.cl\/fr\/dernieres-nouvelles-fr\/desde-hoy-inscripciones-a-las-ramas-deportivas\/\">&hellip;<\/a><\/p>\n","protected":false},"author":3,"featured_media":17922,"comment_status":"open","ping_status":"open","sticky":false,"template":"","format":"standard","meta":{"om_disable_all_campaigns":false,"_monsterinsights_skip_tracking":false,"_monsterinsights_sitenote_active":false,"_monsterinsights_sitenote_note":"","_monsterinsights_sitenote_category":0},"categories":[293,39],"tags":[],"aioseo_notices":[],"_links":{"self":[{"href":"https:\/\/lafase.cl\/fr\/wp-json\/wp\/v2\/posts\/17929"}],"collection":[{"href":"https:\/\/lafase.cl\/fr\/wp-json\/wp\/v2\/posts"}],"about":[{"href":"https:\/\/lafase.cl\/fr\/wp-json\/wp\/v2\/types\/post"}],"author":[{"embeddable":true,"href":"https:\/\/lafase.cl\/fr\/wp-json\/wp\/v2\/users\/3"}],"replies":[{"embeddable":true,"href":"https:\/\/lafase.cl\/fr\/wp-json\/wp\/v2\/comments?post=17929"}],"version-history":[{"count":3,"href":"https:\/\/lafase.cl\/fr\/wp-json\/wp\/v2\/posts\/17929\/revisions"}],"predecessor-version":[{"id":17934,"href":"https:\/\/lafase.cl\/fr\/wp-json\/wp\/v2\/posts\/17929\/revisions\/17934"}],"wp:featuredmedia":[{"embeddable":true,"href":"https:\/\/lafase.cl\/fr\/wp-json\/wp\/v2\/media\/17922"}],"wp:attachment":[{"href":"https:\/\/lafase.cl\/fr\/wp-json\/wp\/v2\/media?parent=17929"}],"wp:term":[{"taxonomy":"category","embeddable":true,"href":"https:\/\/lafase.cl\/fr\/wp-json\/wp\/v2\/categories?post=17929"},{"taxonomy":"post_tag","embeddable":true,"href":"https:\/\/lafase.cl\/fr\/wp-json\/wp\/v2\/tags?post=17929"}],"curies":[{"name":"wp","href":"https:\/\/api.w.org\/{rel}","templated":true}]}}