{"id":17653,"date":"2020-02-21T15:19:03","date_gmt":"2020-02-21T18:19:03","guid":{"rendered":"http:\/\/lafase.cl\/?p=17653"},"modified":"2020-02-26T09:41:57","modified_gmt":"2020-02-26T12:41:57","slug":"17653","status":"publish","type":"post","link":"https:\/\/lafase.cl\/fr\/non-classifiee\/17653\/","title":{"rendered":"Rentr\u00e9e des classes 2020"},"content":{"rendered":"<section class=\"wpb-content-wrapper\"><p>[vc_row][vc_column][vc_column_text]Chers parents,<\/p>\n<p>Le Lyc\u00e9e Antoine de Saint-Exup\u00e9ry aura le plaisir de vous retrouver et d&rsquo;accueillir vos enfants pour cette rentr\u00e9e scolaire 2020 selon le programme suivant :<\/p>\n<p><span style=\"text-decoration: underline;\"><strong>Maternelle Vitacura et Chamisero<\/strong><\/span>:<\/p>\n<p>Jeudi 27 f\u00e9vrier 2020, 08h30 :\u00a0MS &#8211; GS<\/p>\n<p>Les \u00e9l\u00e8ves de Petite\u00a0Section\u00a0(PS) seront accueillis en douceur\u00a0avec\u00a0des horaires particuliers communiqu\u00e9s par le\u00a0secr\u00e9tariat de maternelle.<\/p>\n<p>&nbsp;<\/p>\n<p><strong><span style=\"text-decoration: underline;\"> El\u00e9mentaire Vitacura et Chamisero<\/span> :<\/strong><\/p>\n<p>Jeudi 27 f\u00e9vrier 2020, de 08h30 \u00e0 13h30 : CE1 &#8211; CE2 &#8211; CM1- CM2<\/p>\n<p>Jeudi 27 f\u00e9vrier 2020, de 14h30 \u00e0 16h : CP<\/p>\n<p>Vendredi 28 f\u00e9vrier : tous les \u00e9l\u00e8ves entrent \u00e0 08h30 et finissent \u00e0 12h30.<\/p>\n<p>&nbsp;<\/p>\n<p><span style=\"text-decoration: underline;\"><strong>Secondaire Vitacura et<\/strong><strong> Chamis<\/strong><strong>ero<\/strong><\/span><strong> :\u00a0<\/strong><\/p>\n<pre><img decoding=\"async\" loading=\"lazy\" src=\"https:\/\/mcusercontent.com\/c0ea0ee8c6ca53b58188f90f8\/images\/796169b7-021f-4cb5-a852-cceac486559f.png\" width=\"600\" height=\"455\" data-file-id=\"1148449\" \/>\r\n<\/pre>\n<p>[\/vc_column_text][vc_message message_box_color=\u00a0\u00bbwarning\u00a0\u00bb]* Les \u00e9l\u00e8ves de 6\u00e8me et de 1\u00e8re devront \u00eatre accompagn\u00e9s de leur(s) parent(s).<\/p>\n<p><a href=\"https:\/\/mailchi.mp\/70388bdad05c\/rentre-en-6me-2020-vuelta-a-clases-6bsico-2020\"><strong>6\u00e8me : plus d&rsquo;info ici<\/strong><\/a><\/p>\n<p><strong><a href=\"https:\/\/mailchi.mp\/487da26c3622\/rentre-1re-2020-regreso-a-clases-3medios-2020\">1\u00e8re : plus d&rsquo;info ici<\/a><\/strong>[\/vc_message][\/vc_column][\/vc_row][vc_row][vc_column][vc_column_text]<strong>A partir de lundi 2 mars les cours du secondaire reprendront selon l&#8217;emploi du temps de la classe.<\/strong><\/p>\n<p>Toutes nos \u00e9quipes sont mobilis\u00e9es pour fournir le meilleur accueil des \u00e9l\u00e8ves.<br \/>\nNous vous souhaitons une excellente rentr\u00e9e \u00e0 tous.<\/p>\n<p>Bien cordialement,<\/p>\n<p style=\"text-align: center;\">L&rsquo;\u00e9quipe de Direction<\/p>\n<pre><\/pre>\n<p>[\/vc_column_text][\/vc_column][\/vc_row]<\/p>\n<\/section>","protected":false},"excerpt":{"rendered":"<p>[vc_row][vc_column][vc_column_text]Chers parents, Le Lyc\u00e9e Antoine de Saint-Exup\u00e9ry aura le plaisir de vous retrouver et d&rsquo;accueillir vos enfants pour cette rentr\u00e9e&nbsp;<a href=\"https:\/\/lafase.cl\/fr\/non-classifiee\/17653\/\">&hellip;<\/a><\/p>\n","protected":false},"author":3,"featured_media":17657,"comment_status":"open","ping_status":"open","sticky":false,"template":"","format":"standard","meta":{"om_disable_all_campaigns":false,"_monsterinsights_skip_tracking":false,"_monsterinsights_sitenote_active":false,"_monsterinsights_sitenote_note":"","_monsterinsights_sitenote_category":0},"categories":[39,8],"tags":[649,728,729],"aioseo_notices":[],"_links":{"self":[{"href":"https:\/\/lafase.cl\/fr\/wp-json\/wp\/v2\/posts\/17653"}],"collection":[{"href":"https:\/\/lafase.cl\/fr\/wp-json\/wp\/v2\/posts"}],"about":[{"href":"https:\/\/lafase.cl\/fr\/wp-json\/wp\/v2\/types\/post"}],"author":[{"embeddable":true,"href":"https:\/\/lafase.cl\/fr\/wp-json\/wp\/v2\/users\/3"}],"replies":[{"embeddable":true,"href":"https:\/\/lafase.cl\/fr\/wp-json\/wp\/v2\/comments?post=17653"}],"version-history":[{"count":6,"href":"https:\/\/lafase.cl\/fr\/wp-json\/wp\/v2\/posts\/17653\/revisions"}],"predecessor-version":[{"id":17774,"href":"https:\/\/lafase.cl\/fr\/wp-json\/wp\/v2\/posts\/17653\/revisions\/17774"}],"wp:featuredmedia":[{"embeddable":true,"href":"https:\/\/lafase.cl\/fr\/wp-json\/wp\/v2\/media\/17657"}],"wp:attachment":[{"href":"https:\/\/lafase.cl\/fr\/wp-json\/wp\/v2\/media?parent=17653"}],"wp:term":[{"taxonomy":"category","embeddable":true,"href":"https:\/\/lafase.cl\/fr\/wp-json\/wp\/v2\/categories?post=17653"},{"taxonomy":"post_tag","embeddable":true,"href":"https:\/\/lafase.cl\/fr\/wp-json\/wp\/v2\/tags?post=17653"}],"curies":[{"name":"wp","href":"https:\/\/api.w.org\/{rel}","templated":true}]}}