{"id":16881,"date":"2020-02-12T10:05:35","date_gmt":"2020-02-12T13:05:35","guid":{"rendered":"http:\/\/lafase.cl\/non-classifiee\/basica-vitacura-tardes-de-clases-por-nivel-en-2020\/"},"modified":"2020-02-12T11:47:58","modified_gmt":"2020-02-12T14:47:58","slug":"basica-vitacura-tardes-de-clases-por-nivel-en-2020","status":"publish","type":"post","link":"https:\/\/lafase.cl\/fr\/dernieres-nouvelles-fr\/basica-vitacura-tardes-de-clases-por-nivel-en-2020\/","title":{"rendered":"B\u00e1sica Vitacura y Chamisero: tardes de clases por nivel en 2020"},"content":{"rendered":"<section class=\"wpb-content-wrapper\"><p>[vc_row][vc_column][vc_custom_heading text=\u00a0\u00bbEn 2020 les \u00e9l\u00e8ves de l\u2019\u00e9l\u00e9mentaire de Vitacura auront classes les apr\u00e8s-midi suivantes (par niveau) :\u00a0\u00bb google_fonts=\u00a0\u00bbfont_family:Sanchez%3Aregular%2Citalic|font_style:400%20regular%3A400%3Anormal\u00a0\u00bb][\/vc_column][\/vc_row][vc_row][vc_column width=\u00a0\u00bb1\/2&Prime;][vc_custom_heading text=\u00a0\u00bbVitacura\u00a0\u00bb font_container=\u00a0\u00bbtag:h3|text_align:left\u00a0\u00bb google_fonts=\u00a0\u00bbfont_family:Sanchez%3Aregular%2Citalic|font_style:400%20regular%3A400%3Anormal\u00a0\u00bb][vc_column_text]<u>Cours jusqu&rsquo;\u00e0 16h<\/u>\u00a0:<\/p>\n<p>CP : lundi<\/p>\n<p>CE1 : mardi<\/p>\n<p>CE2 : mardi et mercredi<\/p>\n<p>CM1 : lundi et mercredi<\/p>\n<p>CM2 : mardi et mercredi[\/vc_column_text][\/vc_column][vc_column width=\u00a0\u00bb1\/2&Prime;][vc_custom_heading text=\u00a0\u00bbChamisero\u00a0\u00bb font_container=\u00a0\u00bbtag:h3|text_align:left\u00a0\u00bb google_fonts=\u00a0\u00bbfont_family:Sanchez%3Aregular%2Citalic|font_style:400%20regular%3A400%3Anormal\u00a0\u00bb][vc_column_text]<u>Cours jusqu&rsquo;\u00e0 16h<\/u>\u00a0:<\/p>\n<p>CP\u00a0: lundi<\/p>\n<p>CE1\u00a0: mardi<\/p>\n<p>CP\/CE1 (double niveau)\u00a0: mardi<\/p>\n<p>CE2\u00a0: lundi et jeudi<\/p>\n<p>CM1\u00a0: mardi et jeudi<\/p>\n<p>CM2\u00a0: lundi et jeudi[\/vc_column_text][\/vc_column][\/vc_row]<\/p>\n<\/section>","protected":false},"excerpt":{"rendered":"<p>[vc_row][vc_column][vc_custom_heading text=\u00a0\u00bbEn 2020 les \u00e9l\u00e8ves de l\u2019\u00e9l\u00e9mentaire de Vitacura auront classes les apr\u00e8s-midi suivantes (par niveau) :\u00a0\u00bb google_fonts=\u00a0\u00bbfont_family:Sanchez%3Aregular%2Citalic|font_style:400%20regular%3A400%3Anormal\u00a0\u00bb][\/vc_column][\/vc_row][vc_row][vc_column width=\u00a0\u00bb1\/2&Prime;][vc_custom_heading text=\u00a0\u00bbVitacura\u00a0\u00bb&nbsp;<a href=\"https:\/\/lafase.cl\/fr\/dernieres-nouvelles-fr\/basica-vitacura-tardes-de-clases-por-nivel-en-2020\/\">&hellip;<\/a><\/p>\n","protected":false},"author":3,"featured_media":17359,"comment_status":"open","ping_status":"open","sticky":false,"template":"","format":"standard","meta":{"om_disable_all_campaigns":false,"_monsterinsights_skip_tracking":false,"_monsterinsights_sitenote_active":false,"_monsterinsights_sitenote_note":"","_monsterinsights_sitenote_category":0},"categories":[294,39],"tags":[412,429,344,724],"aioseo_notices":[],"_links":{"self":[{"href":"https:\/\/lafase.cl\/fr\/wp-json\/wp\/v2\/posts\/16881"}],"collection":[{"href":"https:\/\/lafase.cl\/fr\/wp-json\/wp\/v2\/posts"}],"about":[{"href":"https:\/\/lafase.cl\/fr\/wp-json\/wp\/v2\/types\/post"}],"author":[{"embeddable":true,"href":"https:\/\/lafase.cl\/fr\/wp-json\/wp\/v2\/users\/3"}],"replies":[{"embeddable":true,"href":"https:\/\/lafase.cl\/fr\/wp-json\/wp\/v2\/comments?post=16881"}],"version-history":[{"count":9,"href":"https:\/\/lafase.cl\/fr\/wp-json\/wp\/v2\/posts\/16881\/revisions"}],"predecessor-version":[{"id":17366,"href":"https:\/\/lafase.cl\/fr\/wp-json\/wp\/v2\/posts\/16881\/revisions\/17366"}],"wp:featuredmedia":[{"embeddable":true,"href":"https:\/\/lafase.cl\/fr\/wp-json\/wp\/v2\/media\/17359"}],"wp:attachment":[{"href":"https:\/\/lafase.cl\/fr\/wp-json\/wp\/v2\/media?parent=16881"}],"wp:term":[{"taxonomy":"category","embeddable":true,"href":"https:\/\/lafase.cl\/fr\/wp-json\/wp\/v2\/categories?post=16881"},{"taxonomy":"post_tag","embeddable":true,"href":"https:\/\/lafase.cl\/fr\/wp-json\/wp\/v2\/tags?post=16881"}],"curies":[{"name":"wp","href":"https:\/\/api.w.org\/{rel}","templated":true}]}}