{"id":14915,"date":"2019-11-26T09:33:14","date_gmt":"2019-11-26T12:33:14","guid":{"rendered":"http:\/\/lafase.cl\/?p=14915"},"modified":"2019-11-26T09:36:30","modified_gmt":"2019-11-26T12:36:30","slug":"artes-concurso-co-art-2019-exposicion-al-aire-libre-en-chicureo","status":"publish","type":"post","link":"https:\/\/lafase.cl\/fr\/non-classifiee\/artes-concurso-co-art-2019-exposicion-al-aire-libre-en-chicureo\/","title":{"rendered":"Arts: concours Co.Art 2019 &#8211; exposition \u00e0 l&rsquo;air libre \u00e0 Chicureo"},"content":{"rendered":"<section class=\"wpb-content-wrapper\"><p>[vc_row][vc_column][vc_custom_heading text=\u00a0\u00bbUn concurso para connotados artistas nacionales y ni\u00f1os de la comuna\u00a0\u00bb google_fonts=\u00a0\u00bbfont_family:Chewy%3Aregular|font_style:400%20regular%3A400%3Anormal\u00a0\u00bb][vc_column_text]<\/p>\n<div class=\"gmail_default\">Des \u00e9l\u00e8ves de 6\u00e8me\u00a0\u00e0 4\u00e8me\u00a0ont repr\u00e9sent\u00e9 notre \u00e9cole de Chamisero samedi dernier en participant au concours <strong>Co.Art<\/strong><span class=\"css-901oao css-16my406 r-1qd0xha r-ad9z0x r-bcqeeo r-qvutc0\"><strong> 2019<\/strong>, \u00e9v\u00e8nement artistique\u00a0<\/span>organis\u00e9 par Puerta de Chicureo, Corporaci\u00f3n arte y cultural de la municipalit\u00e9 de Colina et Apech (asociaci\u00f3n de artistas Chilenos):<\/div>\n<div>Etaient pr\u00e9sents:<\/div>\n<div><\/div>\n<div class=\"gmail_default\">6F : Maximiliano Miranda<\/div>\n<div class=\"gmail_default\">6G : Aluna Lebrun<\/div>\n<div class=\"gmail_default\">6H : Agustina Nu\u00f1ez<\/div>\n<div class=\"gmail_default\">5G : Vicente Fernandez<\/div>\n<div class=\"gmail_default\">5H : J\u00e9r\u00f4me Labarthe<\/div>\n<div class=\"gmail_default\">4G : Emma Karich<\/div>\n<div class=\"gmail_default\"><\/div>\n<div><\/div>\n<div class=\"gmail_default\">L&rsquo;objectif de cette rencontre \u00e0 l&rsquo;air libre \u00e9tait de cr\u00e9er un paysage in-situ (r\u00e9el ou imaginaire) en technique libre. Les \u00e9l\u00e8ves ont profit\u00e9 des conseils d&rsquo;artistes Chiliens et d&rsquo;une belle journ\u00e9e ensoleill\u00e9e. Nos f\u00e9licitations aux participants et un clin d&rsquo;oeil sp\u00e9cial pour Maximiliano Miranda, remportant une 2\u00e8me place au concours auquel ont particip\u00e9 plusieurs \u00e9tablissements du secteur (dunalastair, Anselmo,etc&#8230;).<\/div>\n<p>[\/vc_column_text][vc_gallery type=\u00a0\u00bbnivo\u00a0\u00bb interval=\u00a0\u00bb3&Prime; images=\u00a0\u00bb14886,14888,14890,14892,14894,14896,14898,14900,14902,14904,14906,14908,14910&Prime; img_size=\u00a0\u00bblarge\u00a0\u00bb][\/vc_column][\/vc_row][vc_row][vc_column][\/vc_column][\/vc_row]<\/p>\n<\/section>","protected":false},"excerpt":{"rendered":"<p>[vc_row][vc_column][vc_custom_heading text=\u00a0\u00bbUn concurso para connotados artistas nacionales y ni\u00f1os de la comuna\u00a0\u00bb google_fonts=\u00a0\u00bbfont_family:Chewy%3Aregular|font_style:400%20regular%3A400%3Anormal\u00a0\u00bb][vc_column_text] Des \u00e9l\u00e8ves de 6\u00e8me\u00a0\u00e0 4\u00e8me\u00a0ont repr\u00e9sent\u00e9 notre&nbsp;<a href=\"https:\/\/lafase.cl\/fr\/non-classifiee\/artes-concurso-co-art-2019-exposicion-al-aire-libre-en-chicureo\/\">&hellip;<\/a><\/p>\n","protected":false},"author":3,"featured_media":14885,"comment_status":"open","ping_status":"open","sticky":false,"template":"","format":"standard","meta":{"om_disable_all_campaigns":false,"_monsterinsights_skip_tracking":false,"_monsterinsights_sitenote_active":false,"_monsterinsights_sitenote_note":"","_monsterinsights_sitenote_category":0},"categories":[396,422,39,8],"tags":[662,663,55,132],"aioseo_notices":[],"_links":{"self":[{"href":"https:\/\/lafase.cl\/fr\/wp-json\/wp\/v2\/posts\/14915"}],"collection":[{"href":"https:\/\/lafase.cl\/fr\/wp-json\/wp\/v2\/posts"}],"about":[{"href":"https:\/\/lafase.cl\/fr\/wp-json\/wp\/v2\/types\/post"}],"author":[{"embeddable":true,"href":"https:\/\/lafase.cl\/fr\/wp-json\/wp\/v2\/users\/3"}],"replies":[{"embeddable":true,"href":"https:\/\/lafase.cl\/fr\/wp-json\/wp\/v2\/comments?post=14915"}],"version-history":[{"count":4,"href":"https:\/\/lafase.cl\/fr\/wp-json\/wp\/v2\/posts\/14915\/revisions"}],"predecessor-version":[{"id":14921,"href":"https:\/\/lafase.cl\/fr\/wp-json\/wp\/v2\/posts\/14915\/revisions\/14921"}],"wp:featuredmedia":[{"embeddable":true,"href":"https:\/\/lafase.cl\/fr\/wp-json\/wp\/v2\/media\/14885"}],"wp:attachment":[{"href":"https:\/\/lafase.cl\/fr\/wp-json\/wp\/v2\/media?parent=14915"}],"wp:term":[{"taxonomy":"category","embeddable":true,"href":"https:\/\/lafase.cl\/fr\/wp-json\/wp\/v2\/categories?post=14915"},{"taxonomy":"post_tag","embeddable":true,"href":"https:\/\/lafase.cl\/fr\/wp-json\/wp\/v2\/tags?post=14915"}],"curies":[{"name":"wp","href":"https:\/\/api.w.org\/{rel}","templated":true}]}}