{"id":14011,"date":"2019-10-15T10:31:56","date_gmt":"2019-10-15T13:31:56","guid":{"rendered":"http:\/\/lafase.cl\/?p=14011"},"modified":"2019-10-15T10:31:56","modified_gmt":"2019-10-15T13:31:56","slug":"literatura-hijo-de-ladron-o-la-ruta-de-aniceto-hevia","status":"publish","type":"post","link":"https:\/\/lafase.cl\/fr\/non-classifiee\/literatura-hijo-de-ladron-o-la-ruta-de-aniceto-hevia\/","title":{"rendered":"Literatura: Hijo de ladr\u00f3n o la ruta de Aniceto Hevia"},"content":{"rendered":"<section class=\"wpb-content-wrapper\"><p>[vc_row][vc_column width=\u00a0\u00bb1\/2&Prime;][vc_column_text]<strong>\u00ab\u00a0En el marco de la lectura de la novela <i>Hijo de ladr\u00f3n<\/i> de Manuel Rojas, los estudiantes de 1ES3 realizaron<span lang=\"ES\">\u00a0la ruta del protagonista desde la c\u00e1rcel de Valpara\u00edso, actual Parque Cultural de Valpara\u00edso (PCdV) hasta la Caleta el Membrillo. Esto para contextualizar el momento de producci\u00f3n de la novela y hacer un recorrido vivencial por los espacios que recorre el protagonista\u00a0\u00bb.\u00a0<\/span><\/strong>[\/vc_column_text][\/vc_column][vc_column width=\u00a0\u00bb1\/2&Prime;][vc_gallery interval=\u00a0\u00bb3&Prime; images=\u00a0\u00bb13993,13995,13997,13999,14001,14003,14005,14007,14009&Prime; img_size=\u00a0\u00bbfull\u00a0\u00bb][\/vc_column][\/vc_row]<\/p>\n<\/section>","protected":false},"excerpt":{"rendered":"<p>[vc_row][vc_column width=\u00a0\u00bb1\/2&Prime;][vc_column_text]\u00ab\u00a0En el marco de la lectura de la novela Hijo de ladr\u00f3n de Manuel Rojas, los estudiantes de 1ES3&nbsp;<a href=\"https:\/\/lafase.cl\/fr\/non-classifiee\/literatura-hijo-de-ladron-o-la-ruta-de-aniceto-hevia\/\">&hellip;<\/a><\/p>\n","protected":false},"author":3,"featured_media":14008,"comment_status":"open","ping_status":"open","sticky":false,"template":"","format":"standard","meta":{"om_disable_all_campaigns":false,"_monsterinsights_skip_tracking":false,"_monsterinsights_sitenote_active":false,"_monsterinsights_sitenote_note":"","_monsterinsights_sitenote_category":0},"categories":[39,598,8,599,150,468,399],"tags":[600,386,601,602],"aioseo_notices":[],"_links":{"self":[{"href":"https:\/\/lafase.cl\/fr\/wp-json\/wp\/v2\/posts\/14011"}],"collection":[{"href":"https:\/\/lafase.cl\/fr\/wp-json\/wp\/v2\/posts"}],"about":[{"href":"https:\/\/lafase.cl\/fr\/wp-json\/wp\/v2\/types\/post"}],"author":[{"embeddable":true,"href":"https:\/\/lafase.cl\/fr\/wp-json\/wp\/v2\/users\/3"}],"replies":[{"embeddable":true,"href":"https:\/\/lafase.cl\/fr\/wp-json\/wp\/v2\/comments?post=14011"}],"version-history":[{"count":2,"href":"https:\/\/lafase.cl\/fr\/wp-json\/wp\/v2\/posts\/14011\/revisions"}],"predecessor-version":[{"id":14015,"href":"https:\/\/lafase.cl\/fr\/wp-json\/wp\/v2\/posts\/14011\/revisions\/14015"}],"wp:featuredmedia":[{"embeddable":true,"href":"https:\/\/lafase.cl\/fr\/wp-json\/wp\/v2\/media\/14008"}],"wp:attachment":[{"href":"https:\/\/lafase.cl\/fr\/wp-json\/wp\/v2\/media?parent=14011"}],"wp:term":[{"taxonomy":"category","embeddable":true,"href":"https:\/\/lafase.cl\/fr\/wp-json\/wp\/v2\/categories?post=14011"},{"taxonomy":"post_tag","embeddable":true,"href":"https:\/\/lafase.cl\/fr\/wp-json\/wp\/v2\/tags?post=14011"}],"curies":[{"name":"wp","href":"https:\/\/api.w.org\/{rel}","templated":true}]}}