{"id":11190,"date":"2019-08-06T16:57:50","date_gmt":"2019-08-06T20:57:50","guid":{"rendered":"http:\/\/lafase.cl\/?p=11190"},"modified":"2019-08-07T08:31:57","modified_gmt":"2019-08-07T12:31:57","slug":"maternelle-celebration-du-14-juillet","status":"publish","type":"post","link":"https:\/\/lafase.cl\/fr\/dernieres-nouvelles-fr\/maternelle-celebration-du-14-juillet\/","title":{"rendered":"Maternelle: c\u00e9l\u00e9bration du 14 Juillet"},"content":{"rendered":"<section class=\"wpb-content-wrapper\"><p>[vc_row][vc_column][vc_column_text]Les \u00e9l\u00e8ves de maternelle des sites de Vitacura et Chamisero ont particip\u00e9 \u00e0 la c\u00e9l\u00e9bration du 14 Juillet, jour de la f\u00eate nationale fran\u00e7aise. Retour sur ces festivit\u00e9s en photos.[\/vc_column_text][\/vc_column][\/vc_row][vc_row][vc_column width=\u00a0\u00bb1\/2&Prime;][vc_column_text]Ici, les photos de la c\u00e9l\u00e9bration \u00e0 Vitacura.[\/vc_column_text][\/vc_column][vc_column width=\u00a0\u00bb1\/2&Prime;][vc_column_text]Ici, les photos de la c\u00e9l\u00e9bration \u00e0 Chamisero.[\/vc_column_text][\/vc_column][\/vc_row][vc_row][vc_column width=\u00a0\u00bb1\/2&Prime;][vc_gallery interval=\u00a0\u00bb3&Prime; images=\u00a0\u00bb11143,11145,11147,11149,11151,11153,11155,11157,11159&Prime; img_size=\u00a0\u00bbmedium\u00a0\u00bb][\/vc_column][vc_column width=\u00a0\u00bb1\/2&Prime;][vc_gallery interval=\u00a0\u00bb3&Prime; images=\u00a0\u00bb11161,11163,11165,11167,11169,11171,11173,11175,11177,11179,11181,11183,11185,11187&Prime; img_size=\u00a0\u00bbmedium\u00a0\u00bb][\/vc_column][\/vc_row]<\/p>\n<div style=\"padding: 56.25% 0 0 0; position: relative;\"><\/div>\n<\/section>","protected":false},"excerpt":{"rendered":"<p>[vc_row][vc_column][vc_column_text]Les \u00e9l\u00e8ves de maternelle des sites de Vitacura et Chamisero ont particip\u00e9 \u00e0 la c\u00e9l\u00e9bration du 14 Juillet, jour de&nbsp;<a href=\"https:\/\/lafase.cl\/fr\/dernieres-nouvelles-fr\/maternelle-celebration-du-14-juillet\/\">&hellip;<\/a><\/p>\n","protected":false},"author":8,"featured_media":11192,"comment_status":"closed","ping_status":"closed","sticky":false,"template":"","format":"standard","meta":{"om_disable_all_campaigns":false,"_monsterinsights_skip_tracking":false,"_monsterinsights_sitenote_active":false,"_monsterinsights_sitenote_note":"","_monsterinsights_sitenote_category":0},"categories":[39],"tags":[],"aioseo_notices":[],"_links":{"self":[{"href":"https:\/\/lafase.cl\/fr\/wp-json\/wp\/v2\/posts\/11190"}],"collection":[{"href":"https:\/\/lafase.cl\/fr\/wp-json\/wp\/v2\/posts"}],"about":[{"href":"https:\/\/lafase.cl\/fr\/wp-json\/wp\/v2\/types\/post"}],"author":[{"embeddable":true,"href":"https:\/\/lafase.cl\/fr\/wp-json\/wp\/v2\/users\/8"}],"replies":[{"embeddable":true,"href":"https:\/\/lafase.cl\/fr\/wp-json\/wp\/v2\/comments?post=11190"}],"version-history":[{"count":5,"href":"https:\/\/lafase.cl\/fr\/wp-json\/wp\/v2\/posts\/11190\/revisions"}],"predecessor-version":[{"id":11205,"href":"https:\/\/lafase.cl\/fr\/wp-json\/wp\/v2\/posts\/11190\/revisions\/11205"}],"wp:featuredmedia":[{"embeddable":true,"href":"https:\/\/lafase.cl\/fr\/wp-json\/wp\/v2\/media\/11192"}],"wp:attachment":[{"href":"https:\/\/lafase.cl\/fr\/wp-json\/wp\/v2\/media?parent=11190"}],"wp:term":[{"taxonomy":"category","embeddable":true,"href":"https:\/\/lafase.cl\/fr\/wp-json\/wp\/v2\/categories?post=11190"},{"taxonomy":"post_tag","embeddable":true,"href":"https:\/\/lafase.cl\/fr\/wp-json\/wp\/v2\/tags?post=11190"}],"curies":[{"name":"wp","href":"https:\/\/api.w.org\/{rel}","templated":true}]}}