{"id":10871,"date":"2019-07-12T14:06:38","date_gmt":"2019-07-12T18:06:38","guid":{"rendered":"http:\/\/lafase.cl\/?p=10871"},"modified":"2019-08-06T16:32:37","modified_gmt":"2019-08-06T20:32:37","slug":"culture-la-semaine-des-langues","status":"publish","type":"post","link":"https:\/\/lafase.cl\/fr\/non-classifiee\/culture-la-semaine-des-langues\/","title":{"rendered":"Culture : la semaine des langues"},"content":{"rendered":"<section class=\"wpb-content-wrapper\"><p>[vc_row][vc_column][vc_column_text]<\/p>\n<p style=\"text-align: justify;\">La semaine des langues 2019 vient tout juste de s\u2019achever. Mais concr\u00e8tement, qu\u2019est-ce que les \u00e9l\u00e8ves ont fait durant cette semaine\u00a0?<\/p>\n<p style=\"text-align: justify;\">La semaine des langues, c\u2019est une rencontre multiculturelle entre diff\u00e9rentes langues, diff\u00e9rentes cultures, \u00e0 travers diverses activit\u00e9s autour de la communication dans diff\u00e9rentes langues. Cette notion de diversit\u00e9 est d\u2019une importance capitale pour former nos \u00e9l\u00e8ves et les pr\u00e9parer \u00e0 leurs futures exp\u00e9riences dans de nouveaux pays, ce qui est positivement accueilli par tous.<\/p>\n<p>Allant de la maternelle \u00e0 la terminale, les activit\u00e9s furent nombreuses\u00a0:[\/vc_column_text][\/vc_column][\/vc_row][vc_row][vc_column][vc_separator][\/vc_column][\/vc_row][vc_row][vc_column width=\u00a0\u00bb1\/2&Prime;][vc_column_text]<\/p>\n<p style=\"text-align: justify;\">Des r\u00e9citations de po\u00e9sie en langue fran\u00e7aise ont permi d\u2019illustrer la port\u00e9e de l\u2019apprentissage des \u00e9l\u00e8ves.<\/p>\n<p>[\/vc_column_text][\/vc_column][vc_column width=\u00a0\u00bb1\/2&Prime;][vc_column_text]<\/p>\n<p style=\"text-align: justify;\">De nombreux cours express d\u2019arabe, russe, grec, italien, cr\u00e9ole ha\u00eftien et portugais ont pu ouvrir la voie \u00e0 de nouvelles envies d\u2019apprendre des langues \u00e9trang\u00e8res. Des activit\u00e9s de calligraphie ont accompagn\u00e9 ces cours.<\/p>\n<p>[\/vc_column_text][\/vc_column][\/vc_row][vc_row][vc_column width=\u00a0\u00bb1\/2&Prime;][vc_gallery interval=\u00a0\u00bb3&Prime; images=\u00a0\u00bb10803,10805,10807,10809,10811&Prime; img_size=\u00a0\u00bbmedium\u00a0\u00bb][\/vc_column][vc_column width=\u00a0\u00bb1\/2&Prime;][vc_gallery interval=\u00a0\u00bb3&Prime; images=\u00a0\u00bb10813,10815,10817,10819,10821,10823,10825&Prime; img_size=\u00a0\u00bbmedium\u00a0\u00bb][\/vc_column][\/vc_row][vc_row][vc_column width=\u00a0\u00bb1\/2&Prime;][vc_column_text]<\/p>\n<p style=\"text-align: justify;\">Des pi\u00e8ces de th\u00e9\u00e2tre sur base de sketch ou classique ont \u00e9t\u00e9 jou\u00e9es par les \u00e9l\u00e8ves face aux parents.<\/p>\n<p>[\/vc_column_text][\/vc_column][vc_column width=\u00a0\u00bb1\/2&Prime;][vc_column_text]<\/p>\n<p style=\"text-align: justify;\">Des duels d\u2019\u00e9loquence face \u00e0 un jury compos\u00e9 de 5 membres ont divis\u00e9s les classes de seconde le temps d\u2019un apr\u00e8s-midi, avec pour finalit\u00e9 la victoire des 2F.<\/p>\n<p>[\/vc_column_text][\/vc_column][\/vc_row][vc_row][vc_column width=\u00a0\u00bb1\/2&Prime;][vc_gallery interval=\u00a0\u00bb3&Prime; images=\u00a0\u00bb10827,10829,10831&Prime; img_size=\u00a0\u00bbmedium\u00a0\u00bb][\/vc_column][vc_column width=\u00a0\u00bb1\/2&Prime;][vc_gallery interval=\u00a0\u00bb3&Prime; images=\u00a0\u00bb10833,10835,10837,10839,10841,10843,10845,10847,10849&Prime; img_size=\u00a0\u00bbmedium\u00a0\u00bb][\/vc_column][\/vc_row][vc_row][vc_column width=\u00a0\u00bb1\/2&Prime;][vc_column_text]<\/p>\n<p style=\"text-align: justify;\">Une activit\u00e9 de doublage a \u00e9galement \u00e9t\u00e9 r\u00e9alis\u00e9e sur le film \u00ab\u00a0Isle of Dogs\u00a0\u00bb par les \u00e9l\u00e8ves du secondaire de Chamisero, accompagn\u00e9e d\u2019une exposition r\u00e9alis\u00e9e par les \u00e9l\u00e8ves.<\/p>\n<p>[\/vc_column_text][\/vc_column][vc_column width=\u00a0\u00bb1\/2&Prime;][vc_column_text]<\/p>\n<p style=\"text-align: justify;\">Enfin plusieurs chansons populaires ont \u00e9t\u00e9 interpr\u00e9t\u00e9es par les \u00e9l\u00e8ves du secondaire dans la cours face \u00e0 tous, dans un moment spontan\u00e9 de convivialit\u00e9.<\/p>\n<p>[\/vc_column_text][\/vc_column][\/vc_row][vc_row][vc_column width=\u00a0\u00bb1\/2&Prime;][vc_single_image image=\u00a0\u00bb10851&Prime; img_size=\u00a0\u00bbmedium\u00a0\u00bb alignment=\u00a0\u00bbcenter\u00a0\u00bb][\/vc_column][vc_column width=\u00a0\u00bb1\/2&Prime;][vc_gallery interval=\u00a0\u00bb3&Prime; images=\u00a0\u00bb10853,10855&Prime; img_size=\u00a0\u00bbmedium\u00a0\u00bb][\/vc_column][\/vc_row][vc_row][vc_column][vc_separator][vc_custom_heading text=\u00a0\u00bbLa semaine des langues \u00e0 Chamisero\u00a0\u00bb font_container=\u00a0\u00bbtag:h2|text_align:center\u00a0\u00bb google_fonts=\u00a0\u00bbfont_family:Handlee%3Aregular|font_style:400%20regular%3A400%3Anormal\u00a0\u00bb][\/vc_column][\/vc_row][vc_row][vc_column width=\u00a0\u00bb1\/2&Prime;][vc_column_text]<\/p>\n<p style=\"text-align: justify;\">La\u00a0 Semaine des langues vivantes a pour vocation de mettre en lumi\u00e8re les langues et la diversit\u00e9 linguistique dans les \u00e9coles et les \u00e9tablissements mais aussi en dehors du cadre scolaire. Elle constitue un temps fort pour encourager la pratique des langues. A cette occasion, les \u00e9l\u00e8ves\u00a0 ont r\u00e9alis\u00e9 des affichages, sont all\u00e9s chanter ou raconter des histoires en anglais ou en espagnol aux camarades d&rsquo;autres classes, aussi bien en \u00e9l\u00e9mentaire qu&rsquo;en maternelle. Les parents ont aussi particip\u00e9 \u00e0 cette semaine sp\u00e9ciale en traduisant le mot \u00ab\u00a0Bonjour\u00a0\u00bb dans diff\u00e9rentes langues.<\/p>\n<p>[\/vc_column_text][\/vc_column][vc_column width=\u00a0\u00bb1\/2&Prime;][vc_gallery interval=\u00a0\u00bb3&Prime; images=\u00a0\u00bb11074,11072,11070,11068,11066,11064,11062,11060,11058,11056,11054,11052&Prime; img_size=\u00a0\u00bbmedium\u00a0\u00bb][\/vc_column][\/vc_row][vc_row][vc_column][vc_column_text]<strong>\u00ab\u00a0Here come the sun\u00a0\u00bb(The Beatles) chant\u00e9 par les \u00e9l\u00e8ves de CM1C et CM1D:<\/strong>[\/vc_column_text][vc_video link=\u00a0\u00bbhttps:\/\/vimeo.com\/348224093&Prime;][\/vc_column][\/vc_row][vc_row][vc_column width=\u00a0\u00bb1\/2&Prime;][vc_column_text]<\/p>\n<p>[\/vc_column_text][vc_video link=\u00a0\u00bbhttps:\/\/vimeo.com\/348224056&Prime;][\/vc_column][\/vc_row][vc_column width=\u00a0\u00bb1\/2&Prime;][\/vc_column]<\/p>\n<p><iframe loading=\"lazy\" src=\"https:\/\/player.vimeo.com\/video\/352347169\" width=\"640\" height=\"360\" frameborder=\"0\" allow=\"autoplay; fullscreen\" allowfullscreen><\/iframe><\/p>\n<\/section>","protected":false},"excerpt":{"rendered":"<p>[vc_row][vc_column][vc_column_text] La semaine des langues 2019 vient tout juste de s\u2019achever. Mais concr\u00e8tement, qu\u2019est-ce que les \u00e9l\u00e8ves ont fait durant&nbsp;<a href=\"https:\/\/lafase.cl\/fr\/non-classifiee\/culture-la-semaine-des-langues\/\">&hellip;<\/a><\/p>\n","protected":false},"author":8,"featured_media":10869,"comment_status":"closed","ping_status":"open","sticky":false,"template":"","format":"standard","meta":{"om_disable_all_campaigns":false,"_monsterinsights_skip_tracking":false,"_monsterinsights_sitenote_active":false,"_monsterinsights_sitenote_note":"","_monsterinsights_sitenote_category":0},"categories":[39,8],"tags":[144],"aioseo_notices":[],"_links":{"self":[{"href":"https:\/\/lafase.cl\/fr\/wp-json\/wp\/v2\/posts\/10871"}],"collection":[{"href":"https:\/\/lafase.cl\/fr\/wp-json\/wp\/v2\/posts"}],"about":[{"href":"https:\/\/lafase.cl\/fr\/wp-json\/wp\/v2\/types\/post"}],"author":[{"embeddable":true,"href":"https:\/\/lafase.cl\/fr\/wp-json\/wp\/v2\/users\/8"}],"replies":[{"embeddable":true,"href":"https:\/\/lafase.cl\/fr\/wp-json\/wp\/v2\/comments?post=10871"}],"version-history":[{"count":10,"href":"https:\/\/lafase.cl\/fr\/wp-json\/wp\/v2\/posts\/10871\/revisions"}],"predecessor-version":[{"id":11140,"href":"https:\/\/lafase.cl\/fr\/wp-json\/wp\/v2\/posts\/10871\/revisions\/11140"}],"wp:featuredmedia":[{"embeddable":true,"href":"https:\/\/lafase.cl\/fr\/wp-json\/wp\/v2\/media\/10869"}],"wp:attachment":[{"href":"https:\/\/lafase.cl\/fr\/wp-json\/wp\/v2\/media?parent=10871"}],"wp:term":[{"taxonomy":"category","embeddable":true,"href":"https:\/\/lafase.cl\/fr\/wp-json\/wp\/v2\/categories?post=10871"},{"taxonomy":"post_tag","embeddable":true,"href":"https:\/\/lafase.cl\/fr\/wp-json\/wp\/v2\/tags?post=10871"}],"curies":[{"name":"wp","href":"https:\/\/api.w.org\/{rel}","templated":true}]}}